{"id":2565,"date":"2025-06-25T10:15:38","date_gmt":"2025-06-25T08:15:38","guid":{"rendered":"https:\/\/sillaselevadoras.es\/?p=2565"},"modified":"2025-06-25T10:21:15","modified_gmt":"2025-06-25T08:21:15","slug":"cadiras-salvaescales-desmuntant-mites-i-descobrint-la-veritat","status":"publish","type":"post","link":"https:\/\/sillaselevadoras.es\/ca\/2025\/06\/25\/sillas-salvaescaleras-desmontando-mitos-y-descubriendo-la-verdad\/","title":{"rendered":"Cadira salvaescales: desmuntant mites i descobrint la veritat"},"content":{"rendered":"<div data-elementor-type=\"wp-post\" data-elementor-id=\"2565\" class=\"elementor elementor-2565\" data-elementor-post-type=\"post\">\n\t\t\t\t<div class=\"elementor-element elementor-element-a2457ab e-flex e-con-boxed e-con e-parent\" data-id=\"a2457ab\" data-element_type=\"container\" data-e-type=\"container\">\n\t\t\t\t\t<div class=\"e-con-inner\">\n\t\t\t\t<div class=\"elementor-element elementor-element-180b646c elementor-widget elementor-widget-text-editor\" data-id=\"180b646c\" data-element_type=\"widget\" data-e-type=\"widget\" data-widget_type=\"text-editor.default\">\n\t\t\t\t<div class=\"elementor-widget-container\">\n\t\t\t\t\t\t\t\t\t<p>La <strong>Cadira salvaescales<\/strong> s'ha convertit en una soluci\u00f3 clau per a moltes persones amb mobilitat redu\u00efda. No obstant aix\u00f2, malgrat els seus m\u00faltiples beneficis, segueixen circulant nombrosos mites que generen dubtes i frenen aquells que realment podrien millorar la seva qualitat de vida amb un d'aquests dispositius. En aquest article, t'ajudem a diferenciar entre realitat i ficci\u00f3 perqu\u00e8 puguis prendre una decisi\u00f3 informada i segura.<\/p>\n<p>\u00a0<\/p>\n<p><!-- \/wp:paragraph --><!-- wp:separator --><\/p>\n<hr class=\"wp-block-separator has-alpha-channel-opacity\" \/>\n<p><!-- \/wp:separator --><!-- wp:heading --><\/p>\n<h6>\u00a0<\/h6>\n<h3 id=\"h-mitos-comunes-sobre-las-sillas-salvaescaleras\" class=\"wp-block-heading\"><img decoding=\"async\" class=\"emoji\" role=\"img\" draggable=\"false\" src=\"https:\/\/s.w.org\/images\/core\/emoji\/15.1.0\/svg\/1f9e0.svg\" alt=\"\ud83e\udde0\" \/> Mites comuns sobre les cadires salvaescales<\/h3>\n<p><!-- \/wp:heading --><!-- wp:heading {\"level\":3} --><\/p>\n<h4 id=\"h-las-sillas-salvaescaleras-solo-son-para-personas-mayores\" class=\"wp-block-heading\"><img decoding=\"async\" class=\"emoji\" role=\"img\" draggable=\"false\" src=\"https:\/\/s.w.org\/images\/core\/emoji\/15.1.0\/svg\/274c.svg\" alt=\"\u274c\" \/> \u201cLes cadires salvaescales nom\u00e9s s\u00f3n per a gent gran\u201d<\/h4>\n<p><!-- \/wp:heading --><!-- wp:paragraph --><\/p>\n<p>Aquest \u00e9s un dels mites m\u00e9s comuns. Encara que \u00e9s cert que la gent gran \u00e9s un dels grups que m\u00e9s les utilitzen, les <strong>cadires salvaescales<\/strong> tamb\u00e9 s\u00f3n fonamentals per a persones joves amb lesions temporals o malalties cr\u00f2niques. No tenen edat: estan dissenyades per millorar la <strong>autonomia i la seguretat<\/strong> de qualsevol persona amb mobilitat redu\u00efda.<\/p>\n<p><!-- \/wp:paragraph --><!-- wp:heading {\"level\":3} --><\/p>\n<h4 id=\"h-instalar-una-silla-salvaescaleras-es-una-obra-enorme\" class=\"wp-block-heading\"><img decoding=\"async\" class=\"emoji\" role=\"img\" draggable=\"false\" src=\"https:\/\/s.w.org\/images\/core\/emoji\/15.1.0\/svg\/274c.svg\" alt=\"\u274c\" \/> \u201cInstal\u00b7lar una cadira salvaescales \u00e9s una obra enorme.\u201d<\/h4>\n<p><!-- \/wp:heading --><!-- wp:paragraph --><\/p>\n<p>Fals. La majoria dels models actuals requereixen una <strong>instal\u00b7laci\u00f3 r\u00e0pida i neta<\/strong>, sense necessitat de fer obres estructurals. En poques hores, la teva llar pot estar completament adaptada. Fins i tot existeixen opcions port\u00e0tils o de lloguer que faciliten encara m\u00e9s el proc\u00e9s.<\/p>\n<p><!-- \/wp:paragraph --><!-- wp:heading {\"level\":3} --><\/p>\n<h4 id=\"h-una-silla-salvaescaleras-es-demasiado-cara\" class=\"wp-block-heading\"><img decoding=\"async\" class=\"emoji\" role=\"img\" draggable=\"false\" src=\"https:\/\/s.w.org\/images\/core\/emoji\/15.1.0\/svg\/274c.svg\" alt=\"\u274c\" \/> \u201cUn salvaescales \u00e9s massa car\u201d<\/h4>\n<p><!-- \/wp:heading --><!-- wp:paragraph --><\/p>\n<p>Encara que puguin semblar una despesa elevada al principi, hi ha moltes opcions de <strong>cadira salvaescales barata<\/strong>, plans de finan\u00e7ament i lloguers temporals que les fan molt m\u00e9s accessibles. A m\u00e9s, es tracta d'una inversi\u00f3 en salut, comoditat i qualitat de vida.<\/p>\n<p>\u00a0<\/p>\n<p><!-- \/wp:paragraph --><!-- wp:separator --><\/p>\n<hr class=\"wp-block-separator has-alpha-channel-opacity\" \/>\n<p><!-- \/wp:separator --><!-- wp:heading --><\/p>\n<h6>\u00a0<\/h6>\n<h3 id=\"h-verdades-que-deberias-conocer-sobre-las-sillas-salvaescaleras\" class=\"wp-block-heading\"><img decoding=\"async\" class=\"emoji\" role=\"img\" draggable=\"false\" src=\"https:\/\/s.w.org\/images\/core\/emoji\/15.1.0\/svg\/2705.svg\" alt=\"\u2705\" \/> Veritats que hauries de con\u00e8ixer sobre les cadires salvaescales<\/h3>\n<div>\u00a0<\/div>\n<p><!-- \/wp:heading --><!-- wp:heading {\"level\":3} --><\/p>\n<h4 id=\"h-mejora-inmediata-de-la-calidad-de-vida\" class=\"wp-block-heading\"><img decoding=\"async\" class=\"emoji\" role=\"img\" draggable=\"false\" src=\"https:\/\/s.w.org\/images\/core\/emoji\/15.1.0\/svg\/2714.svg\" alt=\"\u2714\" \/> Millora immediata de la qualitat de vida<\/h4>\n<p><!-- \/wp:heading --><!-- wp:paragraph --><\/p>\n<p>Una <strong>Cadira salvaescales<\/strong> permet als seus usuaris recuperar la independ\u00e8ncia dins de la seva pr\u00f2pia llar. Pujar o baixar escales deixa de ser una barrera f\u00edsica o emocional.<\/p>\n<p><!-- \/wp:paragraph --><!-- wp:heading {\"level\":3} --><\/p>\n<h4 id=\"h-adaptabilidad-a-todo-tipo-de-escaleras\" class=\"wp-block-heading\"><img decoding=\"async\" class=\"emoji\" role=\"img\" draggable=\"false\" src=\"https:\/\/s.w.org\/images\/core\/emoji\/15.1.0\/svg\/2714.svg\" alt=\"\u2714\" \/> Adaptabilitat a tot tipus d'escales<\/h4>\n<p><!-- \/wp:heading --><!-- wp:paragraph --><\/p>\n<p>No importa si la teva escala \u00e9s recta, corba, estreta o en espiral. Existeixen <strong>cadires salvaescales<\/strong> personalitzables per a cada tipus d'habitatge. Amb un estudi t\u00e8cnic gratu\u00eft, com el que oferim a <a class=\"\" href=\"https:\/\/farre.es\">Farre.es<\/a>, es determina el model ideal per al teu cas.<\/p>\n<p><!-- \/wp:paragraph --><!-- wp:heading {\"level\":3} --><\/p>\n<h4 id=\"h-seguridad-ante-todo\" class=\"wp-block-heading\"><img decoding=\"async\" class=\"emoji\" role=\"img\" draggable=\"false\" src=\"https:\/\/s.w.org\/images\/core\/emoji\/15.1.0\/svg\/2714.svg\" alt=\"\u2714\" \/> Seguretat davant de tot<\/h4>\n<p><!-- \/wp:heading --><!-- wp:paragraph --><\/p>\n<p>Les <strong>cadires salvaescales<\/strong> inclouen cinturons, sensors d'obstacles, reposapeus plegables, comandaments ergon\u00f2mics i sistemes d'emerg\u00e8ncia. S\u00f3n productes totalment segurs i certificats per a un \u00fas diari sense preocupacions.<\/p>\n<p>\u00a0<\/p>\n<p><!-- \/wp:paragraph --><!-- wp:separator --><\/p>\n<hr class=\"wp-block-separator has-alpha-channel-opacity\" \/>\n<p><!-- \/wp:separator --><!-- wp:heading --><\/p>\n<h6>\u00a0<\/h6>\n<h3 id=\"h-son-realmente-accesibles-las-sillas-salvaescaleras-baratas\" class=\"wp-block-heading\"><img decoding=\"async\" class=\"emoji\" role=\"img\" draggable=\"false\" src=\"https:\/\/s.w.org\/images\/core\/emoji\/15.1.0\/svg\/1f50e.svg\" alt=\"\ud83d\udd0e\" \/> Les cadires salvaescales barates s\u00f3n realment accessibles?<\/h3>\n<p><!-- \/wp:heading --><!-- wp:paragraph --><\/p>\n<p>S\u00ed. El mercat actual ha evolucionat, i avui \u00e9s possible trobar <strong>cadira salvaescales barata<\/strong> sense renunciar a qualitat ni garanties. Existeixen models b\u00e0sics per a necessitats puntuals o temporals, aix\u00ed com programes de finan\u00e7ament i ajudes governamentals que faciliten la seva adquisici\u00f3.<\/p>\n<p><!-- \/wp:paragraph --><!-- wp:paragraph --><\/p>\n<p>A m\u00e9s, moltes empreses \u2014com la nostra\u2014 ofereixen <strong>lloguers de cadires salvaescales<\/strong> per a per\u00edodes concrets, cosa molt \u00fatil en recuperacions postoperat\u00f2ries o visites llargues de familiars amb mobilitat redu\u00efda.<\/p>\n<p>\u00a0<\/p>\n<p><!-- \/wp:paragraph --><!-- wp:separator --><\/p>\n<hr class=\"wp-block-separator has-alpha-channel-opacity\" \/>\n<p><!-- \/wp:separator --><!-- wp:heading --><\/p>\n<h6>\u00a0<\/h6>\n<h3 id=\"h-comparativa-de-realidades-frente-a-creencias\" class=\"wp-block-heading\"><img decoding=\"async\" class=\"emoji\" role=\"img\" draggable=\"false\" src=\"https:\/\/s.w.org\/images\/core\/emoji\/15.1.0\/svg\/1f4ca.svg\" alt=\"\ud83d\udcca\" \/> Comparaci\u00f3 de realitats davant de creences<\/h3>\n<p><!-- \/wp:heading --><!-- wp:table --><\/p>\n<figure class=\"wp-block-table\">\n<table class=\"has-fixed-layout\">\n<thead>\n<tr>\n<th>Mite<\/th>\n<th>Reialitat<\/th>\n<\/tr>\n<\/thead>\n<tbody>\n<tr>\n<td>Nom\u00e9s per a gent gran<\/td>\n<td>Persones de qualsevol edat es poden beneficiar<\/td>\n<\/tr>\n<tr>\n<td>Instal\u00b7laci\u00f3 complicada<\/td>\n<td>Instal\u00b7laci\u00f3 r\u00e0pida i sense obres<\/td>\n<\/tr>\n<tr>\n<td>S\u00f3n molt cares<\/td>\n<td>Hi ha opcions de <strong>cadira salvaescales barata<\/strong><\/td>\n<\/tr>\n<tr>\n<td>Nom\u00e9s serveixen per a escales rectes<\/td>\n<td>Hi ha models per a tot tipus d'escales<\/td>\n<\/tr>\n<tr>\n<td>S\u00f3n insegures<\/td>\n<td>Incorporen tecnologia avan\u00e7ada de seguretat<\/td>\n<\/tr>\n<\/tbody>\n<\/table>\n<\/figure>\n<p><!-- \/wp:table --><!-- wp:separator --><\/p>\n<p>\u00a0<\/p>\n<hr class=\"wp-block-separator has-alpha-channel-opacity\" \/>\n<p><!-- \/wp:separator --><!-- wp:heading --><\/p>\n<h6>\u00a0<\/h6>\n<h3 id=\"h-testimonios-que-desmontan-mitos\" class=\"wp-block-heading\"><img decoding=\"async\" class=\"emoji\" role=\"img\" draggable=\"false\" src=\"https:\/\/s.w.org\/images\/core\/emoji\/15.1.0\/svg\/1f5e3.svg\" alt=\"\ud83d\udde3\" \/> Testimonis que desmunten mites<\/h3>\n<p><!-- \/wp:heading --><!-- wp:quote --><\/p>\n<blockquote class=\"wp-block-quote\">\n<p><!-- wp:paragraph --><\/p>\n<p>\u201cPens\u00e0vem que instal\u00b7lar una cadira salvaescales a casa seria un caos, per\u00f2 en un mat\u00ed ja estava tot fet. Va ser la millor decisi\u00f3 per a la meva mare.\u201d <em>Mar\u00eda G., Barcelona<\/em><\/p>\n<p><!-- \/wp:paragraph --><\/p>\n<\/blockquote>\n<p><!-- \/wp:quote --><!-- wp:quote --><\/p>\n<blockquote class=\"wp-block-quote\">\n<p><!-- wp:paragraph --><\/p>\n<p>\u201cVaig patir una lesi\u00f3 esportiva i llogar una cadira salvaescales em va ajudar a no dependre de ning\u00fa durant la meva recuperaci\u00f3.\u201d <em>Javier M\u00e1rquez, Girona<\/em><\/p>\n<p><em>\u00a0<\/em><\/p>\n<p><!-- \/wp:paragraph --><\/p>\n<\/blockquote>\n<p><!-- \/wp:quote --><!-- wp:separator --><\/p>\n<hr class=\"wp-block-separator has-alpha-channel-opacity\" \/>\n<h3><!-- \/wp:separator --><!-- wp:heading --><\/h3>\n<h6>\u00a0<\/h6>\n<h3 id=\"h-recursos-recomendados\" class=\"wp-block-heading\"><img decoding=\"async\" class=\"emoji\" role=\"img\" draggable=\"false\" src=\"https:\/\/s.w.org\/images\/core\/emoji\/15.1.0\/svg\/1f4da.svg\" alt=\"\ud83d\udcda\" \/>Recursos recomanats<\/h3>\n<p><!-- \/wp:heading --><!-- wp:paragraph --><\/p>\n<p>Si vols saber m\u00e9s sobre els ajuts disponibles per adaptar la teva llar, pots visitar el portal oficial de l'IMSERSO:<br \/><img decoding=\"async\" class=\"emoji\" role=\"img\" draggable=\"false\" src=\"https:\/\/s.w.org\/images\/core\/emoji\/15.1.0\/svg\/1f517.svg\" alt=\"\ud83d\udd17\" \/><a href=\"http:\/\/mayores.gob.es\"> mayores.gob.es<\/a> \u2014 Informaci\u00f3 institucional sobre envelliment actiu i serveis socials.<\/p>\n<p>\u00a0<\/p>\n<p><!-- \/wp:paragraph --><!-- wp:separator --><\/p>\n<p>\u00a0<\/p>\n<hr class=\"wp-block-separator has-alpha-channel-opacity\" \/>\n<p><!-- \/wp:separator --><!-- wp:heading --><\/p>\n<h6>\u00a0<\/h6>\n<h3 id=\"h-conclusion-una-decision-informada-y-sin-prejuicios\" class=\"wp-block-heading\"><img decoding=\"async\" class=\"emoji\" role=\"img\" draggable=\"false\" src=\"https:\/\/s.w.org\/images\/core\/emoji\/15.1.0\/svg\/1f9e9.svg\" alt=\"\ud83e\udde9\" \/> Conclusi\u00f3: una decisi\u00f3 informada i sense prejudicis<\/h3>\n<p><!-- \/wp:heading --><!-- wp:paragraph --><\/p>\n<p>Trencar els mites que envolten el <strong>Cadira salvaescales<\/strong> \u00e9s clau perqu\u00e8 m\u00e9s persones puguin accedir a una vida c\u00f2moda, aut\u00f2noma i segura. Ja no \u00e9s un producte exclusiu ni inaccessible: \u00e9s una soluci\u00f3 pr\u00e0ctica, moderna i adaptable.<\/p>\n<p><!-- \/wp:paragraph --><!-- wp:paragraph --><\/p>\n<p>Si encara tens dubtes o necessites orientaci\u00f3 personalitzada, recorda que pots comptar amb l'equip d'experts de <a class=\"\" href=\"https:\/\/farre.es\">Farre.es<\/a>, on t'ajudarem des del primer moment fins despr\u00e9s de la instal\u00b7laci\u00f3.<\/p>\n<h6>\u00a0<\/h6>\n<p><!-- \/wp:paragraph --><!-- wp:separator --><\/p>\n<hr class=\"wp-block-separator has-alpha-channel-opacity\" \/>\n<p><!-- \/wp:separator --><!-- wp:paragraph --><\/p>\n<p><!-- \/wp:paragraph --><!-- wp:paragraph --><\/p>\n<h6>\u00a0<\/h6>\n<h3><strong>La teva soluci\u00f3 en mobilitat amb <a href=\"http:\/\/sillaselevadoras.es\/ca\/\">sillaselevadoras.es<\/a><\/strong><\/h3>\n<p><strong><br \/><\/strong>A sillaselevadoras.es sabem com \u00e9s d'important poder moure's amb llibertat i seguretat dins de la teva pr\u00f2pia casa. Per aix\u00f2, t' oferim les millors cadires salvaescales adaptades a les teves necessitats i espai. <img decoding=\"async\" class=\"emoji\" role=\"img\" draggable=\"false\" src=\"https:\/\/s.w.org\/images\/core\/emoji\/15.1.0\/svg\/1f3e1.svg\" alt=\"\ud83c\udfe1\" \/><img decoding=\"async\" class=\"emoji\" role=\"img\" draggable=\"false\" src=\"https:\/\/s.w.org\/images\/core\/emoji\/15.1.0\/svg\/2b06.svg\" alt=\"\u2b06\ufe0f\" \/><img decoding=\"async\" class=\"emoji\" role=\"img\" draggable=\"false\" src=\"https:\/\/s.w.org\/images\/core\/emoji\/15.1.0\/svg\/2b07.svg\" alt=\"\u2b07\ufe0f\" \/><\/p>\n<p>Comprar un salvaescales amb nosaltres \u00e9s apostar per qualitat, professionalitat i un servei que t'acompanya des de la visita t\u00e8cnica fins a molt despr\u00e9s de la instal\u00b7laci\u00f3. Realitzarem un estudi personalitzat gratu\u00eft per valorar la teva escala i recomanar-te el model m\u00e9s adequat.<\/p>\n<p>Amb sillaselevadoras.es disposar\u00e0s de:<br \/><img decoding=\"async\" class=\"emoji\" role=\"img\" draggable=\"false\" src=\"https:\/\/s.w.org\/images\/core\/emoji\/15.1.0\/svg\/1f539.svg\" alt=\"\ud83d\udd39\" \/> Instal\u00b7laci\u00f3 r\u00e0pida, neta i sense mol\u00e8sties.<br \/><img decoding=\"async\" class=\"emoji\" role=\"img\" draggable=\"false\" src=\"https:\/\/s.w.org\/images\/core\/emoji\/15.1.0\/svg\/1f539.svg\" alt=\"\ud83d\udd39\" \/> Productes certificats i amb garantia total.<br \/><img decoding=\"async\" class=\"emoji\" role=\"img\" draggable=\"false\" src=\"https:\/\/s.w.org\/images\/core\/emoji\/15.1.0\/svg\/1f539.svg\" alt=\"\ud83d\udd39\" \/> Servei postvenda i manteniment per a la teva tranquil\u00b7litat.<br \/><img decoding=\"async\" class=\"emoji\" role=\"img\" draggable=\"false\" src=\"https:\/\/s.w.org\/images\/core\/emoji\/15.1.0\/svg\/1f539.svg\" alt=\"\ud83d\udd39\" \/> Facilitats de pagament flexibles i lloguer temporal si ho necessites.<\/p>\n<p>No deixis que les escales limitin la teva independ\u00e8ncia. Contacta avui amb sillaselevadores.es i descobreix com podem millorar la teva qualitat de vida amb una soluci\u00f3 a mida. El teu benestar i seguretat s\u00f3n la nostra prioritat. <img decoding=\"async\" class=\"emoji\" role=\"img\" draggable=\"false\" src=\"https:\/\/s.w.org\/images\/core\/emoji\/15.1.0\/svg\/1f4de.svg\" alt=\"\ud83d\udcde\" \/><img decoding=\"async\" class=\"emoji\" role=\"img\" draggable=\"false\" src=\"https:\/\/s.w.org\/images\/core\/emoji\/15.1.0\/svg\/1f499.svg\" alt=\"\ud83d\udc99\" \/><\/p>\n<p><!-- \/wp:paragraph --><\/p>\t\t\t\t\t\t\t\t<\/div>\n\t\t\t\t<\/div>\n\t\t\t\t\t<\/div>\n\t\t\t\t<\/div>\n\t\t<div class=\"elementor-element elementor-element-0f5511a e-flex e-con-boxed e-con e-parent\" data-id=\"0f5511a\" data-element_type=\"container\" data-e-type=\"container\">\n\t\t\t\t\t<div class=\"e-con-inner\">\n\t\t<div class=\"elementor-element elementor-element-9773086 e-con-full e-flex e-con e-child\" data-id=\"9773086\" data-element_type=\"container\" data-e-type=\"container\">\n\t\t\t\t<div class=\"elementor-element elementor-element-ff56dfe elementor-widget elementor-widget-image\" data-id=\"ff56dfe\" data-element_type=\"widget\" data-e-type=\"widget\" data-widget_type=\"image.default\">\n\t\t\t\t<div class=\"elementor-widget-container\">\n\t\t\t\t\t\t\t\t\t\t\t\t\t\t\t<img fetchpriority=\"high\" decoding=\"async\" width=\"800\" height=\"538\" src=\"https:\/\/sillaselevadoras.es\/wp-content\/uploads\/2024\/05\/Access_BDD_Outdoor-14-1024x689.jpg\" class=\"attachment-large size-large wp-image-2366\" alt=\"\" srcset=\"https:\/\/sillaselevadoras.es\/wp-content\/uploads\/2024\/05\/Access_BDD_Outdoor-14-1024x689.jpg 1024w, https:\/\/sillaselevadoras.es\/wp-content\/uploads\/2024\/05\/Access_BDD_Outdoor-14-300x202.jpg 300w, https:\/\/sillaselevadoras.es\/wp-content\/uploads\/2024\/05\/Access_BDD_Outdoor-14-768x517.jpg 768w, https:\/\/sillaselevadoras.es\/wp-content\/uploads\/2024\/05\/Access_BDD_Outdoor-14-1536x1034.jpg 1536w, https:\/\/sillaselevadoras.es\/wp-content\/uploads\/2024\/05\/Access_BDD_Outdoor-14-2048x1378.jpg 2048w, https:\/\/sillaselevadoras.es\/wp-content\/uploads\/2024\/05\/Access_BDD_Outdoor-14-18x12.jpg 18w\" sizes=\"(max-width: 800px) 100vw, 800px\" \/>\t\t\t\t\t\t\t\t\t\t\t\t\t\t\t<\/div>\n\t\t\t\t<\/div>\n\t\t\t\t<\/div>\n\t\t<div class=\"elementor-element elementor-element-739021d e-con-full e-flex e-con e-child\" data-id=\"739021d\" data-element_type=\"container\" data-e-type=\"container\">\n\t\t<div class=\"elementor-element elementor-element-d83b567 e-con-full e-flex e-con e-child\" data-id=\"d83b567\" data-element_type=\"container\" data-e-type=\"container\">\n\t\t\t\t<div class=\"elementor-element elementor-element-138379a elementor-widget elementor-widget-image\" data-id=\"138379a\" data-element_type=\"widget\" data-e-type=\"widget\" data-widget_type=\"image.default\">\n\t\t\t\t<div class=\"elementor-widget-container\">\n\t\t\t\t\t\t\t\t\t\t\t\t\t\t\t<img decoding=\"async\" width=\"800\" height=\"534\" src=\"https:\/\/sillaselevadoras.es\/wp-content\/uploads\/2024\/05\/Access_BDD_Outdoor-16-1024x683.jpg\" class=\"attachment-large size-large wp-image-2364\" alt=\"\" srcset=\"https:\/\/sillaselevadoras.es\/wp-content\/uploads\/2024\/05\/Access_BDD_Outdoor-16-1024x683.jpg 1024w, https:\/\/sillaselevadoras.es\/wp-content\/uploads\/2024\/05\/Access_BDD_Outdoor-16-300x200.jpg 300w, https:\/\/sillaselevadoras.es\/wp-content\/uploads\/2024\/05\/Access_BDD_Outdoor-16-768x513.jpg 768w, https:\/\/sillaselevadoras.es\/wp-content\/uploads\/2024\/05\/Access_BDD_Outdoor-16-1536x1025.jpg 1536w, https:\/\/sillaselevadoras.es\/wp-content\/uploads\/2024\/05\/Access_BDD_Outdoor-16-2048x1367.jpg 2048w, https:\/\/sillaselevadoras.es\/wp-content\/uploads\/2024\/05\/Access_BDD_Outdoor-16-18x12.jpg 18w\" sizes=\"(max-width: 800px) 100vw, 800px\" \/>\t\t\t\t\t\t\t\t\t\t\t\t\t\t\t<\/div>\n\t\t\t\t<\/div>\n\t\t\t\t<\/div>\n\t\t\t\t<\/div>\n\t\t\t\t\t<\/div>\n\t\t\t\t<\/div>\n\t\t<div class=\"elementor-element elementor-element-1e1c085 e-flex e-con-boxed e-con e-parent\" data-id=\"1e1c085\" data-element_type=\"container\" data-e-type=\"container\">\n\t\t\t\t\t<div class=\"e-con-inner\">\n\t\t\t\t\t<\/div>\n\t\t\t\t<\/div>\n\t\t\t\t<\/div>","protected":false},"excerpt":{"rendered":"<p>La silla salvaescaleras se ha convertido en una soluci\u00f3n clave para muchas personas con movilidad reducida. Sin embargo, a pesar de sus m\u00faltiples beneficios, siguen circulando numerosos mitos que generan dudas y frenan a quienes realmente podr\u00edan mejorar su calidad de vida con uno de estos dispositivos. En este art\u00edculo, te ayudamos a diferenciar entre [&hellip;]<\/p>\n","protected":false},"author":2,"featured_media":2365,"comment_status":"closed","ping_status":"open","sticky":false,"template":"","format":"standard","meta":{"_yoast_wpseo_focuskw":"sillas salvaescaleras","_yoast_wpseo_title":"Sillas salvaescaleras: desmontando mitos y descubriendo la verdad","_yoast_wpseo_metadesc":"Descubre mitos y verdades sobre las sillas salvaescaleras y elige con confianza. Te contamos todo lo que necesitas saber.","_yoast_wpseo_meta-robots-noindex":"","_yoast_wpseo_canonical":"","_yoast_wpseo_opengraph-title":"","_yoast_wpseo_opengraph-description":"","_yoast_wpseo_opengraph-image":"","_yoast_wpseo_twitter-title":"","_yoast_wpseo_twitter-description":"","footnotes":""},"categories":[1],"tags":[],"class_list":["post-2565","post","type-post","status-publish","format-standard","has-post-thumbnail","hentry","category-sin-categoria"],"yoast_head":"<!-- This site is optimized with the Yoast SEO Premium plugin v27.5 (Yoast SEO v27.5) - https:\/\/yoast.com\/product\/yoast-seo-premium-wordpress\/ -->\n<title>Sillas salvaescaleras: desmontando mitos y descubriendo la verdad<\/title>\n<meta name=\"description\" content=\"Descubre mitos y verdades sobre las sillas salvaescaleras y elige con confianza. Te contamos todo lo que necesitas saber.\" \/>\n<meta name=\"robots\" content=\"index, follow, max-snippet:-1, max-image-preview:large, max-video-preview:-1\" \/>\n<link rel=\"canonical\" href=\"https:\/\/sillaselevadoras.es\/ca\/2025\/06\/25\/cadiras-salvaescales-desmuntant-mites-i-descobrint-la-veritat\/\" \/>\n<meta property=\"og:locale\" content=\"ca_ES\" \/>\n<meta property=\"og:type\" content=\"article\" \/>\n<meta property=\"og:title\" content=\"Sillas salvaescaleras: desmontando mitos y descubriendo la verdad\" \/>\n<meta property=\"og:description\" content=\"Descubre mitos y verdades sobre las sillas salvaescaleras y elige con confianza. Te contamos todo lo que necesitas saber.\" \/>\n<meta property=\"og:url\" content=\"https:\/\/sillaselevadoras.es\/ca\/2025\/06\/25\/cadiras-salvaescales-desmuntant-mites-i-descobrint-la-veritat\/\" \/>\n<meta property=\"og:site_name\" content=\"Sillas Elevadoras\" \/>\n<meta property=\"article:published_time\" content=\"2025-06-25T08:15:38+00:00\" \/>\n<meta property=\"article:modified_time\" content=\"2025-06-25T08:21:15+00:00\" \/>\n<meta property=\"og:image\" content=\"https:\/\/sillaselevadoras.es\/wp-content\/uploads\/2024\/05\/Access_BDD_Outdoor-32-scaled.jpg\" \/>\n\t<meta property=\"og:image:width\" content=\"2560\" \/>\n\t<meta property=\"og:image:height\" content=\"1709\" \/>\n\t<meta property=\"og:image:type\" content=\"image\/jpeg\" \/>\n<meta name=\"author\" content=\"Maria\" \/>\n<meta name=\"twitter:card\" content=\"summary_large_image\" \/>\n<meta name=\"twitter:label1\" content=\"Escrit per\" \/>\n\t<meta name=\"twitter:data1\" content=\"Maria\" \/>\n\t<meta name=\"twitter:label2\" content=\"Temps estimat de lectura\" \/>\n\t<meta name=\"twitter:data2\" content=\"9 minuts\" \/>\n<script type=\"application\/ld+json\" class=\"yoast-schema-graph\">{\"@context\":\"https:\\\/\\\/schema.org\",\"@graph\":[{\"@type\":\"Article\",\"@id\":\"https:\\\/\\\/sillaselevadoras.es\\\/2025\\\/06\\\/25\\\/sillas-salvaescaleras-desmontando-mitos-y-descubriendo-la-verdad\\\/#article\",\"isPartOf\":{\"@id\":\"https:\\\/\\\/sillaselevadoras.es\\\/2025\\\/06\\\/25\\\/sillas-salvaescaleras-desmontando-mitos-y-descubriendo-la-verdad\\\/\"},\"author\":{\"name\":\"Maria\",\"@id\":\"https:\\\/\\\/sillaselevadoras.es\\\/#\\\/schema\\\/person\\\/590cb06f8ea2349a9d10c73c7a3fae7f\"},\"headline\":\"Sillas salvaescaleras: desmontando mitos y descubriendo la verdad\",\"datePublished\":\"2025-06-25T08:15:38+00:00\",\"dateModified\":\"2025-06-25T08:21:15+00:00\",\"mainEntityOfPage\":{\"@id\":\"https:\\\/\\\/sillaselevadoras.es\\\/2025\\\/06\\\/25\\\/sillas-salvaescaleras-desmontando-mitos-y-descubriendo-la-verdad\\\/\"},\"wordCount\":873,\"publisher\":{\"@id\":\"https:\\\/\\\/sillaselevadoras.es\\\/#organization\"},\"image\":{\"@id\":\"https:\\\/\\\/sillaselevadoras.es\\\/2025\\\/06\\\/25\\\/sillas-salvaescaleras-desmontando-mitos-y-descubriendo-la-verdad\\\/#primaryimage\"},\"thumbnailUrl\":\"https:\\\/\\\/sillaselevadoras.es\\\/wp-content\\\/uploads\\\/2024\\\/05\\\/Access_BDD_Outdoor-32-scaled.jpg\",\"articleSection\":[\"Sin categor\u00eda\"],\"inLanguage\":\"ca\"},{\"@type\":\"WebPage\",\"@id\":\"https:\\\/\\\/sillaselevadoras.es\\\/2025\\\/06\\\/25\\\/sillas-salvaescaleras-desmontando-mitos-y-descubriendo-la-verdad\\\/\",\"url\":\"https:\\\/\\\/sillaselevadoras.es\\\/2025\\\/06\\\/25\\\/sillas-salvaescaleras-desmontando-mitos-y-descubriendo-la-verdad\\\/\",\"name\":\"Sillas salvaescaleras: desmontando mitos y descubriendo la verdad\",\"isPartOf\":{\"@id\":\"https:\\\/\\\/sillaselevadoras.es\\\/#website\"},\"primaryImageOfPage\":{\"@id\":\"https:\\\/\\\/sillaselevadoras.es\\\/2025\\\/06\\\/25\\\/sillas-salvaescaleras-desmontando-mitos-y-descubriendo-la-verdad\\\/#primaryimage\"},\"image\":{\"@id\":\"https:\\\/\\\/sillaselevadoras.es\\\/2025\\\/06\\\/25\\\/sillas-salvaescaleras-desmontando-mitos-y-descubriendo-la-verdad\\\/#primaryimage\"},\"thumbnailUrl\":\"https:\\\/\\\/sillaselevadoras.es\\\/wp-content\\\/uploads\\\/2024\\\/05\\\/Access_BDD_Outdoor-32-scaled.jpg\",\"datePublished\":\"2025-06-25T08:15:38+00:00\",\"dateModified\":\"2025-06-25T08:21:15+00:00\",\"description\":\"Descubre mitos y verdades sobre las sillas salvaescaleras y elige con confianza. Te contamos todo lo que necesitas saber.\",\"breadcrumb\":{\"@id\":\"https:\\\/\\\/sillaselevadoras.es\\\/2025\\\/06\\\/25\\\/sillas-salvaescaleras-desmontando-mitos-y-descubriendo-la-verdad\\\/#breadcrumb\"},\"inLanguage\":\"ca\",\"potentialAction\":[{\"@type\":\"ReadAction\",\"target\":[\"https:\\\/\\\/sillaselevadoras.es\\\/2025\\\/06\\\/25\\\/sillas-salvaescaleras-desmontando-mitos-y-descubriendo-la-verdad\\\/\"]}]},{\"@type\":\"ImageObject\",\"inLanguage\":\"ca\",\"@id\":\"https:\\\/\\\/sillaselevadoras.es\\\/2025\\\/06\\\/25\\\/sillas-salvaescaleras-desmontando-mitos-y-descubriendo-la-verdad\\\/#primaryimage\",\"url\":\"https:\\\/\\\/sillaselevadoras.es\\\/wp-content\\\/uploads\\\/2024\\\/05\\\/Access_BDD_Outdoor-32-scaled.jpg\",\"contentUrl\":\"https:\\\/\\\/sillaselevadoras.es\\\/wp-content\\\/uploads\\\/2024\\\/05\\\/Access_BDD_Outdoor-32-scaled.jpg\",\"width\":2560,\"height\":1709},{\"@type\":\"BreadcrumbList\",\"@id\":\"https:\\\/\\\/sillaselevadoras.es\\\/2025\\\/06\\\/25\\\/sillas-salvaescaleras-desmontando-mitos-y-descubriendo-la-verdad\\\/#breadcrumb\",\"itemListElement\":[{\"@type\":\"ListItem\",\"position\":1,\"name\":\"Portada\",\"item\":\"https:\\\/\\\/sillaselevadoras.es\\\/\"},{\"@type\":\"ListItem\",\"position\":2,\"name\":\"Sillas salvaescaleras: desmontando mitos y descubriendo la verdad\"}]},{\"@type\":\"WebSite\",\"@id\":\"https:\\\/\\\/sillaselevadoras.es\\\/#website\",\"url\":\"https:\\\/\\\/sillaselevadoras.es\\\/\",\"name\":\"Sillas Elevadoras\",\"description\":\"Sillas salvaescaleras\",\"publisher\":{\"@id\":\"https:\\\/\\\/sillaselevadoras.es\\\/#organization\"},\"potentialAction\":[{\"@type\":\"SearchAction\",\"target\":{\"@type\":\"EntryPoint\",\"urlTemplate\":\"https:\\\/\\\/sillaselevadoras.es\\\/?s={search_term_string}\"},\"query-input\":{\"@type\":\"PropertyValueSpecification\",\"valueRequired\":true,\"valueName\":\"search_term_string\"}}],\"inLanguage\":\"ca\"},{\"@type\":\"Organization\",\"@id\":\"https:\\\/\\\/sillaselevadoras.es\\\/#organization\",\"name\":\"Sillas Elevadoras\",\"url\":\"https:\\\/\\\/sillaselevadoras.es\\\/\",\"logo\":{\"@type\":\"ImageObject\",\"inLanguage\":\"ca\",\"@id\":\"https:\\\/\\\/sillaselevadoras.es\\\/#\\\/schema\\\/logo\\\/image\\\/\",\"url\":\"https:\\\/\\\/sillaselevadoras.es\\\/wp-content\\\/uploads\\\/2023\\\/12\\\/Sillas-elevadoras-Logo-72-ppp-1.png\",\"contentUrl\":\"https:\\\/\\\/sillaselevadoras.es\\\/wp-content\\\/uploads\\\/2023\\\/12\\\/Sillas-elevadoras-Logo-72-ppp-1.png\",\"width\":842,\"height\":596,\"caption\":\"Sillas Elevadoras\"},\"image\":{\"@id\":\"https:\\\/\\\/sillaselevadoras.es\\\/#\\\/schema\\\/logo\\\/image\\\/\"}},{\"@type\":\"Person\",\"@id\":\"https:\\\/\\\/sillaselevadoras.es\\\/#\\\/schema\\\/person\\\/590cb06f8ea2349a9d10c73c7a3fae7f\",\"name\":\"Maria\",\"image\":{\"@type\":\"ImageObject\",\"inLanguage\":\"ca\",\"@id\":\"https:\\\/\\\/secure.gravatar.com\\\/avatar\\\/8f3d95313af2e174e75a281493f4511eb2b8217150d937dfcd60313a9c85d91e?s=96&d=mm&r=g\",\"url\":\"https:\\\/\\\/secure.gravatar.com\\\/avatar\\\/8f3d95313af2e174e75a281493f4511eb2b8217150d937dfcd60313a9c85d91e?s=96&d=mm&r=g\",\"contentUrl\":\"https:\\\/\\\/secure.gravatar.com\\\/avatar\\\/8f3d95313af2e174e75a281493f4511eb2b8217150d937dfcd60313a9c85d91e?s=96&d=mm&r=g\",\"caption\":\"Maria\"},\"url\":\"https:\\\/\\\/sillaselevadoras.es\\\/ca\\\/author\\\/maria\\\/\"}]}<\/script>\n<!-- \/ Yoast SEO Premium plugin. -->","yoast_head_json":{"title":"Cadira salvaescales: desmuntant mites i descobrint la veritat","description":"Descobreix mites i veritats sobre les cadires salvaescales i tria amb confian\u00e7a. T'expliquem tot el que necessites saber.","robots":{"index":"index","follow":"follow","max-snippet":"max-snippet:-1","max-image-preview":"max-image-preview:large","max-video-preview":"max-video-preview:-1"},"canonical":"https:\/\/sillaselevadoras.es\/ca\/2025\/06\/25\/cadiras-salvaescales-desmuntant-mites-i-descobrint-la-veritat\/","og_locale":"ca_ES","og_type":"article","og_title":"Sillas salvaescaleras: desmontando mitos y descubriendo la verdad","og_description":"Descubre mitos y verdades sobre las sillas salvaescaleras y elige con confianza. Te contamos todo lo que necesitas saber.","og_url":"https:\/\/sillaselevadoras.es\/ca\/2025\/06\/25\/cadiras-salvaescales-desmuntant-mites-i-descobrint-la-veritat\/","og_site_name":"Sillas Elevadoras","article_published_time":"2025-06-25T08:15:38+00:00","article_modified_time":"2025-06-25T08:21:15+00:00","og_image":[{"width":2560,"height":1709,"url":"https:\/\/sillaselevadoras.es\/wp-content\/uploads\/2024\/05\/Access_BDD_Outdoor-32-scaled.jpg","type":"image\/jpeg"}],"author":"Maria","twitter_card":"summary_large_image","twitter_misc":{"Escrit per":"Maria","Temps estimat de lectura":"9 minuts"},"schema":{"@context":"https:\/\/schema.org","@graph":[{"@type":"Article","@id":"https:\/\/sillaselevadoras.es\/2025\/06\/25\/sillas-salvaescaleras-desmontando-mitos-y-descubriendo-la-verdad\/#article","isPartOf":{"@id":"https:\/\/sillaselevadoras.es\/2025\/06\/25\/sillas-salvaescaleras-desmontando-mitos-y-descubriendo-la-verdad\/"},"author":{"name":"Maria","@id":"https:\/\/sillaselevadoras.es\/#\/schema\/person\/590cb06f8ea2349a9d10c73c7a3fae7f"},"headline":"Sillas salvaescaleras: desmontando mitos y descubriendo la verdad","datePublished":"2025-06-25T08:15:38+00:00","dateModified":"2025-06-25T08:21:15+00:00","mainEntityOfPage":{"@id":"https:\/\/sillaselevadoras.es\/2025\/06\/25\/sillas-salvaescaleras-desmontando-mitos-y-descubriendo-la-verdad\/"},"wordCount":873,"publisher":{"@id":"https:\/\/sillaselevadoras.es\/#organization"},"image":{"@id":"https:\/\/sillaselevadoras.es\/2025\/06\/25\/sillas-salvaescaleras-desmontando-mitos-y-descubriendo-la-verdad\/#primaryimage"},"thumbnailUrl":"https:\/\/sillaselevadoras.es\/wp-content\/uploads\/2024\/05\/Access_BDD_Outdoor-32-scaled.jpg","articleSection":["Sin categor\u00eda"],"inLanguage":"ca"},{"@type":"WebPage","@id":"https:\/\/sillaselevadoras.es\/2025\/06\/25\/sillas-salvaescaleras-desmontando-mitos-y-descubriendo-la-verdad\/","url":"https:\/\/sillaselevadoras.es\/2025\/06\/25\/sillas-salvaescaleras-desmontando-mitos-y-descubriendo-la-verdad\/","name":"Cadira salvaescales: desmuntant mites i descobrint la veritat","isPartOf":{"@id":"https:\/\/sillaselevadoras.es\/#website"},"primaryImageOfPage":{"@id":"https:\/\/sillaselevadoras.es\/2025\/06\/25\/sillas-salvaescaleras-desmontando-mitos-y-descubriendo-la-verdad\/#primaryimage"},"image":{"@id":"https:\/\/sillaselevadoras.es\/2025\/06\/25\/sillas-salvaescaleras-desmontando-mitos-y-descubriendo-la-verdad\/#primaryimage"},"thumbnailUrl":"https:\/\/sillaselevadoras.es\/wp-content\/uploads\/2024\/05\/Access_BDD_Outdoor-32-scaled.jpg","datePublished":"2025-06-25T08:15:38+00:00","dateModified":"2025-06-25T08:21:15+00:00","description":"Descobreix mites i veritats sobre les cadires salvaescales i tria amb confian\u00e7a. T'expliquem tot el que necessites saber.","breadcrumb":{"@id":"https:\/\/sillaselevadoras.es\/2025\/06\/25\/sillas-salvaescaleras-desmontando-mitos-y-descubriendo-la-verdad\/#breadcrumb"},"inLanguage":"ca","potentialAction":[{"@type":"ReadAction","target":["https:\/\/sillaselevadoras.es\/2025\/06\/25\/sillas-salvaescaleras-desmontando-mitos-y-descubriendo-la-verdad\/"]}]},{"@type":"ImageObject","inLanguage":"ca","@id":"https:\/\/sillaselevadoras.es\/2025\/06\/25\/sillas-salvaescaleras-desmontando-mitos-y-descubriendo-la-verdad\/#primaryimage","url":"https:\/\/sillaselevadoras.es\/wp-content\/uploads\/2024\/05\/Access_BDD_Outdoor-32-scaled.jpg","contentUrl":"https:\/\/sillaselevadoras.es\/wp-content\/uploads\/2024\/05\/Access_BDD_Outdoor-32-scaled.jpg","width":2560,"height":1709},{"@type":"BreadcrumbList","@id":"https:\/\/sillaselevadoras.es\/2025\/06\/25\/sillas-salvaescaleras-desmontando-mitos-y-descubriendo-la-verdad\/#breadcrumb","itemListElement":[{"@type":"ListItem","position":1,"name":"Portada","item":"https:\/\/sillaselevadoras.es\/"},{"@type":"ListItem","position":2,"name":"Sillas salvaescaleras: desmontando mitos y descubriendo la verdad"}]},{"@type":"WebSite","@id":"https:\/\/sillaselevadoras.es\/#website","url":"https:\/\/sillaselevadoras.es\/","name":"Cadira salvaescales","description":"Cadiretes salvaescales","publisher":{"@id":"https:\/\/sillaselevadoras.es\/#organization"},"potentialAction":[{"@type":"SearchAction","target":{"@type":"EntryPoint","urlTemplate":"https:\/\/sillaselevadoras.es\/?s={search_term_string}"},"query-input":{"@type":"PropertyValueSpecification","valueRequired":true,"valueName":"search_term_string"}}],"inLanguage":"ca"},{"@type":"Organization","@id":"https:\/\/sillaselevadoras.es\/#organization","name":"Cadira salvaescales","url":"https:\/\/sillaselevadoras.es\/","logo":{"@type":"ImageObject","inLanguage":"ca","@id":"https:\/\/sillaselevadoras.es\/#\/schema\/logo\/image\/","url":"https:\/\/sillaselevadoras.es\/wp-content\/uploads\/2023\/12\/Sillas-elevadoras-Logo-72-ppp-1.png","contentUrl":"https:\/\/sillaselevadoras.es\/wp-content\/uploads\/2023\/12\/Sillas-elevadoras-Logo-72-ppp-1.png","width":842,"height":596,"caption":"Sillas Elevadoras"},"image":{"@id":"https:\/\/sillaselevadoras.es\/#\/schema\/logo\/image\/"}},{"@type":"Person","@id":"https:\/\/sillaselevadoras.es\/#\/schema\/person\/590cb06f8ea2349a9d10c73c7a3fae7f","name":"Maria","image":{"@type":"ImageObject","inLanguage":"ca","@id":"https:\/\/secure.gravatar.com\/avatar\/8f3d95313af2e174e75a281493f4511eb2b8217150d937dfcd60313a9c85d91e?s=96&d=mm&r=g","url":"https:\/\/secure.gravatar.com\/avatar\/8f3d95313af2e174e75a281493f4511eb2b8217150d937dfcd60313a9c85d91e?s=96&d=mm&r=g","contentUrl":"https:\/\/secure.gravatar.com\/avatar\/8f3d95313af2e174e75a281493f4511eb2b8217150d937dfcd60313a9c85d91e?s=96&d=mm&r=g","caption":"Maria"},"url":"https:\/\/sillaselevadoras.es\/ca\/author\/maria\/"}]}},"_links":{"self":[{"href":"https:\/\/sillaselevadoras.es\/ca\/wp-json\/wp\/v2\/posts\/2565","targetHints":{"allow":["GET"]}}],"collection":[{"href":"https:\/\/sillaselevadoras.es\/ca\/wp-json\/wp\/v2\/posts"}],"about":[{"href":"https:\/\/sillaselevadoras.es\/ca\/wp-json\/wp\/v2\/types\/post"}],"author":[{"embeddable":true,"href":"https:\/\/sillaselevadoras.es\/ca\/wp-json\/wp\/v2\/users\/2"}],"replies":[{"embeddable":true,"href":"https:\/\/sillaselevadoras.es\/ca\/wp-json\/wp\/v2\/comments?post=2565"}],"version-history":[{"count":19,"href":"https:\/\/sillaselevadoras.es\/ca\/wp-json\/wp\/v2\/posts\/2565\/revisions"}],"predecessor-version":[{"id":2586,"href":"https:\/\/sillaselevadoras.es\/ca\/wp-json\/wp\/v2\/posts\/2565\/revisions\/2586"}],"wp:featuredmedia":[{"embeddable":true,"href":"https:\/\/sillaselevadoras.es\/ca\/wp-json\/wp\/v2\/media\/2365"}],"wp:attachment":[{"href":"https:\/\/sillaselevadoras.es\/ca\/wp-json\/wp\/v2\/media?parent=2565"}],"wp:term":[{"taxonomy":"category","embeddable":true,"href":"https:\/\/sillaselevadoras.es\/ca\/wp-json\/wp\/v2\/categories?post=2565"},{"taxonomy":"post_tag","embeddable":true,"href":"https:\/\/sillaselevadoras.es\/ca\/wp-json\/wp\/v2\/tags?post=2565"}],"curies":[{"name":"wp","href":"https:\/\/api.w.org\/{rel}","templated":true}]}}