{"id":2587,"date":"2025-06-30T15:30:13","date_gmt":"2025-06-30T13:30:13","guid":{"rendered":"https:\/\/sillaselevadoras.es\/?p=2587"},"modified":"2025-06-30T16:48:47","modified_gmt":"2025-06-30T14:48:47","slug":"cadires-salvaescales-accessibilitat-per-a-tothom-aquest-estiu","status":"publish","type":"post","link":"https:\/\/sillaselevadoras.es\/ca\/2025\/06\/30\/sillas-salvaescaleras-accesibilidad-para-todos-este-verano\/","title":{"rendered":"Cadires salvaescales: accessibilitat per a tothom aquest estiu"},"content":{"rendered":"<div data-elementor-type=\"wp-post\" data-elementor-id=\"2587\" class=\"elementor elementor-2587\" data-elementor-post-type=\"post\">\n\t\t\t\t<div class=\"elementor-element elementor-element-a2457ab e-flex e-con-boxed e-con e-parent\" data-id=\"a2457ab\" data-element_type=\"container\" data-e-type=\"container\">\n\t\t\t\t\t<div class=\"e-con-inner\">\n\t\t\t\t<div class=\"elementor-element elementor-element-180b646c elementor-widget elementor-widget-text-editor\" data-id=\"180b646c\" data-element_type=\"widget\" data-e-type=\"widget\" data-widget_type=\"text-editor.default\">\n\t\t\t\t<div class=\"elementor-widget-container\">\n\t\t\t\t\t\t\t\t\t<h3 data-start=\"815\" data-end=\"874\">Per qu\u00e8 pensar en una cadira salvaescales aquest estiu?<\/h3>\n<p data-start=\"876\" data-end=\"1262\">L'estiu \u00e9s una \u00e8poca en qu\u00e8 moltes persones grans o amb mobilitat redu\u00efda desitgen gaudir m\u00e9s de la seva llar o segones resid\u00e8ncies. No obstant aix\u00f2, les escales poden ser un gran obstacle si no es disposa d'una ajuda adequada. Un <strong data-start=\"1115\" data-end=\"1139\">Cadira salvaescales<\/strong> proporciona acc\u00e9s segur a totes les plantes de l'habitatge sense esfor\u00e7 f\u00edsic, evitant caigudes o situacions de risc.<\/p>\n<p data-start=\"1264\" data-end=\"1418\">Instal\u00b7lar una cadira salvaescales no nom\u00e9s \u00e9s una mesura pr\u00e0ctica, sin\u00f3 tamb\u00e9 una forma de <strong data-start=\"1356\" data-end=\"1386\">recuperar la independ\u00e8ncia<\/strong> i millorar el benestar general.<\/p>\n<hr data-start=\"1420\" data-end=\"1423\" \/>\n<h3 data-start=\"1425\" data-end=\"1475\">Avantatges dels seients salvaescales a l'estiu<\/h3>\n<h4 data-start=\"1477\" data-end=\"1511\"><img decoding=\"async\" class=\"emoji\" role=\"img\" draggable=\"false\" src=\"https:\/\/s.w.org\/images\/core\/emoji\/15.1.0\/svg\/1f31e.svg\" alt=\"\ud83c\udf1e\" \/> Comoditat en dies calorosos<\/h4>\n<p data-start=\"1513\" data-end=\"1687\">Pujar escales a l'estiu pot resultar encara m\u00e9s esgotador a causa de la calor. Una cadira salvaescales evita aquest esfor\u00e7, oferint despla\u00e7aments frescos i sense sobresalts.<\/p>\n<h4 data-start=\"1689\" data-end=\"1732\"><img decoding=\"async\" class=\"emoji\" role=\"img\" draggable=\"false\" src=\"https:\/\/s.w.org\/images\/core\/emoji\/15.1.0\/svg\/1f3e0.svg\" alt=\"\ud83c\udfe0\" \/> Retroba\u00adments familiars sense barreres<\/h4>\n<p data-start=\"1734\" data-end=\"1960\">Durant els mesos d'estiu, \u00e9s habitual rebre familiars o amics. Les <strong data-start=\"1810\" data-end=\"1835\">cadires salvaescales<\/strong> garanteixen que tothom, inclosos gent gran o persones amb mobilitat redu\u00efda, pugui moure's per casa teva sense restriccions.<\/p>\n<h4 data-start=\"1962\" data-end=\"2000\"><img decoding=\"async\" class=\"emoji\" role=\"img\" draggable=\"false\" src=\"https:\/\/s.w.org\/images\/core\/emoji\/15.1.0\/svg\/1f6e0.svg\" alt=\"\ud83d\udee0\ufe0f\" \/> Instal\u00b7laci\u00f3 r\u00e0pida i sense obres<\/h4>\n<p data-start=\"2002\" data-end=\"2176\">Les cadires salvaescales modernes s'instal\u00b7len en poques hores i no requereixen reformes complexes. Aix\u00ed podr\u00e0s comen\u00e7ar a utilitzar-les en temps r\u00e8cord, just quan m\u00e9s ho necessites.<\/p>\n<hr data-start=\"2178\" data-end=\"2181\" \/>\n<h3 data-start=\"2183\" data-end=\"2230\">Quin tipus de cadira salvaescales necessites?<\/h3>\n<p data-start=\"2232\" data-end=\"2427\">A sillaselevadoras.es comptem amb una \u00e0mplia gamma d'opcions. Des de models per a escales rectes fins a solucions per a trams corbs o exteriors, ens adaptem a les teves necessitats espec\u00edfiques.<\/p>\n<h4 data-start=\"2429\" data-end=\"2461\">Cadira salvaescales recta<\/h4>\n<p data-start=\"2463\" data-end=\"2548\">Ideals per a escales sense corbes. S\u00f3n m\u00e9s assequibles i la seva instal\u00b7laci\u00f3 \u00e9s m\u00e9s r\u00e0pida.<\/p>\n<h4 data-start=\"2550\" data-end=\"2582\">Cadires salvaescales corbes<\/h4>\n<p data-start=\"2584\" data-end=\"2697\">Dissenyades per a escales amb revoltons o replans. Es fabriquen a mida per encaixar perfectament en el teu espai.<\/p>\n<h4 data-start=\"2699\" data-end=\"2735\">Cadira salvaescales exterior<\/h4>\n<p data-start=\"2737\" data-end=\"2819\">Resistents a la intemp\u00e8rie, perfectes per a jardins, patis o accessos exteriors.<\/p>\n<blockquote data-start=\"2821\" data-end=\"2889\">\n<p data-start=\"2823\" data-end=\"2889\"><img decoding=\"async\" class=\"emoji\" role=\"img\" draggable=\"false\" src=\"https:\/\/s.w.org\/images\/core\/emoji\/15.1.0\/svg\/1f4cc.svg\" alt=\"\ud83d\udccc\" \/> Aqu\u00ed podeu trobar les diferents opcions que us oferim: <a class=\"\" href=\"https:\/\/sillaselevadoras.es\/ca\/\" target=\"_new\" rel=\"noopener\" data-start=\"2839\" data-end=\"2889\">sillaselevadoras.es<\/a><\/p>\n<\/blockquote>\n<hr data-start=\"2891\" data-end=\"2894\" \/>\n<h3 data-start=\"2896\" data-end=\"2938\">Hi ha cadires salvaescales barates?<\/h3>\n<p data-start=\"2940\" data-end=\"3230\">S\u00ed, avui dia \u00e9s possible trobar <strong data-start=\"2976\" data-end=\"3009\">cadira salvaescales barata<\/strong> sense renunciar a la qualitat. A sillaselevadoras.es t'oferim diferents opcions ajustades al teu pressupost, aix\u00ed com modalitats de <strong data-start=\"3145\" data-end=\"3166\">lloguer temporal<\/strong>, plans de finan\u00e7ament sense interessos i promocions especials.<\/p>\n<p data-start=\"3232\" data-end=\"3464\">A m\u00e9s, pots sol\u00b7licitar un <strong data-start=\"3260\" data-end=\"3288\">estudi t\u00e8cnic gratu\u00eft<\/strong> per valorar el vostre cas sense comprom\u00eds. Comprar un <strong data-start=\"3338\" data-end=\"3369\">cadira salvaescales barata<\/strong> \u00e9s m\u00e9s senzill del que penses, especialment amb el suport d'una empresa especialitzada.<\/p>\n<hr data-start=\"3466\" data-end=\"3469\" \/>\n<h3 data-start=\"3471\" data-end=\"3518\">Una cadira salvaescales beneficia principalment a aquelles persones que tenen dificultats per pujar o baixar escales, com ara:\n\n*   **Persones grans:** Amb l'edat, la mobilitat pot disminuir i pujar escales pot ser un esfor\u00e7 considerable o fins i tot perill\u00f3s.\n*   **Persones amb discapacitats f\u00edsiques:** Afeccions com l'artritis, problemes de mobilitat a les cames o esquena, o altres limitacions f\u00edsiques poden fer que les escales siguin una barrera.\n*   **Persones amb lesions temporals:** Despr\u00e9s d'una operaci\u00f3 o una lesi\u00f3, mentre es recuperen, una cadira salvaescales pot ser una ajuda indispensable.\n*   **Persones amb malalties cr\u00f2niques:** Algunes malalties afecten la resist\u00e8ncia o la for\u00e7a muscular, fent que l'\u00fas d'escales sigui esgotador o impossible.\n*   **Familiars o cuidadors:** Tamb\u00e9 beneficia indirectament les persones que cuiden o conviuen amb alg\u00fa amb mobilitat redu\u00efda, ja que facilita el seu despla\u00e7ament per la llar.\n\nEn resum, una cadira salvaescales permet a aquestes persones mantenir la seva independ\u00e8ncia i autonomia a casa, evitant accidents i millorant la seva qualitat de vida en eliminar una de les principals barreres arquitect\u00f2niques.<\/h3>\n<ul data-start=\"3520\" data-end=\"3799\">\n<li data-start=\"3520\" data-end=\"3595\">\n<p data-start=\"3522\" data-end=\"3595\">Persones grans que desitgen continuar vivint a casa seva sense limitacions.<\/p>\n<\/li>\n<li data-start=\"3596\" data-end=\"3652\">\n<p data-start=\"3598\" data-end=\"3652\">Usuaris amb mobilitat redu\u00efda temporal o permanent.<\/p>\n<\/li>\n<li data-start=\"3653\" data-end=\"3722\">\n<p data-start=\"3655\" data-end=\"3722\">Cuidadors que busquen facilitar el dia a dia dels seus \u00e9ssers estimats.<\/p>\n<\/li>\n<li data-start=\"3723\" data-end=\"3799\">\n<p data-start=\"3725\" data-end=\"3799\">Fam\u00edlies que volen adaptar el seu habitatge per rebre visites aquest estiu.<\/p>\n<\/li>\n<\/ul>\n<hr data-start=\"3801\" data-end=\"3804\" \/>\n<h3 data-start=\"3806\" data-end=\"3853\">Accessibilitat universal: un dret de tothom<\/h3>\n<p data-start=\"3855\" data-end=\"4235\">Promoure entorns accessibles no \u00e9s nom\u00e9s una millora individual, sin\u00f3 tamb\u00e9 una responsabilitat social. Les <strong data-start=\"3963\" data-end=\"3988\">cadires salvaescales<\/strong> permeten que qualsevol persona, independentment de la seva edat o condici\u00f3, gaudeixi de l'espai sense barreres. Aquest tipus de solucions no nom\u00e9s estan pensades per a habitatges particulars, sin\u00f3 tamb\u00e9 per a comunitats, centres de dia o resid\u00e8ncies.<\/p>\n<blockquote data-start=\"4237\" data-end=\"4457\">\n<p data-start=\"4239\" data-end=\"4457\"><img decoding=\"async\" class=\"emoji\" role=\"img\" draggable=\"false\" src=\"https:\/\/s.w.org\/images\/core\/emoji\/15.1.0\/svg\/1f517.svg\" alt=\"\ud83d\udd17\" \/> Font externa: <a class=\"cursor-pointer\" target=\"_new\" rel=\"noopener\" data-start=\"4258\" data-end=\"4457\">Consells d'accessibilitat per a la gent gran <\/a><a href=\"http:\/\/cuidateplus.marca.com\">cuidateplus.marca.com<\/a><\/p>\n<\/blockquote>\n<hr data-start=\"4459\" data-end=\"4462\" \/>\n<h3 data-start=\"4464\" data-end=\"4508\">Com triar la millor cadira salvaescales<\/h3>\n<ol data-start=\"4510\" data-end=\"4903\">\n<li data-start=\"4510\" data-end=\"4568\">\n<p data-start=\"4513\" data-end=\"4568\"><strong data-start=\"4513\" data-end=\"4543\">Evaluar el tipus d'escala<\/strong>recta, corba, exterior\u2026<\/p>\n<\/li>\n<li data-start=\"4569\" data-end=\"4635\">\n<p data-start=\"4572\" data-end=\"4635\"><strong data-start=\"4572\" data-end=\"4592\">Pensa en l'\u00fas<\/strong>: permanent, temporal o compartit.<\/p>\n<\/li>\n<li data-start=\"4636\" data-end=\"4741\">\n<p data-start=\"4639\" data-end=\"4741\"><strong data-start=\"4639\" data-end=\"4671\">Consulta amb un especialista<\/strong>A sillaselevadoras.es fem visites gratu\u00eftes per assessorar-te.<\/p>\n<\/li>\n<li data-start=\"4742\" data-end=\"4903\">\n<p data-start=\"4745\" data-end=\"4903\"><strong data-start=\"4745\" data-end=\"4776\">Compara preus i serveis<\/strong>no nom\u00e9s busquis <strong data-start=\"4794\" data-end=\"4827\">cadira salvaescales barata<\/strong>, fixa't tamb\u00e9 en la qualitat del producte, garanties i servei postvenda.<\/p>\n<\/li>\n<\/ol>\n<hr data-start=\"4905\" data-end=\"4908\" \/>\n<p data-start=\"4945\" data-end=\"5518\"><strong data-start=\"4945\" data-end=\"4997\">La teva soluci\u00f3 en mobilitat amb sillaselevadoras.es<\/strong><\/p>\n<p data-start=\"4945\" data-end=\"5518\"><br data-start=\"4997\" data-end=\"5000\" \/>A sillaselevadoras.es sabem com \u00e9s d'important poder moure's amb llibertat i seguretat dins de la teva pr\u00f2pia casa. Per aix\u00f2, t'oferim les millors <strong data-start=\"5151\" data-end=\"5176\">cadires salvaescales<\/strong> adaptades a les teves necessitats i espai. <img decoding=\"async\" class=\"emoji\" role=\"img\" draggable=\"false\" src=\"https:\/\/s.w.org\/images\/core\/emoji\/15.1.0\/svg\/1f3e1.svg\" alt=\"\ud83c\udfe1\" \/><img decoding=\"async\" class=\"emoji\" role=\"img\" draggable=\"false\" src=\"https:\/\/s.w.org\/images\/core\/emoji\/15.1.0\/svg\/2b06.svg\" alt=\"\u2b06\ufe0f\" \/><img decoding=\"async\" class=\"emoji\" role=\"img\" draggable=\"false\" src=\"https:\/\/s.w.org\/images\/core\/emoji\/15.1.0\/svg\/2b07.svg\" alt=\"\u2b07\ufe0f\" \/><\/p>\n<p data-start=\"4945\" data-end=\"5518\"><br data-start=\"5222\" data-end=\"5225\" \/>Comprar una <strong data-start=\"5237\" data-end=\"5261\">Cadira salvaescales<\/strong> amb nosaltres \u00e9s apostar per qualitat, professionalitat i un servei que t'acompanya des de la visita t\u00e8cnica fins molt despr\u00e9s de la instal\u00b7laci\u00f3. Realitzarem un estudi personalitzat gratu\u00eft per valorar la teva escala i recomanar-te el model m\u00e9s adequat.<\/p>\n<p data-start=\"5520\" data-end=\"5793\">Amb sillaselevadoras.es disposar\u00e0s de:<br data-start=\"5558\" data-end=\"5561\" \/><img decoding=\"async\" class=\"emoji\" role=\"img\" draggable=\"false\" src=\"https:\/\/s.w.org\/images\/core\/emoji\/15.1.0\/svg\/1f539.svg\" alt=\"\ud83d\udd39\" \/> Instal\u00b7laci\u00f3 r\u00e0pida, neta i sense mol\u00e8sties.<br data-start=\"5607\" data-end=\"5610\" \/><img decoding=\"async\" class=\"emoji\" role=\"img\" draggable=\"false\" src=\"https:\/\/s.w.org\/images\/core\/emoji\/15.1.0\/svg\/1f539.svg\" alt=\"\ud83d\udd39\" \/> Productes certificats i amb garantia total.<br data-start=\"5657\" data-end=\"5660\" \/><img decoding=\"async\" class=\"emoji\" role=\"img\" draggable=\"false\" src=\"https:\/\/s.w.org\/images\/core\/emoji\/15.1.0\/svg\/1f539.svg\" alt=\"\ud83d\udd39\" \/> Servei postvenda i manteniment per a la teva tranquil\u00b7litat.<br data-start=\"5719\" data-end=\"5722\" \/><img decoding=\"async\" class=\"emoji\" role=\"img\" draggable=\"false\" src=\"https:\/\/s.w.org\/images\/core\/emoji\/15.1.0\/svg\/1f539.svg\" alt=\"\ud83d\udd39\" \/> Facilitats de pagament flexibles i lloguer temporal si ho necessites.<\/p>\n<p data-start=\"5795\" data-end=\"6015\">No deixis que les escales limitin la teva independ\u00e8ncia. Contacta avui amb sillaselevadores.es i descobreix com podem millorar la teva qualitat de vida amb una soluci\u00f3 a mida. El teu benestar i seguretat s\u00f3n la nostra prioritat. <img decoding=\"async\" class=\"emoji\" role=\"img\" draggable=\"false\" src=\"https:\/\/s.w.org\/images\/core\/emoji\/15.1.0\/svg\/1f4de.svg\" alt=\"\ud83d\udcde\" \/><img decoding=\"async\" class=\"emoji\" role=\"img\" draggable=\"false\" src=\"https:\/\/s.w.org\/images\/core\/emoji\/15.1.0\/svg\/1f499.svg\" alt=\"\ud83d\udc99\" \/><\/p>\n<p><img decoding=\"async\" class=\"emoji\" role=\"img\" draggable=\"false\" src=\"https:\/\/s.w.org\/images\/core\/emoji\/15.1.0\/svg\/1f499.svg\" alt=\"\ud83d\udc99\" \/><\/p>\n<p><!-- \/wp:paragraph --><\/p>\t\t\t\t\t\t\t\t<\/div>\n\t\t\t\t<\/div>\n\t\t\t\t\t<\/div>\n\t\t\t\t<\/div>\n\t\t<div class=\"elementor-element elementor-element-0f5511a e-flex e-con-boxed e-con e-parent\" data-id=\"0f5511a\" data-element_type=\"container\" data-e-type=\"container\">\n\t\t\t\t\t<div class=\"e-con-inner\">\n\t\t<div class=\"elementor-element elementor-element-9773086 e-con-full e-flex e-con e-child\" data-id=\"9773086\" data-element_type=\"container\" data-e-type=\"container\">\n\t\t\t\t<div class=\"elementor-element elementor-element-ff56dfe elementor-widget elementor-widget-image\" data-id=\"ff56dfe\" data-element_type=\"widget\" data-e-type=\"widget\" data-widget_type=\"image.default\">\n\t\t\t\t<div class=\"elementor-widget-container\">\n\t\t\t\t\t\t\t\t\t\t\t\t\t\t\t<img fetchpriority=\"high\" decoding=\"async\" width=\"800\" height=\"538\" src=\"https:\/\/sillaselevadoras.es\/wp-content\/uploads\/2024\/05\/Access_BDD_Outdoor-14-1024x689.jpg\" class=\"attachment-large size-large wp-image-2366\" alt=\"\" srcset=\"https:\/\/sillaselevadoras.es\/wp-content\/uploads\/2024\/05\/Access_BDD_Outdoor-14-1024x689.jpg 1024w, https:\/\/sillaselevadoras.es\/wp-content\/uploads\/2024\/05\/Access_BDD_Outdoor-14-300x202.jpg 300w, https:\/\/sillaselevadoras.es\/wp-content\/uploads\/2024\/05\/Access_BDD_Outdoor-14-768x517.jpg 768w, https:\/\/sillaselevadoras.es\/wp-content\/uploads\/2024\/05\/Access_BDD_Outdoor-14-1536x1034.jpg 1536w, https:\/\/sillaselevadoras.es\/wp-content\/uploads\/2024\/05\/Access_BDD_Outdoor-14-2048x1378.jpg 2048w, https:\/\/sillaselevadoras.es\/wp-content\/uploads\/2024\/05\/Access_BDD_Outdoor-14-18x12.jpg 18w\" sizes=\"(max-width: 800px) 100vw, 800px\" \/>\t\t\t\t\t\t\t\t\t\t\t\t\t\t\t<\/div>\n\t\t\t\t<\/div>\n\t\t\t\t<\/div>\n\t\t<div class=\"elementor-element elementor-element-739021d e-con-full e-flex e-con e-child\" data-id=\"739021d\" data-element_type=\"container\" data-e-type=\"container\">\n\t\t<div class=\"elementor-element elementor-element-d83b567 e-con-full e-flex e-con e-child\" data-id=\"d83b567\" data-element_type=\"container\" data-e-type=\"container\">\n\t\t\t\t<div class=\"elementor-element elementor-element-138379a elementor-widget elementor-widget-image\" data-id=\"138379a\" data-element_type=\"widget\" data-e-type=\"widget\" data-widget_type=\"image.default\">\n\t\t\t\t<div class=\"elementor-widget-container\">\n\t\t\t\t\t\t\t\t\t\t\t\t\t\t\t<img decoding=\"async\" width=\"800\" height=\"534\" src=\"https:\/\/sillaselevadoras.es\/wp-content\/uploads\/2024\/05\/Access_BDD_Outdoor-16-1024x683.jpg\" class=\"attachment-large size-large wp-image-2364\" alt=\"\" srcset=\"https:\/\/sillaselevadoras.es\/wp-content\/uploads\/2024\/05\/Access_BDD_Outdoor-16-1024x683.jpg 1024w, https:\/\/sillaselevadoras.es\/wp-content\/uploads\/2024\/05\/Access_BDD_Outdoor-16-300x200.jpg 300w, https:\/\/sillaselevadoras.es\/wp-content\/uploads\/2024\/05\/Access_BDD_Outdoor-16-768x513.jpg 768w, https:\/\/sillaselevadoras.es\/wp-content\/uploads\/2024\/05\/Access_BDD_Outdoor-16-1536x1025.jpg 1536w, https:\/\/sillaselevadoras.es\/wp-content\/uploads\/2024\/05\/Access_BDD_Outdoor-16-2048x1367.jpg 2048w, https:\/\/sillaselevadoras.es\/wp-content\/uploads\/2024\/05\/Access_BDD_Outdoor-16-18x12.jpg 18w\" sizes=\"(max-width: 800px) 100vw, 800px\" \/>\t\t\t\t\t\t\t\t\t\t\t\t\t\t\t<\/div>\n\t\t\t\t<\/div>\n\t\t\t\t<\/div>\n\t\t\t\t<\/div>\n\t\t\t\t\t<\/div>\n\t\t\t\t<\/div>\n\t\t<div class=\"elementor-element elementor-element-1e1c085 e-flex e-con-boxed e-con e-parent\" data-id=\"1e1c085\" data-element_type=\"container\" data-e-type=\"container\">\n\t\t\t\t\t<div class=\"e-con-inner\">\n\t\t\t\t\t<\/div>\n\t\t\t\t<\/div>\n\t\t\t\t<\/div>","protected":false},"excerpt":{"rendered":"<p>\u00bfPor qu\u00e9 pensar en una silla salvaescaleras este verano? El verano es una \u00e9poca en la que muchas personas mayores o con movilidad reducida desean disfrutar m\u00e1s de su hogar o segundas residencias. Sin embargo, las escaleras pueden ser un gran obst\u00e1culo si no se dispone de una ayuda adecuada. Una silla salvaescaleras proporciona acceso [&hellip;]<\/p>\n","protected":false},"author":2,"featured_media":2597,"comment_status":"closed","ping_status":"open","sticky":false,"template":"","format":"standard","meta":{"_yoast_wpseo_focuskw":"sillas salvaescaleras","_yoast_wpseo_title":"Sillas salvaescaleras: Accesibilidad para todos este verano","_yoast_wpseo_metadesc":"Descubre c\u00f3mo una silla salvaescaleras puede hacer tu verano m\u00e1s accesible y seguro. Mejora tu movilidad en casa f\u00e1cilmente.","_yoast_wpseo_meta-robots-noindex":"","_yoast_wpseo_canonical":"","_yoast_wpseo_opengraph-title":"","_yoast_wpseo_opengraph-description":"","_yoast_wpseo_opengraph-image":"","_yoast_wpseo_twitter-title":"","_yoast_wpseo_twitter-description":"","footnotes":""},"categories":[1],"tags":[],"class_list":["post-2587","post","type-post","status-publish","format-standard","has-post-thumbnail","hentry","category-sin-categoria"],"yoast_head":"<!-- This site is optimized with the Yoast SEO Premium plugin v27.5 (Yoast SEO v27.5) - https:\/\/yoast.com\/product\/yoast-seo-premium-wordpress\/ -->\n<title>Sillas salvaescaleras: Accesibilidad para todos este verano<\/title>\n<meta name=\"description\" content=\"Descubre c\u00f3mo una silla salvaescaleras puede hacer tu verano m\u00e1s accesible y seguro. Mejora tu movilidad en casa f\u00e1cilmente.\" \/>\n<meta name=\"robots\" content=\"index, follow, max-snippet:-1, max-image-preview:large, max-video-preview:-1\" \/>\n<link rel=\"canonical\" href=\"https:\/\/sillaselevadoras.es\/ca\/2025\/06\/30\/cadires-salvaescales-accessibilitat-per-a-tothom-aquest-estiu\/\" \/>\n<meta property=\"og:locale\" content=\"ca_ES\" \/>\n<meta property=\"og:type\" content=\"article\" \/>\n<meta property=\"og:title\" content=\"Sillas salvaescaleras: accesibilidad para todos este verano\" \/>\n<meta property=\"og:description\" content=\"Descubre c\u00f3mo una silla salvaescaleras puede hacer tu verano m\u00e1s accesible y seguro. Mejora tu movilidad en casa f\u00e1cilmente.\" \/>\n<meta property=\"og:url\" content=\"https:\/\/sillaselevadoras.es\/ca\/2025\/06\/30\/cadires-salvaescales-accessibilitat-per-a-tothom-aquest-estiu\/\" \/>\n<meta property=\"og:site_name\" content=\"Sillas Elevadoras\" \/>\n<meta property=\"article:published_time\" content=\"2025-06-30T13:30:13+00:00\" \/>\n<meta property=\"article:modified_time\" content=\"2025-06-30T14:48:47+00:00\" \/>\n<meta property=\"og:image\" content=\"https:\/\/sillaselevadoras.es\/wp-content\/uploads\/2025\/06\/ChatGPT-Image-25-jun-2025-17_53_16-1024x683.png\" \/>\n\t<meta property=\"og:image:width\" content=\"1024\" \/>\n\t<meta property=\"og:image:height\" content=\"683\" \/>\n\t<meta property=\"og:image:type\" content=\"image\/png\" \/>\n<meta name=\"author\" content=\"Maria\" \/>\n<meta name=\"twitter:card\" content=\"summary_large_image\" \/>\n<meta name=\"twitter:label1\" content=\"Escrit per\" \/>\n\t<meta name=\"twitter:data1\" content=\"Maria\" \/>\n\t<meta name=\"twitter:label2\" content=\"Temps estimat de lectura\" \/>\n\t<meta name=\"twitter:data2\" content=\"7 minuts\" \/>\n<script type=\"application\/ld+json\" class=\"yoast-schema-graph\">{\"@context\":\"https:\\\/\\\/schema.org\",\"@graph\":[{\"@type\":\"Article\",\"@id\":\"https:\\\/\\\/sillaselevadoras.es\\\/2025\\\/06\\\/30\\\/sillas-salvaescaleras-accesibilidad-para-todos-este-verano\\\/#article\",\"isPartOf\":{\"@id\":\"https:\\\/\\\/sillaselevadoras.es\\\/2025\\\/06\\\/30\\\/sillas-salvaescaleras-accesibilidad-para-todos-este-verano\\\/\"},\"author\":{\"name\":\"Maria\",\"@id\":\"https:\\\/\\\/sillaselevadoras.es\\\/#\\\/schema\\\/person\\\/590cb06f8ea2349a9d10c73c7a3fae7f\"},\"headline\":\"Sillas salvaescaleras: accesibilidad para todos este verano\",\"datePublished\":\"2025-06-30T13:30:13+00:00\",\"dateModified\":\"2025-06-30T14:48:47+00:00\",\"mainEntityOfPage\":{\"@id\":\"https:\\\/\\\/sillaselevadoras.es\\\/2025\\\/06\\\/30\\\/sillas-salvaescaleras-accesibilidad-para-todos-este-verano\\\/\"},\"wordCount\":752,\"publisher\":{\"@id\":\"https:\\\/\\\/sillaselevadoras.es\\\/#organization\"},\"image\":{\"@id\":\"https:\\\/\\\/sillaselevadoras.es\\\/2025\\\/06\\\/30\\\/sillas-salvaescaleras-accesibilidad-para-todos-este-verano\\\/#primaryimage\"},\"thumbnailUrl\":\"https:\\\/\\\/sillaselevadoras.es\\\/wp-content\\\/uploads\\\/2025\\\/06\\\/ChatGPT-Image-25-jun-2025-17_53_16.png\",\"articleSection\":[\"Sin categor\u00eda\"],\"inLanguage\":\"ca\"},{\"@type\":\"WebPage\",\"@id\":\"https:\\\/\\\/sillaselevadoras.es\\\/2025\\\/06\\\/30\\\/sillas-salvaescaleras-accesibilidad-para-todos-este-verano\\\/\",\"url\":\"https:\\\/\\\/sillaselevadoras.es\\\/2025\\\/06\\\/30\\\/sillas-salvaescaleras-accesibilidad-para-todos-este-verano\\\/\",\"name\":\"Sillas salvaescaleras: Accesibilidad para todos este verano\",\"isPartOf\":{\"@id\":\"https:\\\/\\\/sillaselevadoras.es\\\/#website\"},\"primaryImageOfPage\":{\"@id\":\"https:\\\/\\\/sillaselevadoras.es\\\/2025\\\/06\\\/30\\\/sillas-salvaescaleras-accesibilidad-para-todos-este-verano\\\/#primaryimage\"},\"image\":{\"@id\":\"https:\\\/\\\/sillaselevadoras.es\\\/2025\\\/06\\\/30\\\/sillas-salvaescaleras-accesibilidad-para-todos-este-verano\\\/#primaryimage\"},\"thumbnailUrl\":\"https:\\\/\\\/sillaselevadoras.es\\\/wp-content\\\/uploads\\\/2025\\\/06\\\/ChatGPT-Image-25-jun-2025-17_53_16.png\",\"datePublished\":\"2025-06-30T13:30:13+00:00\",\"dateModified\":\"2025-06-30T14:48:47+00:00\",\"description\":\"Descubre c\u00f3mo una silla salvaescaleras puede hacer tu verano m\u00e1s accesible y seguro. Mejora tu movilidad en casa f\u00e1cilmente.\",\"breadcrumb\":{\"@id\":\"https:\\\/\\\/sillaselevadoras.es\\\/2025\\\/06\\\/30\\\/sillas-salvaescaleras-accesibilidad-para-todos-este-verano\\\/#breadcrumb\"},\"inLanguage\":\"ca\",\"potentialAction\":[{\"@type\":\"ReadAction\",\"target\":[\"https:\\\/\\\/sillaselevadoras.es\\\/2025\\\/06\\\/30\\\/sillas-salvaescaleras-accesibilidad-para-todos-este-verano\\\/\"]}]},{\"@type\":\"ImageObject\",\"inLanguage\":\"ca\",\"@id\":\"https:\\\/\\\/sillaselevadoras.es\\\/2025\\\/06\\\/30\\\/sillas-salvaescaleras-accesibilidad-para-todos-este-verano\\\/#primaryimage\",\"url\":\"https:\\\/\\\/sillaselevadoras.es\\\/wp-content\\\/uploads\\\/2025\\\/06\\\/ChatGPT-Image-25-jun-2025-17_53_16.png\",\"contentUrl\":\"https:\\\/\\\/sillaselevadoras.es\\\/wp-content\\\/uploads\\\/2025\\\/06\\\/ChatGPT-Image-25-jun-2025-17_53_16.png\",\"width\":1536,\"height\":1024},{\"@type\":\"BreadcrumbList\",\"@id\":\"https:\\\/\\\/sillaselevadoras.es\\\/2025\\\/06\\\/30\\\/sillas-salvaescaleras-accesibilidad-para-todos-este-verano\\\/#breadcrumb\",\"itemListElement\":[{\"@type\":\"ListItem\",\"position\":1,\"name\":\"Portada\",\"item\":\"https:\\\/\\\/sillaselevadoras.es\\\/\"},{\"@type\":\"ListItem\",\"position\":2,\"name\":\"Sillas salvaescaleras: accesibilidad para todos este verano\"}]},{\"@type\":\"WebSite\",\"@id\":\"https:\\\/\\\/sillaselevadoras.es\\\/#website\",\"url\":\"https:\\\/\\\/sillaselevadoras.es\\\/\",\"name\":\"Sillas Elevadoras\",\"description\":\"Sillas salvaescaleras\",\"publisher\":{\"@id\":\"https:\\\/\\\/sillaselevadoras.es\\\/#organization\"},\"potentialAction\":[{\"@type\":\"SearchAction\",\"target\":{\"@type\":\"EntryPoint\",\"urlTemplate\":\"https:\\\/\\\/sillaselevadoras.es\\\/?s={search_term_string}\"},\"query-input\":{\"@type\":\"PropertyValueSpecification\",\"valueRequired\":true,\"valueName\":\"search_term_string\"}}],\"inLanguage\":\"ca\"},{\"@type\":\"Organization\",\"@id\":\"https:\\\/\\\/sillaselevadoras.es\\\/#organization\",\"name\":\"Sillas Elevadoras\",\"url\":\"https:\\\/\\\/sillaselevadoras.es\\\/\",\"logo\":{\"@type\":\"ImageObject\",\"inLanguage\":\"ca\",\"@id\":\"https:\\\/\\\/sillaselevadoras.es\\\/#\\\/schema\\\/logo\\\/image\\\/\",\"url\":\"https:\\\/\\\/sillaselevadoras.es\\\/wp-content\\\/uploads\\\/2023\\\/12\\\/Sillas-elevadoras-Logo-72-ppp-1.png\",\"contentUrl\":\"https:\\\/\\\/sillaselevadoras.es\\\/wp-content\\\/uploads\\\/2023\\\/12\\\/Sillas-elevadoras-Logo-72-ppp-1.png\",\"width\":842,\"height\":596,\"caption\":\"Sillas Elevadoras\"},\"image\":{\"@id\":\"https:\\\/\\\/sillaselevadoras.es\\\/#\\\/schema\\\/logo\\\/image\\\/\"}},{\"@type\":\"Person\",\"@id\":\"https:\\\/\\\/sillaselevadoras.es\\\/#\\\/schema\\\/person\\\/590cb06f8ea2349a9d10c73c7a3fae7f\",\"name\":\"Maria\",\"image\":{\"@type\":\"ImageObject\",\"inLanguage\":\"ca\",\"@id\":\"https:\\\/\\\/secure.gravatar.com\\\/avatar\\\/8f3d95313af2e174e75a281493f4511eb2b8217150d937dfcd60313a9c85d91e?s=96&d=mm&r=g\",\"url\":\"https:\\\/\\\/secure.gravatar.com\\\/avatar\\\/8f3d95313af2e174e75a281493f4511eb2b8217150d937dfcd60313a9c85d91e?s=96&d=mm&r=g\",\"contentUrl\":\"https:\\\/\\\/secure.gravatar.com\\\/avatar\\\/8f3d95313af2e174e75a281493f4511eb2b8217150d937dfcd60313a9c85d91e?s=96&d=mm&r=g\",\"caption\":\"Maria\"},\"url\":\"https:\\\/\\\/sillaselevadoras.es\\\/ca\\\/author\\\/maria\\\/\"}]}<\/script>\n<!-- \/ Yoast SEO Premium plugin. -->","yoast_head_json":{"title":"Escales salvaescales: Accessibilitat per a tothom aquest estiu","description":"Descobreix com una cadira salvaescales pot fer el teu estiu m\u00e9s accessible i segur. Millora la teva mobilitat a casa f\u00e0cilment.","robots":{"index":"index","follow":"follow","max-snippet":"max-snippet:-1","max-image-preview":"max-image-preview:large","max-video-preview":"max-video-preview:-1"},"canonical":"https:\/\/sillaselevadoras.es\/ca\/2025\/06\/30\/cadires-salvaescales-accessibilitat-per-a-tothom-aquest-estiu\/","og_locale":"ca_ES","og_type":"article","og_title":"Sillas salvaescaleras: accesibilidad para todos este verano","og_description":"Descubre c\u00f3mo una silla salvaescaleras puede hacer tu verano m\u00e1s accesible y seguro. Mejora tu movilidad en casa f\u00e1cilmente.","og_url":"https:\/\/sillaselevadoras.es\/ca\/2025\/06\/30\/cadires-salvaescales-accessibilitat-per-a-tothom-aquest-estiu\/","og_site_name":"Sillas Elevadoras","article_published_time":"2025-06-30T13:30:13+00:00","article_modified_time":"2025-06-30T14:48:47+00:00","og_image":[{"width":1024,"height":683,"url":"https:\/\/sillaselevadoras.es\/wp-content\/uploads\/2025\/06\/ChatGPT-Image-25-jun-2025-17_53_16-1024x683.png","type":"image\/png"}],"author":"Maria","twitter_card":"summary_large_image","twitter_misc":{"Escrit per":"Maria","Temps estimat de lectura":"7 minuts"},"schema":{"@context":"https:\/\/schema.org","@graph":[{"@type":"Article","@id":"https:\/\/sillaselevadoras.es\/2025\/06\/30\/sillas-salvaescaleras-accesibilidad-para-todos-este-verano\/#article","isPartOf":{"@id":"https:\/\/sillaselevadoras.es\/2025\/06\/30\/sillas-salvaescaleras-accesibilidad-para-todos-este-verano\/"},"author":{"name":"Maria","@id":"https:\/\/sillaselevadoras.es\/#\/schema\/person\/590cb06f8ea2349a9d10c73c7a3fae7f"},"headline":"Sillas salvaescaleras: accesibilidad para todos este verano","datePublished":"2025-06-30T13:30:13+00:00","dateModified":"2025-06-30T14:48:47+00:00","mainEntityOfPage":{"@id":"https:\/\/sillaselevadoras.es\/2025\/06\/30\/sillas-salvaescaleras-accesibilidad-para-todos-este-verano\/"},"wordCount":752,"publisher":{"@id":"https:\/\/sillaselevadoras.es\/#organization"},"image":{"@id":"https:\/\/sillaselevadoras.es\/2025\/06\/30\/sillas-salvaescaleras-accesibilidad-para-todos-este-verano\/#primaryimage"},"thumbnailUrl":"https:\/\/sillaselevadoras.es\/wp-content\/uploads\/2025\/06\/ChatGPT-Image-25-jun-2025-17_53_16.png","articleSection":["Sin categor\u00eda"],"inLanguage":"ca"},{"@type":"WebPage","@id":"https:\/\/sillaselevadoras.es\/2025\/06\/30\/sillas-salvaescaleras-accesibilidad-para-todos-este-verano\/","url":"https:\/\/sillaselevadoras.es\/2025\/06\/30\/sillas-salvaescaleras-accesibilidad-para-todos-este-verano\/","name":"Escales salvaescales: Accessibilitat per a tothom aquest estiu","isPartOf":{"@id":"https:\/\/sillaselevadoras.es\/#website"},"primaryImageOfPage":{"@id":"https:\/\/sillaselevadoras.es\/2025\/06\/30\/sillas-salvaescaleras-accesibilidad-para-todos-este-verano\/#primaryimage"},"image":{"@id":"https:\/\/sillaselevadoras.es\/2025\/06\/30\/sillas-salvaescaleras-accesibilidad-para-todos-este-verano\/#primaryimage"},"thumbnailUrl":"https:\/\/sillaselevadoras.es\/wp-content\/uploads\/2025\/06\/ChatGPT-Image-25-jun-2025-17_53_16.png","datePublished":"2025-06-30T13:30:13+00:00","dateModified":"2025-06-30T14:48:47+00:00","description":"Descobreix com una cadira salvaescales pot fer el teu estiu m\u00e9s accessible i segur. Millora la teva mobilitat a casa f\u00e0cilment.","breadcrumb":{"@id":"https:\/\/sillaselevadoras.es\/2025\/06\/30\/sillas-salvaescaleras-accesibilidad-para-todos-este-verano\/#breadcrumb"},"inLanguage":"ca","potentialAction":[{"@type":"ReadAction","target":["https:\/\/sillaselevadoras.es\/2025\/06\/30\/sillas-salvaescaleras-accesibilidad-para-todos-este-verano\/"]}]},{"@type":"ImageObject","inLanguage":"ca","@id":"https:\/\/sillaselevadoras.es\/2025\/06\/30\/sillas-salvaescaleras-accesibilidad-para-todos-este-verano\/#primaryimage","url":"https:\/\/sillaselevadoras.es\/wp-content\/uploads\/2025\/06\/ChatGPT-Image-25-jun-2025-17_53_16.png","contentUrl":"https:\/\/sillaselevadoras.es\/wp-content\/uploads\/2025\/06\/ChatGPT-Image-25-jun-2025-17_53_16.png","width":1536,"height":1024},{"@type":"BreadcrumbList","@id":"https:\/\/sillaselevadoras.es\/2025\/06\/30\/sillas-salvaescaleras-accesibilidad-para-todos-este-verano\/#breadcrumb","itemListElement":[{"@type":"ListItem","position":1,"name":"Portada","item":"https:\/\/sillaselevadoras.es\/"},{"@type":"ListItem","position":2,"name":"Sillas salvaescaleras: accesibilidad para todos este verano"}]},{"@type":"WebSite","@id":"https:\/\/sillaselevadoras.es\/#website","url":"https:\/\/sillaselevadoras.es\/","name":"Cadira salvaescales","description":"Cadiretes salvaescales","publisher":{"@id":"https:\/\/sillaselevadoras.es\/#organization"},"potentialAction":[{"@type":"SearchAction","target":{"@type":"EntryPoint","urlTemplate":"https:\/\/sillaselevadoras.es\/?s={search_term_string}"},"query-input":{"@type":"PropertyValueSpecification","valueRequired":true,"valueName":"search_term_string"}}],"inLanguage":"ca"},{"@type":"Organization","@id":"https:\/\/sillaselevadoras.es\/#organization","name":"Cadira salvaescales","url":"https:\/\/sillaselevadoras.es\/","logo":{"@type":"ImageObject","inLanguage":"ca","@id":"https:\/\/sillaselevadoras.es\/#\/schema\/logo\/image\/","url":"https:\/\/sillaselevadoras.es\/wp-content\/uploads\/2023\/12\/Sillas-elevadoras-Logo-72-ppp-1.png","contentUrl":"https:\/\/sillaselevadoras.es\/wp-content\/uploads\/2023\/12\/Sillas-elevadoras-Logo-72-ppp-1.png","width":842,"height":596,"caption":"Sillas Elevadoras"},"image":{"@id":"https:\/\/sillaselevadoras.es\/#\/schema\/logo\/image\/"}},{"@type":"Person","@id":"https:\/\/sillaselevadoras.es\/#\/schema\/person\/590cb06f8ea2349a9d10c73c7a3fae7f","name":"Maria","image":{"@type":"ImageObject","inLanguage":"ca","@id":"https:\/\/secure.gravatar.com\/avatar\/8f3d95313af2e174e75a281493f4511eb2b8217150d937dfcd60313a9c85d91e?s=96&d=mm&r=g","url":"https:\/\/secure.gravatar.com\/avatar\/8f3d95313af2e174e75a281493f4511eb2b8217150d937dfcd60313a9c85d91e?s=96&d=mm&r=g","contentUrl":"https:\/\/secure.gravatar.com\/avatar\/8f3d95313af2e174e75a281493f4511eb2b8217150d937dfcd60313a9c85d91e?s=96&d=mm&r=g","caption":"Maria"},"url":"https:\/\/sillaselevadoras.es\/ca\/author\/maria\/"}]}},"_links":{"self":[{"href":"https:\/\/sillaselevadoras.es\/ca\/wp-json\/wp\/v2\/posts\/2587","targetHints":{"allow":["GET"]}}],"collection":[{"href":"https:\/\/sillaselevadoras.es\/ca\/wp-json\/wp\/v2\/posts"}],"about":[{"href":"https:\/\/sillaselevadoras.es\/ca\/wp-json\/wp\/v2\/types\/post"}],"author":[{"embeddable":true,"href":"https:\/\/sillaselevadoras.es\/ca\/wp-json\/wp\/v2\/users\/2"}],"replies":[{"embeddable":true,"href":"https:\/\/sillaselevadoras.es\/ca\/wp-json\/wp\/v2\/comments?post=2587"}],"version-history":[{"count":11,"href":"https:\/\/sillaselevadoras.es\/ca\/wp-json\/wp\/v2\/posts\/2587\/revisions"}],"predecessor-version":[{"id":2600,"href":"https:\/\/sillaselevadoras.es\/ca\/wp-json\/wp\/v2\/posts\/2587\/revisions\/2600"}],"wp:featuredmedia":[{"embeddable":true,"href":"https:\/\/sillaselevadoras.es\/ca\/wp-json\/wp\/v2\/media\/2597"}],"wp:attachment":[{"href":"https:\/\/sillaselevadoras.es\/ca\/wp-json\/wp\/v2\/media?parent=2587"}],"wp:term":[{"taxonomy":"category","embeddable":true,"href":"https:\/\/sillaselevadoras.es\/ca\/wp-json\/wp\/v2\/categories?post=2587"},{"taxonomy":"post_tag","embeddable":true,"href":"https:\/\/sillaselevadoras.es\/ca\/wp-json\/wp\/v2\/tags?post=2587"}],"curies":[{"name":"wp","href":"https:\/\/api.w.org\/{rel}","templated":true}]}}