{"id":2645,"date":"2025-07-14T17:00:30","date_gmt":"2025-07-14T15:00:30","guid":{"rendered":"https:\/\/sillaselevadoras.es\/?p=2645"},"modified":"2025-07-17T09:06:27","modified_gmt":"2025-07-17T07:06:27","slug":"cadira-salvaescales-histories-dexit","status":"publish","type":"post","link":"https:\/\/sillaselevadoras.es\/ca\/2025\/07\/14\/sillas-salvaescaleras-historias-de-exito\/","title":{"rendered":"Cadiras salvaescales: hist\u00f2ries d'\u00e8xit"},"content":{"rendered":"<div data-elementor-type=\"wp-post\" data-elementor-id=\"2645\" class=\"elementor elementor-2645\" data-elementor-post-type=\"post\">\n\t\t\t\t<div class=\"elementor-element elementor-element-a2457ab e-flex e-con-boxed e-con e-parent\" data-id=\"a2457ab\" data-element_type=\"container\" data-e-type=\"container\">\n\t\t\t\t\t<div class=\"e-con-inner\">\n\t\t\t\t<div class=\"elementor-element elementor-element-180b646c elementor-widget elementor-widget-text-editor\" data-id=\"180b646c\" data-element_type=\"widget\" data-e-type=\"widget\" data-widget_type=\"text-editor.default\">\n\t\t\t\t<div class=\"elementor-widget-container\">\n\t\t\t\t\t\t\t\t\t<h3 data-start=\"584\" data-end=\"643\">Recuperar la llibertat gr\u00e0cies a una cadira salvaescales<\/h3>\n<p data-start=\"645\" data-end=\"1015\">Una <em data-start=\"649\" data-end=\"671\">Cadira salvaescales<\/em> pot canviar per complet la vida d'una persona amb mobilitat redu\u00efda. A Catalunya, cada vegada m\u00e9s fam\u00edlies aposten per aquest sistema per millorar l'autonomia dels seus \u00e9ssers estimats. A trav\u00e9s d'hist\u00f2ries reals, us mostrarem com les <em data-start=\"910\" data-end=\"933\">cadires salvaescales<\/em> ofereixen molt m\u00e9s que comoditat: s\u00f3n sin\u00f2nim de llibertat, seguretat i benestar.<\/p>\n<hr data-start=\"1017\" data-end=\"1020\" \/>\n<h3 data-start=\"1022\" data-end=\"1090\">El cas de Montserrat a Girona: tornar a utilitzar la seva planta superior<\/h3>\n<p data-start=\"1092\" data-end=\"1309\">Montserrat, de 74 anys, viu en una casa unifamiliar al centre de Girona. Despr\u00e9s d'una operaci\u00f3 de genoll, no podia pujar al segon pis on tenia la seva habitaci\u00f3. \u201cEm sentia presonera a la meva pr\u00f2pia casa\u201d, confessa.<\/p>\n<p data-start=\"1311\" data-end=\"1536\">Es va posar en contacte amb nosaltres i, despr\u00e9s d'un estudi gratu\u00eft, vam instal\u00b7lar una <em data-start=\"1377\" data-end=\"1399\">Cadira salvaescales<\/em> per a trams corbs. Avui Montserrat pot accedir al seu dormitori i terrassa sense ajuda. \u201cHe recuperat la meva llar\u201d, assegura amb un somriure.<\/p>\n<hr data-start=\"1538\" data-end=\"1541\" \/>\n<h3 data-start=\"1543\" data-end=\"1617\">Josep i Anna, matrimoni a Lleida: una decisi\u00f3 que els va canviar la vida<\/h3>\n<p data-start=\"1619\" data-end=\"1880\">Josep i Anna viuen en una casa de tres plantes a Lleida ciutat. Tots dos superen els 80 anys i les escales comen\u00e7aven a representar un risc diari. La seva filla els va proposar instal\u00b7lar dos <em data-start=\"1802\" data-end=\"1833\">cadira salvaescales barata<\/em>, una a l'entrada i una altra fins a l'\u00e0tic.<\/p>\n<p data-start=\"1882\" data-end=\"2153\">Gr\u00e0cies a aquesta soluci\u00f3 econ\u00f2mica i pr\u00e0ctica, segueixen vivint de manera independent. \u201cCada dia pugem a llegir al golfes, una cosa que don\u00e0vem per perduda\u201d, diuen. Les <em data-start=\"2046\" data-end=\"2077\">cadira salvaescales barata<\/em> han demostrat que no cal gastar molt per guanyar qualitat de vida.<\/p>\n<hr data-start=\"2155\" data-end=\"2158\" \/>\n<h3 data-start=\"2160\" data-end=\"2213\">El lloguer temporal que va ajudar la N\u00faria a Sabadell<\/h3>\n<p data-start=\"2215\" data-end=\"2480\">N\u00faria, de 61 anys i ve\u00efna de Sabadell, va patir una fractura de f\u00e8mur arran d'una caiguda. Durant la seva recuperaci\u00f3, no podia accedir a la planta superior del seu d\u00faplex. Vam optar per una soluci\u00f3 de <strong data-start=\"2405\" data-end=\"2450\">lloguer temporal de cadira salvaescales<\/strong>, ideal per a rehabilitacions.<\/p>\n<p data-start=\"2482\" data-end=\"2685\">\u201cVa ser la millor decisi\u00f3. Em va permetre seguir amb la meva vida sense dependre de ning\u00fa\u201d, comenta. Despr\u00e9s de la seva recuperaci\u00f3, es va retirar la cadira sense complicacions. Una opci\u00f3 flexible i eficient per a casos temporals.<\/p>\n<hr data-start=\"2687\" data-end=\"2690\" \/>\n<h3 data-start=\"2692\" data-end=\"2749\">Per qu\u00e8 un salvaescales marca la difer\u00e8ncia?<\/h3>\n<p data-start=\"2751\" data-end=\"2913\">Les <em data-start=\"2755\" data-end=\"2778\">cadires salvaescales<\/em> permeten a persones de totes les edats superar les barreres arquitect\u00f2niques dins de la llar. Aqu\u00ed et deixem alguns avantatges clau:<\/p>\n<ul data-start=\"2915\" data-end=\"3217\">\n<li data-start=\"2915\" data-end=\"2957\">\n<p data-start=\"2917\" data-end=\"2957\">Eviten caigudes i accidents dom\u00e8stics.<\/p>\n<\/li>\n<li data-start=\"2958\" data-end=\"3008\">\n<p data-start=\"2960\" data-end=\"3008\">Mantenen la independ\u00e8ncia a la llar pr\u00f2pia.<\/p>\n<\/li>\n<li data-start=\"3009\" data-end=\"3074\">\n<p data-start=\"3011\" data-end=\"3074\">Hi ha models per a escales rectes, corbes o amb replans.<\/p>\n<\/li>\n<li data-start=\"3075\" data-end=\"3144\">\n<p data-start=\"3077\" data-end=\"3144\">Hi ha opcions econ\u00f2miques com <em data-start=\"3110\" data-end=\"3141\">cadira salvaescales barata<\/em>.<\/p>\n<\/li>\n<li data-start=\"3145\" data-end=\"3217\">\n<p data-start=\"3147\" data-end=\"3217\">Lloguer temporal \u00e9s ideal en recuperacions o estades limitades.<\/p>\n<\/li>\n<\/ul>\n<p data-start=\"3219\" data-end=\"3478\">A m\u00e9s, moltes fam\u00edlies a Catalunya es beneficien d'ajudes p\u00fabliques gestionades per entitats com el <a class=\"cursor-pointer\" target=\"_new\" rel=\"noopener\" data-start=\"3322\" data-end=\"3413\">Institut Catal\u00e0 d\u2019Assist\u00e8ncia i Serveis Socials (ICASS)<\/a>, que faciliten el finan\u00e7ament d'aquestes solucions de mobilitat.<\/p>\n<hr data-start=\"3480\" data-end=\"3483\" \/>\n<h3 data-start=\"3485\" data-end=\"3534\">Models personalitzats per a cada llar catalana<\/h3>\n<p data-start=\"3536\" data-end=\"3796\">No hi ha dues llars iguals. Per aix\u00f2, oferim una \u00e0mplia gamma de models que s'adapten a tot tipus d'escales. Des d'un pis a Reus amb escala estreta, fins a una masia a Vic amb graons irregulars, sempre hi ha una <em data-start=\"3764\" data-end=\"3786\">Cadira salvaescales<\/em> adequada.<\/p>\n<p data-start=\"3798\" data-end=\"3864\">Algunes caracter\u00edstiques que valoren els nostres clients a Catalunya:<\/p>\n<ul data-start=\"3866\" data-end=\"4054\">\n<li data-start=\"3866\" data-end=\"3903\">\n<p data-start=\"3868\" data-end=\"3903\">Instal\u00b7laci\u00f3 en menys de 48 hores.<\/p>\n<\/li>\n<li data-start=\"3904\" data-end=\"3943\">\n<p data-start=\"3906\" data-end=\"3943\">Motors silenciosos i baix consum.<\/p>\n<\/li>\n<li data-start=\"3944\" data-end=\"3991\">\n<p data-start=\"3946\" data-end=\"3991\">Opcions plegables i amb comandament a dist\u00e0ncia.<\/p>\n<\/li>\n<li data-start=\"3992\" data-end=\"4054\">\n<p data-start=\"3994\" data-end=\"4054\">Acabats en diversos colors per integrar-se en la decoraci\u00f3.<\/p>\n<\/li>\n<\/ul>\n<p data-start=\"4056\" data-end=\"4189\">I si el pressupost \u00e9s limitat, les nostres <em data-start=\"4098\" data-end=\"4129\">cadira salvaescales barata<\/em> s\u00f3n una alternativa excel\u00b7lent sense renunciar a la seguretat.<\/p>\n<hr data-start=\"4191\" data-end=\"4194\" \/>\n<h3 data-start=\"4196\" data-end=\"4242\">I tu? Vol recuperar la teva independ\u00e8ncia?<\/h3>\n<p data-start=\"4244\" data-end=\"4495\">Cada hist\u00f2ria que compartim \u00e9s un testimoni real de com una <em data-start=\"4308\" data-end=\"4330\">Cadira salvaescales<\/em> ha retornat l'autonomia a persones a Catalunya. Girona, Lleida, Tarragona, Barcelona... en totes les prov\u00edncies hi ha llars que han millorat gr\u00e0cies a aquesta soluci\u00f3.<\/p>\n<p data-start=\"4497\" data-end=\"4566\">Si tu o un familiar us trobeu en una situaci\u00f3 semblant, no espereu m\u00e9s.<\/p>\n<p data-start=\"4568\" data-end=\"4653\"><strong data-start=\"4568\" data-end=\"4653\">Per saber-ne m\u00e9s i gaudir d'un servei de confian\u00e7a, no dubtis a contactar-nos.<\/strong><\/p>\n<hr data-start=\"4655\" data-end=\"4658\" \/>\n<p data-start=\"4660\" data-end=\"4712\"><strong data-start=\"4660\" data-end=\"4712\">La teva soluci\u00f3 en mobilitat amb sillaselevadoras.es<\/strong><\/p>\n<p data-start=\"4714\" data-end=\"4940\">En <strong data-start=\"4717\" data-end=\"4740\">sillaselevadoras.es<\/strong> sabem com \u00e9s d'important poder moure's amb llibertat i seguretat dins de la teva pr\u00f2pia llar. Per aix\u00f2, t'oferim els millors <strong data-start=\"4869\" data-end=\"4894\">cadires salvaescales<\/strong> adaptades a les teves necessitats i espai. \ud83c\udfe1\u2b06\ufe0f\u2b07\ufe0f<\/p>\n<p data-start=\"4942\" data-end=\"5235\">Comprar una <strong data-start=\"4954\" data-end=\"4978\">Cadira salvaescales<\/strong> amb nosaltres \u00e9s apostar per qualitat, professionalitat i un servei que t'acompanya des de la visita t\u00e8cnica fins molt despr\u00e9s de la instal\u00b7laci\u00f3. Realitzarem un estudi personalitzat gratu\u00eft per valorar la teva escala i recomanar-te el model m\u00e9s adequat.<\/p>\n<p data-start=\"5237\" data-end=\"5279\">Amb <strong data-start=\"5241\" data-end=\"5264\">sillaselevadoras.es<\/strong> disposar\u00e0s de:<\/p>\n<p data-start=\"5281\" data-end=\"5511\">\ud83d\udd39 Instal\u00b7laci\u00f3 r\u00e0pida, neta i sense mol\u00e8sties.<br data-start=\"5327\" data-end=\"5330\" \/>\ud83d\udd39 Productes certificats i amb garantia total.<br data-start=\"5377\" data-end=\"5380\" \/>\ud83d\udd39 Servei postvenda i manteniment per a la teva tranquil\u00b7litat.<br data-start=\"5439\" data-end=\"5442\" \/>\ud83d\udd39 Facilitats de pagament flexibles i lloguer temporal si ho necessites.<\/p>\n<p data-start=\"5513\" data-end=\"5737\"><strong data-start=\"5513\" data-end=\"5737\">No deixis que les escales limitin la teva independ\u00e8ncia. Contacta avui amb sillaselevadoras.es i descobreix com podem millorar la teva qualitat de vida amb una soluci\u00f3 a mida. El teu benestar i seguretat s\u00f3n la nostra prioritat. \ud83d\udcde\ud83d\udc99<\/strong><\/p>\t\t\t\t\t\t\t\t<\/div>\n\t\t\t\t<\/div>\n\t\t\t\t\t<\/div>\n\t\t\t\t<\/div>\n\t\t<div class=\"elementor-element elementor-element-0f5511a e-flex e-con-boxed e-con e-parent\" data-id=\"0f5511a\" data-element_type=\"container\" data-e-type=\"container\">\n\t\t\t\t\t<div class=\"e-con-inner\">\n\t\t<div class=\"elementor-element elementor-element-9773086 e-con-full e-flex e-con e-child\" data-id=\"9773086\" data-element_type=\"container\" data-e-type=\"container\">\n\t\t\t\t<div class=\"elementor-element elementor-element-ff56dfe elementor-widget elementor-widget-image\" data-id=\"ff56dfe\" data-element_type=\"widget\" data-e-type=\"widget\" data-widget_type=\"image.default\">\n\t\t\t\t<div class=\"elementor-widget-container\">\n\t\t\t\t\t\t\t\t\t\t\t\t\t\t\t<img fetchpriority=\"high\" decoding=\"async\" width=\"800\" height=\"538\" src=\"https:\/\/sillaselevadoras.es\/wp-content\/uploads\/2024\/05\/Access_BDD_Outdoor-14-1024x689.jpg\" class=\"attachment-large size-large wp-image-2366\" alt=\"\" srcset=\"https:\/\/sillaselevadoras.es\/wp-content\/uploads\/2024\/05\/Access_BDD_Outdoor-14-1024x689.jpg 1024w, https:\/\/sillaselevadoras.es\/wp-content\/uploads\/2024\/05\/Access_BDD_Outdoor-14-300x202.jpg 300w, https:\/\/sillaselevadoras.es\/wp-content\/uploads\/2024\/05\/Access_BDD_Outdoor-14-768x517.jpg 768w, https:\/\/sillaselevadoras.es\/wp-content\/uploads\/2024\/05\/Access_BDD_Outdoor-14-1536x1034.jpg 1536w, https:\/\/sillaselevadoras.es\/wp-content\/uploads\/2024\/05\/Access_BDD_Outdoor-14-2048x1378.jpg 2048w, https:\/\/sillaselevadoras.es\/wp-content\/uploads\/2024\/05\/Access_BDD_Outdoor-14-18x12.jpg 18w\" sizes=\"(max-width: 800px) 100vw, 800px\" \/>\t\t\t\t\t\t\t\t\t\t\t\t\t\t\t<\/div>\n\t\t\t\t<\/div>\n\t\t\t\t<\/div>\n\t\t<div class=\"elementor-element elementor-element-739021d e-con-full e-flex e-con e-child\" data-id=\"739021d\" data-element_type=\"container\" data-e-type=\"container\">\n\t\t<div class=\"elementor-element elementor-element-d83b567 e-con-full e-flex e-con e-child\" data-id=\"d83b567\" data-element_type=\"container\" data-e-type=\"container\">\n\t\t\t\t<div class=\"elementor-element elementor-element-138379a elementor-widget elementor-widget-image\" data-id=\"138379a\" data-element_type=\"widget\" data-e-type=\"widget\" data-widget_type=\"image.default\">\n\t\t\t\t<div class=\"elementor-widget-container\">\n\t\t\t\t\t\t\t\t\t\t\t\t\t\t\t<img decoding=\"async\" width=\"800\" height=\"534\" src=\"https:\/\/sillaselevadoras.es\/wp-content\/uploads\/2024\/05\/Access_BDD_Outdoor-16-1024x683.jpg\" class=\"attachment-large size-large wp-image-2364\" alt=\"\" srcset=\"https:\/\/sillaselevadoras.es\/wp-content\/uploads\/2024\/05\/Access_BDD_Outdoor-16-1024x683.jpg 1024w, https:\/\/sillaselevadoras.es\/wp-content\/uploads\/2024\/05\/Access_BDD_Outdoor-16-300x200.jpg 300w, https:\/\/sillaselevadoras.es\/wp-content\/uploads\/2024\/05\/Access_BDD_Outdoor-16-768x513.jpg 768w, https:\/\/sillaselevadoras.es\/wp-content\/uploads\/2024\/05\/Access_BDD_Outdoor-16-1536x1025.jpg 1536w, https:\/\/sillaselevadoras.es\/wp-content\/uploads\/2024\/05\/Access_BDD_Outdoor-16-2048x1367.jpg 2048w, https:\/\/sillaselevadoras.es\/wp-content\/uploads\/2024\/05\/Access_BDD_Outdoor-16-18x12.jpg 18w\" sizes=\"(max-width: 800px) 100vw, 800px\" \/>\t\t\t\t\t\t\t\t\t\t\t\t\t\t\t<\/div>\n\t\t\t\t<\/div>\n\t\t\t\t<\/div>\n\t\t\t\t<\/div>\n\t\t\t\t\t<\/div>\n\t\t\t\t<\/div>\n\t\t<div class=\"elementor-element elementor-element-1e1c085 e-flex e-con-boxed e-con e-parent\" data-id=\"1e1c085\" data-element_type=\"container\" data-e-type=\"container\">\n\t\t\t\t\t<div class=\"e-con-inner\">\n\t\t\t\t\t<\/div>\n\t\t\t\t<\/div>\n\t\t\t\t<\/div>","protected":false},"excerpt":{"rendered":"<p>Recuperar la libertad gracias a una silla salvaescaleras Una silla salvaescaleras puede cambiar por completo la vida de una persona con movilidad reducida. En Catalu\u00f1a, cada vez m\u00e1s familias apuestan por este sistema para mejorar la autonom\u00eda de sus seres queridos. A trav\u00e9s de historias reales, te mostraremos c\u00f3mo las sillas salvaescaleras ofrecen mucho m\u00e1s [&hellip;]<\/p>\n","protected":false},"author":2,"featured_media":2647,"comment_status":"closed","ping_status":"open","sticky":false,"template":"","format":"standard","meta":{"_yoast_wpseo_focuskw":"sillas salvaescaleras","_yoast_wpseo_title":"Sillas salvaescaleras: historias de \u00e9xito","_yoast_wpseo_metadesc":"Descubre c\u00f3mo una silla salvaescaleras ha devuelto la independencia a personas en Catalu\u00f1a. Casos reales de superaci\u00f3n y libertad en casa.","_yoast_wpseo_meta-robots-noindex":"","_yoast_wpseo_canonical":"","_yoast_wpseo_opengraph-title":"","_yoast_wpseo_opengraph-description":"","_yoast_wpseo_opengraph-image":"","_yoast_wpseo_twitter-title":"","_yoast_wpseo_twitter-description":"","footnotes":""},"categories":[1],"tags":[],"class_list":["post-2645","post","type-post","status-publish","format-standard","has-post-thumbnail","hentry","category-sin-categoria"],"yoast_head":"<!-- This site is optimized with the Yoast SEO Premium plugin v27.5 (Yoast SEO v27.5) - https:\/\/yoast.com\/product\/yoast-seo-premium-wordpress\/ -->\n<title>Sillas salvaescaleras: historias de \u00e9xito<\/title>\n<meta name=\"description\" content=\"Descubre c\u00f3mo una silla salvaescaleras ha devuelto la independencia a personas en Catalu\u00f1a. Casos reales de superaci\u00f3n y libertad en casa.\" \/>\n<meta name=\"robots\" content=\"index, follow, max-snippet:-1, max-image-preview:large, max-video-preview:-1\" \/>\n<link rel=\"canonical\" href=\"https:\/\/sillaselevadoras.es\/ca\/2025\/07\/14\/cadira-salvaescales-histories-dexit\/\" \/>\n<meta property=\"og:locale\" content=\"ca_ES\" \/>\n<meta property=\"og:type\" content=\"article\" \/>\n<meta property=\"og:title\" content=\"Sillas salvaescaleras: historias de \u00e9xito\" \/>\n<meta property=\"og:description\" content=\"Descubre c\u00f3mo una silla salvaescaleras ha devuelto la independencia a personas en Catalu\u00f1a. Casos reales de superaci\u00f3n y libertad en casa.\" \/>\n<meta property=\"og:url\" content=\"https:\/\/sillaselevadoras.es\/ca\/2025\/07\/14\/cadira-salvaescales-histories-dexit\/\" \/>\n<meta property=\"og:site_name\" content=\"Sillas Elevadoras\" \/>\n<meta property=\"article:published_time\" content=\"2025-07-14T15:00:30+00:00\" \/>\n<meta property=\"article:modified_time\" content=\"2025-07-17T07:06:27+00:00\" \/>\n<meta property=\"og:image\" content=\"https:\/\/sillaselevadoras.es\/wp-content\/uploads\/2025\/07\/ChatGPT-Image-14-jul-2025-11_45_18-1024x683.png\" \/>\n\t<meta property=\"og:image:width\" content=\"1024\" \/>\n\t<meta property=\"og:image:height\" content=\"683\" \/>\n\t<meta property=\"og:image:type\" content=\"image\/png\" \/>\n<meta name=\"author\" content=\"Maria\" \/>\n<meta name=\"twitter:card\" content=\"summary_large_image\" \/>\n<meta name=\"twitter:label1\" content=\"Escrit per\" \/>\n\t<meta name=\"twitter:data1\" content=\"Maria\" \/>\n\t<meta name=\"twitter:label2\" content=\"Temps estimat de lectura\" \/>\n\t<meta name=\"twitter:data2\" content=\"5 minuts\" \/>\n<script type=\"application\/ld+json\" class=\"yoast-schema-graph\">{\"@context\":\"https:\\\/\\\/schema.org\",\"@graph\":[{\"@type\":\"Article\",\"@id\":\"https:\\\/\\\/sillaselevadoras.es\\\/2025\\\/07\\\/14\\\/sillas-salvaescaleras-historias-de-exito\\\/#article\",\"isPartOf\":{\"@id\":\"https:\\\/\\\/sillaselevadoras.es\\\/2025\\\/07\\\/14\\\/sillas-salvaescaleras-historias-de-exito\\\/\"},\"author\":{\"name\":\"Maria\",\"@id\":\"https:\\\/\\\/sillaselevadoras.es\\\/#\\\/schema\\\/person\\\/590cb06f8ea2349a9d10c73c7a3fae7f\"},\"headline\":\"Sillas salvaescaleras: historias de \u00e9xito\",\"datePublished\":\"2025-07-14T15:00:30+00:00\",\"dateModified\":\"2025-07-17T07:06:27+00:00\",\"mainEntityOfPage\":{\"@id\":\"https:\\\/\\\/sillaselevadoras.es\\\/2025\\\/07\\\/14\\\/sillas-salvaescaleras-historias-de-exito\\\/\"},\"wordCount\":824,\"publisher\":{\"@id\":\"https:\\\/\\\/sillaselevadoras.es\\\/#organization\"},\"image\":{\"@id\":\"https:\\\/\\\/sillaselevadoras.es\\\/2025\\\/07\\\/14\\\/sillas-salvaescaleras-historias-de-exito\\\/#primaryimage\"},\"thumbnailUrl\":\"https:\\\/\\\/sillaselevadoras.es\\\/wp-content\\\/uploads\\\/2025\\\/07\\\/ChatGPT-Image-14-jul-2025-11_45_18.png\",\"articleSection\":[\"Sin categor\u00eda\"],\"inLanguage\":\"ca\"},{\"@type\":\"WebPage\",\"@id\":\"https:\\\/\\\/sillaselevadoras.es\\\/2025\\\/07\\\/14\\\/sillas-salvaescaleras-historias-de-exito\\\/\",\"url\":\"https:\\\/\\\/sillaselevadoras.es\\\/2025\\\/07\\\/14\\\/sillas-salvaescaleras-historias-de-exito\\\/\",\"name\":\"Sillas salvaescaleras: historias de \u00e9xito\",\"isPartOf\":{\"@id\":\"https:\\\/\\\/sillaselevadoras.es\\\/#website\"},\"primaryImageOfPage\":{\"@id\":\"https:\\\/\\\/sillaselevadoras.es\\\/2025\\\/07\\\/14\\\/sillas-salvaescaleras-historias-de-exito\\\/#primaryimage\"},\"image\":{\"@id\":\"https:\\\/\\\/sillaselevadoras.es\\\/2025\\\/07\\\/14\\\/sillas-salvaescaleras-historias-de-exito\\\/#primaryimage\"},\"thumbnailUrl\":\"https:\\\/\\\/sillaselevadoras.es\\\/wp-content\\\/uploads\\\/2025\\\/07\\\/ChatGPT-Image-14-jul-2025-11_45_18.png\",\"datePublished\":\"2025-07-14T15:00:30+00:00\",\"dateModified\":\"2025-07-17T07:06:27+00:00\",\"description\":\"Descubre c\u00f3mo una silla salvaescaleras ha devuelto la independencia a personas en Catalu\u00f1a. Casos reales de superaci\u00f3n y libertad en casa.\",\"breadcrumb\":{\"@id\":\"https:\\\/\\\/sillaselevadoras.es\\\/2025\\\/07\\\/14\\\/sillas-salvaescaleras-historias-de-exito\\\/#breadcrumb\"},\"inLanguage\":\"ca\",\"potentialAction\":[{\"@type\":\"ReadAction\",\"target\":[\"https:\\\/\\\/sillaselevadoras.es\\\/2025\\\/07\\\/14\\\/sillas-salvaescaleras-historias-de-exito\\\/\"]}]},{\"@type\":\"ImageObject\",\"inLanguage\":\"ca\",\"@id\":\"https:\\\/\\\/sillaselevadoras.es\\\/2025\\\/07\\\/14\\\/sillas-salvaescaleras-historias-de-exito\\\/#primaryimage\",\"url\":\"https:\\\/\\\/sillaselevadoras.es\\\/wp-content\\\/uploads\\\/2025\\\/07\\\/ChatGPT-Image-14-jul-2025-11_45_18.png\",\"contentUrl\":\"https:\\\/\\\/sillaselevadoras.es\\\/wp-content\\\/uploads\\\/2025\\\/07\\\/ChatGPT-Image-14-jul-2025-11_45_18.png\",\"width\":1536,\"height\":1024},{\"@type\":\"BreadcrumbList\",\"@id\":\"https:\\\/\\\/sillaselevadoras.es\\\/2025\\\/07\\\/14\\\/sillas-salvaescaleras-historias-de-exito\\\/#breadcrumb\",\"itemListElement\":[{\"@type\":\"ListItem\",\"position\":1,\"name\":\"Portada\",\"item\":\"https:\\\/\\\/sillaselevadoras.es\\\/\"},{\"@type\":\"ListItem\",\"position\":2,\"name\":\"Sillas salvaescaleras: historias de \u00e9xito\"}]},{\"@type\":\"WebSite\",\"@id\":\"https:\\\/\\\/sillaselevadoras.es\\\/#website\",\"url\":\"https:\\\/\\\/sillaselevadoras.es\\\/\",\"name\":\"Sillas Elevadoras\",\"description\":\"Sillas salvaescaleras\",\"publisher\":{\"@id\":\"https:\\\/\\\/sillaselevadoras.es\\\/#organization\"},\"potentialAction\":[{\"@type\":\"SearchAction\",\"target\":{\"@type\":\"EntryPoint\",\"urlTemplate\":\"https:\\\/\\\/sillaselevadoras.es\\\/?s={search_term_string}\"},\"query-input\":{\"@type\":\"PropertyValueSpecification\",\"valueRequired\":true,\"valueName\":\"search_term_string\"}}],\"inLanguage\":\"ca\"},{\"@type\":\"Organization\",\"@id\":\"https:\\\/\\\/sillaselevadoras.es\\\/#organization\",\"name\":\"Sillas Elevadoras\",\"url\":\"https:\\\/\\\/sillaselevadoras.es\\\/\",\"logo\":{\"@type\":\"ImageObject\",\"inLanguage\":\"ca\",\"@id\":\"https:\\\/\\\/sillaselevadoras.es\\\/#\\\/schema\\\/logo\\\/image\\\/\",\"url\":\"https:\\\/\\\/sillaselevadoras.es\\\/wp-content\\\/uploads\\\/2023\\\/12\\\/Sillas-elevadoras-Logo-72-ppp-1.png\",\"contentUrl\":\"https:\\\/\\\/sillaselevadoras.es\\\/wp-content\\\/uploads\\\/2023\\\/12\\\/Sillas-elevadoras-Logo-72-ppp-1.png\",\"width\":842,\"height\":596,\"caption\":\"Sillas Elevadoras\"},\"image\":{\"@id\":\"https:\\\/\\\/sillaselevadoras.es\\\/#\\\/schema\\\/logo\\\/image\\\/\"}},{\"@type\":\"Person\",\"@id\":\"https:\\\/\\\/sillaselevadoras.es\\\/#\\\/schema\\\/person\\\/590cb06f8ea2349a9d10c73c7a3fae7f\",\"name\":\"Maria\",\"image\":{\"@type\":\"ImageObject\",\"inLanguage\":\"ca\",\"@id\":\"https:\\\/\\\/secure.gravatar.com\\\/avatar\\\/8f3d95313af2e174e75a281493f4511eb2b8217150d937dfcd60313a9c85d91e?s=96&d=mm&r=g\",\"url\":\"https:\\\/\\\/secure.gravatar.com\\\/avatar\\\/8f3d95313af2e174e75a281493f4511eb2b8217150d937dfcd60313a9c85d91e?s=96&d=mm&r=g\",\"contentUrl\":\"https:\\\/\\\/secure.gravatar.com\\\/avatar\\\/8f3d95313af2e174e75a281493f4511eb2b8217150d937dfcd60313a9c85d91e?s=96&d=mm&r=g\",\"caption\":\"Maria\"},\"url\":\"https:\\\/\\\/sillaselevadoras.es\\\/ca\\\/author\\\/maria\\\/\"}]}<\/script>\n<!-- \/ Yoast SEO Premium plugin. -->","yoast_head_json":{"title":"Cadiras salvaescales: hist\u00f2ries d'\u00e8xit","description":"Descobreix com una cadira salvaescales ha retornat la independ\u00e8ncia a persones a Catalunya. Casos reals de superaci\u00f3 i llibertat a casa.","robots":{"index":"index","follow":"follow","max-snippet":"max-snippet:-1","max-image-preview":"max-image-preview:large","max-video-preview":"max-video-preview:-1"},"canonical":"https:\/\/sillaselevadoras.es\/ca\/2025\/07\/14\/cadira-salvaescales-histories-dexit\/","og_locale":"ca_ES","og_type":"article","og_title":"Sillas salvaescaleras: historias de \u00e9xito","og_description":"Descubre c\u00f3mo una silla salvaescaleras ha devuelto la independencia a personas en Catalu\u00f1a. Casos reales de superaci\u00f3n y libertad en casa.","og_url":"https:\/\/sillaselevadoras.es\/ca\/2025\/07\/14\/cadira-salvaescales-histories-dexit\/","og_site_name":"Sillas Elevadoras","article_published_time":"2025-07-14T15:00:30+00:00","article_modified_time":"2025-07-17T07:06:27+00:00","og_image":[{"width":1024,"height":683,"url":"https:\/\/sillaselevadoras.es\/wp-content\/uploads\/2025\/07\/ChatGPT-Image-14-jul-2025-11_45_18-1024x683.png","type":"image\/png"}],"author":"Maria","twitter_card":"summary_large_image","twitter_misc":{"Escrit per":"Maria","Temps estimat de lectura":"5 minuts"},"schema":{"@context":"https:\/\/schema.org","@graph":[{"@type":"Article","@id":"https:\/\/sillaselevadoras.es\/2025\/07\/14\/sillas-salvaescaleras-historias-de-exito\/#article","isPartOf":{"@id":"https:\/\/sillaselevadoras.es\/2025\/07\/14\/sillas-salvaescaleras-historias-de-exito\/"},"author":{"name":"Maria","@id":"https:\/\/sillaselevadoras.es\/#\/schema\/person\/590cb06f8ea2349a9d10c73c7a3fae7f"},"headline":"Sillas salvaescaleras: historias de \u00e9xito","datePublished":"2025-07-14T15:00:30+00:00","dateModified":"2025-07-17T07:06:27+00:00","mainEntityOfPage":{"@id":"https:\/\/sillaselevadoras.es\/2025\/07\/14\/sillas-salvaescaleras-historias-de-exito\/"},"wordCount":824,"publisher":{"@id":"https:\/\/sillaselevadoras.es\/#organization"},"image":{"@id":"https:\/\/sillaselevadoras.es\/2025\/07\/14\/sillas-salvaescaleras-historias-de-exito\/#primaryimage"},"thumbnailUrl":"https:\/\/sillaselevadoras.es\/wp-content\/uploads\/2025\/07\/ChatGPT-Image-14-jul-2025-11_45_18.png","articleSection":["Sin categor\u00eda"],"inLanguage":"ca"},{"@type":"WebPage","@id":"https:\/\/sillaselevadoras.es\/2025\/07\/14\/sillas-salvaescaleras-historias-de-exito\/","url":"https:\/\/sillaselevadoras.es\/2025\/07\/14\/sillas-salvaescaleras-historias-de-exito\/","name":"Cadiras salvaescales: hist\u00f2ries d'\u00e8xit","isPartOf":{"@id":"https:\/\/sillaselevadoras.es\/#website"},"primaryImageOfPage":{"@id":"https:\/\/sillaselevadoras.es\/2025\/07\/14\/sillas-salvaescaleras-historias-de-exito\/#primaryimage"},"image":{"@id":"https:\/\/sillaselevadoras.es\/2025\/07\/14\/sillas-salvaescaleras-historias-de-exito\/#primaryimage"},"thumbnailUrl":"https:\/\/sillaselevadoras.es\/wp-content\/uploads\/2025\/07\/ChatGPT-Image-14-jul-2025-11_45_18.png","datePublished":"2025-07-14T15:00:30+00:00","dateModified":"2025-07-17T07:06:27+00:00","description":"Descobreix com una cadira salvaescales ha retornat la independ\u00e8ncia a persones a Catalunya. Casos reals de superaci\u00f3 i llibertat a casa.","breadcrumb":{"@id":"https:\/\/sillaselevadoras.es\/2025\/07\/14\/sillas-salvaescaleras-historias-de-exito\/#breadcrumb"},"inLanguage":"ca","potentialAction":[{"@type":"ReadAction","target":["https:\/\/sillaselevadoras.es\/2025\/07\/14\/sillas-salvaescaleras-historias-de-exito\/"]}]},{"@type":"ImageObject","inLanguage":"ca","@id":"https:\/\/sillaselevadoras.es\/2025\/07\/14\/sillas-salvaescaleras-historias-de-exito\/#primaryimage","url":"https:\/\/sillaselevadoras.es\/wp-content\/uploads\/2025\/07\/ChatGPT-Image-14-jul-2025-11_45_18.png","contentUrl":"https:\/\/sillaselevadoras.es\/wp-content\/uploads\/2025\/07\/ChatGPT-Image-14-jul-2025-11_45_18.png","width":1536,"height":1024},{"@type":"BreadcrumbList","@id":"https:\/\/sillaselevadoras.es\/2025\/07\/14\/sillas-salvaescaleras-historias-de-exito\/#breadcrumb","itemListElement":[{"@type":"ListItem","position":1,"name":"Portada","item":"https:\/\/sillaselevadoras.es\/"},{"@type":"ListItem","position":2,"name":"Sillas salvaescaleras: historias de \u00e9xito"}]},{"@type":"WebSite","@id":"https:\/\/sillaselevadoras.es\/#website","url":"https:\/\/sillaselevadoras.es\/","name":"Cadira salvaescales","description":"Cadiretes salvaescales","publisher":{"@id":"https:\/\/sillaselevadoras.es\/#organization"},"potentialAction":[{"@type":"SearchAction","target":{"@type":"EntryPoint","urlTemplate":"https:\/\/sillaselevadoras.es\/?s={search_term_string}"},"query-input":{"@type":"PropertyValueSpecification","valueRequired":true,"valueName":"search_term_string"}}],"inLanguage":"ca"},{"@type":"Organization","@id":"https:\/\/sillaselevadoras.es\/#organization","name":"Cadira salvaescales","url":"https:\/\/sillaselevadoras.es\/","logo":{"@type":"ImageObject","inLanguage":"ca","@id":"https:\/\/sillaselevadoras.es\/#\/schema\/logo\/image\/","url":"https:\/\/sillaselevadoras.es\/wp-content\/uploads\/2023\/12\/Sillas-elevadoras-Logo-72-ppp-1.png","contentUrl":"https:\/\/sillaselevadoras.es\/wp-content\/uploads\/2023\/12\/Sillas-elevadoras-Logo-72-ppp-1.png","width":842,"height":596,"caption":"Sillas Elevadoras"},"image":{"@id":"https:\/\/sillaselevadoras.es\/#\/schema\/logo\/image\/"}},{"@type":"Person","@id":"https:\/\/sillaselevadoras.es\/#\/schema\/person\/590cb06f8ea2349a9d10c73c7a3fae7f","name":"Maria","image":{"@type":"ImageObject","inLanguage":"ca","@id":"https:\/\/secure.gravatar.com\/avatar\/8f3d95313af2e174e75a281493f4511eb2b8217150d937dfcd60313a9c85d91e?s=96&d=mm&r=g","url":"https:\/\/secure.gravatar.com\/avatar\/8f3d95313af2e174e75a281493f4511eb2b8217150d937dfcd60313a9c85d91e?s=96&d=mm&r=g","contentUrl":"https:\/\/secure.gravatar.com\/avatar\/8f3d95313af2e174e75a281493f4511eb2b8217150d937dfcd60313a9c85d91e?s=96&d=mm&r=g","caption":"Maria"},"url":"https:\/\/sillaselevadoras.es\/ca\/author\/maria\/"}]}},"_links":{"self":[{"href":"https:\/\/sillaselevadoras.es\/ca\/wp-json\/wp\/v2\/posts\/2645","targetHints":{"allow":["GET"]}}],"collection":[{"href":"https:\/\/sillaselevadoras.es\/ca\/wp-json\/wp\/v2\/posts"}],"about":[{"href":"https:\/\/sillaselevadoras.es\/ca\/wp-json\/wp\/v2\/types\/post"}],"author":[{"embeddable":true,"href":"https:\/\/sillaselevadoras.es\/ca\/wp-json\/wp\/v2\/users\/2"}],"replies":[{"embeddable":true,"href":"https:\/\/sillaselevadoras.es\/ca\/wp-json\/wp\/v2\/comments?post=2645"}],"version-history":[{"count":3,"href":"https:\/\/sillaselevadoras.es\/ca\/wp-json\/wp\/v2\/posts\/2645\/revisions"}],"predecessor-version":[{"id":2650,"href":"https:\/\/sillaselevadoras.es\/ca\/wp-json\/wp\/v2\/posts\/2645\/revisions\/2650"}],"wp:featuredmedia":[{"embeddable":true,"href":"https:\/\/sillaselevadoras.es\/ca\/wp-json\/wp\/v2\/media\/2647"}],"wp:attachment":[{"href":"https:\/\/sillaselevadoras.es\/ca\/wp-json\/wp\/v2\/media?parent=2645"}],"wp:term":[{"taxonomy":"category","embeddable":true,"href":"https:\/\/sillaselevadoras.es\/ca\/wp-json\/wp\/v2\/categories?post=2645"},{"taxonomy":"post_tag","embeddable":true,"href":"https:\/\/sillaselevadoras.es\/ca\/wp-json\/wp\/v2\/tags?post=2645"}],"curies":[{"name":"wp","href":"https:\/\/api.w.org\/{rel}","templated":true}]}}