{"id":2673,"date":"2025-07-23T17:00:50","date_gmt":"2025-07-23T15:00:50","guid":{"rendered":"https:\/\/sillaselevadoras.es\/?p=2673"},"modified":"2025-07-24T13:08:43","modified_gmt":"2025-07-24T11:08:43","slug":"sillas-salvaescaleras-mitos-y-verdades-sobre-la-accesibilidad","status":"publish","type":"post","link":"https:\/\/sillaselevadoras.es\/ca\/2025\/07\/23\/sillas-salvaescaleras-mitos-y-verdades-sobre-la-accesibilidad\/","title":{"rendered":"Sillas salvaescaleras: Mitos y verdades sobre la accesibilidad"},"content":{"rendered":"<div data-elementor-type=\"wp-post\" data-elementor-id=\"2673\" class=\"elementor elementor-2673\" data-elementor-post-type=\"post\">\n\t\t\t\t<div class=\"elementor-element elementor-element-a2457ab e-flex e-con-boxed e-con e-parent\" data-id=\"a2457ab\" data-element_type=\"container\" data-e-type=\"container\">\n\t\t\t\t\t<div class=\"e-con-inner\">\n\t\t\t\t<div class=\"elementor-element elementor-element-180b646c elementor-widget elementor-widget-text-editor\" data-id=\"180b646c\" data-element_type=\"widget\" data-e-type=\"widget\" data-widget_type=\"text-editor.default\">\n\t\t\t\t<div class=\"elementor-widget-container\">\n\t\t\t\t\t\t\t\t\t<h2 data-start=\"493\" data-end=\"562\">Accesibilidad real: la silla salvaescaleras como soluci\u00f3n pr\u00e1ctica<\/h2><p data-start=\"564\" data-end=\"1003\">Cuando hablamos de accesibilidad en el hogar, muchas personas imaginan obras complicadas o soluciones costosas. Sin embargo, la <strong data-start=\"692\" data-end=\"716\">Cadira salvaescales<\/strong> se ha convertido en una opci\u00f3n eficaz, segura y cada vez m\u00e1s accesible. Aun as\u00ed, existen varios mitos que generan dudas y desinformaci\u00f3n. En este art\u00edculo desmontamos creencias err\u00f3neas y aclaramos verdades fundamentales sobre las <strong data-start=\"948\" data-end=\"973\">cadires salvaescales<\/strong> y la accesibilidad dom\u00e9stica.<\/p><h2 data-start=\"1005\" data-end=\"1064\">Mito 1: \u201cLa accesibilidad solo es para personas mayores\u201d<\/h2><p data-start=\"1066\" data-end=\"1480\">Uno de los errores m\u00e1s comunes es pensar que las soluciones como las <strong data-start=\"1135\" data-end=\"1160\">cadires salvaescales<\/strong> solo est\u00e1n destinadas a personas de edad avanzada. En realidad, cualquier persona con movilidad reducida, ya sea de forma temporal o permanente, puede beneficiarse de estos dispositivos. Desde lesiones hasta enfermedades cr\u00f3nicas, la accesibilidad es una necesidad para mejorar la calidad de vida, sin importar la edad.<\/p><h2 data-start=\"1482\" data-end=\"1540\">Mito 2: \u201cLas sillas salvaescaleras son demasiado caras\u201d<\/h2><p data-start=\"1542\" data-end=\"1942\">Es cierto que una <strong data-start=\"1560\" data-end=\"1584\">Cadira salvaescales<\/strong> representa una inversi\u00f3n, pero tambi\u00e9n lo es que hoy en d\u00eda existen <strong data-start=\"1653\" data-end=\"1686\">cadira salvaescales barata<\/strong> adaptadas a distintos presupuestos. Adem\u00e1s, muchas empresas ofrecen facilidades de pago, alquiler temporal e incluso subvenciones o ayudas p\u00fablicas. En sillaselevadoras.es, por ejemplo, se realiza un estudio gratuito para encontrar la opci\u00f3n m\u00e1s adecuada.<\/p><blockquote data-start=\"1944\" data-end=\"2032\"><p data-start=\"1946\" data-end=\"2032\">\ud83d\udd17 <a class=\"\" href=\"https:\/\/www.mayores.gob.es\/\" target=\"_new\" rel=\"noopener\" data-start=\"1949\" data-end=\"2032\">Consulta ayudas a la accesibilidad en mayores.gob.es<\/a><\/p><\/blockquote><h2 data-start=\"2034\" data-end=\"2102\">Mito 3: \u201cInstalar una silla salvaescaleras implica obras en casa\u201d<\/h2><p data-start=\"2104\" data-end=\"2395\">Otro mito com\u00fan es pensar que la instalaci\u00f3n requiere reformas estructurales. Lo cierto es que las <strong data-start=\"2203\" data-end=\"2228\">cadires salvaescales<\/strong> modernas se instalan de forma r\u00e1pida, limpia y sin alterar la estructura de la vivienda. Se fijan al pelda\u00f1o, no a la pared, y se adaptan a escaleras rectas o curvas.<\/p><h2 data-start=\"2397\" data-end=\"2447\">Mito 4: \u201cSolo sirven para escaleras interiores\u201d<\/h2><p data-start=\"2449\" data-end=\"2716\">Gracias a los avances tecnol\u00f3gicos, hoy en d\u00eda existen modelos dise\u00f1ados espec\u00edficamente para exteriores. Las <strong data-start=\"2559\" data-end=\"2584\">cadires salvaescales<\/strong> exteriores est\u00e1n fabricadas con materiales resistentes al clima y permiten salvar escalones o tramos de acceso a patios y jardines.<\/p><h2 data-start=\"2718\" data-end=\"2764\">Verdad 1: Aumentan la seguridad en el hogar<\/h2><p data-start=\"2766\" data-end=\"2985\">Uno de los principales beneficios de una <strong data-start=\"2807\" data-end=\"2831\">Cadira salvaescales<\/strong> es la seguridad. Disminuyen significativamente el riesgo de ca\u00eddas en escaleras, un peligro especialmente relevante para personas con movilidad reducida.<\/p><h2 data-start=\"2987\" data-end=\"3036\">Verdad 2: Mejoran la autonom\u00eda e independencia<\/h2><p data-start=\"3038\" data-end=\"3242\">Una de las mayores ventajas de las <strong data-start=\"3073\" data-end=\"3098\">cadires salvaescales<\/strong> es que permiten a las personas moverse por su hogar sin depender de terceros. Esto influye directamente en su bienestar emocional y autoestima.<\/p><h2 data-start=\"3244\" data-end=\"3306\">Verdad 3: Son compatibles con diferentes tipos de escaleras<\/h2><p data-start=\"3308\" data-end=\"3540\">Hay <strong data-start=\"3312\" data-end=\"3345\">cadira salvaescales barata<\/strong> y tambi\u00e9n modelos m\u00e1s sofisticados, capaces de adaptarse a escaleras estrechas, curvas o con rellanos. Cada instalaci\u00f3n se estudia de forma personalizada para asegurar la mejor soluci\u00f3n posible.<\/p><h2 data-start=\"3542\" data-end=\"3578\">Verdad 4: Revalorizan la vivienda<\/h2><p data-start=\"3580\" data-end=\"3823\">Contar con soluciones de accesibilidad mejora el valor funcional de la vivienda. Para personas mayores o con movilidad reducida, una casa con una <strong data-start=\"3726\" data-end=\"3750\">Cadira salvaescales<\/strong> instalada representa un entorno seguro y preparado para sus necesidades.<\/p><hr data-start=\"3825\" data-end=\"3828\" \/><h2 data-start=\"3830\" data-end=\"3854\">Im\u00e1genes recomendadas<\/h2><ol data-start=\"3856\" data-end=\"4163\"><li data-start=\"3856\" data-end=\"4016\"><p data-start=\"3859\" data-end=\"4016\">Foto de una persona mayor utilizando una <strong data-start=\"3900\" data-end=\"3924\">Cadira salvaescales<\/strong> en una escalera curva.<br data-start=\"3947\" data-end=\"3950\" \/><strong data-start=\"3953\" data-end=\"3961\">Alt:<\/strong> Persona usando silla salvaescaleras en escalera curva.<\/p><\/li><li data-start=\"4018\" data-end=\"4163\"><p data-start=\"4021\" data-end=\"4163\">Imagen de instalaci\u00f3n limpia y r\u00e1pida de una <strong data-start=\"4066\" data-end=\"4090\">Cadira salvaescales<\/strong>.<br data-start=\"4091\" data-end=\"4094\" \/><strong data-start=\"4097\" data-end=\"4105\">Alt:<\/strong> Instalaci\u00f3n sencilla de silla salvaescaleras en vivienda.<\/p><\/li><\/ol><hr data-start=\"4165\" data-end=\"4168\" \/><h2 data-start=\"4170\" data-end=\"4183\">En resumen<\/h2><p data-start=\"4185\" data-end=\"4430\">La accesibilidad no es un lujo, es una necesidad para muchas personas. Romper con los mitos y conocer la realidad de soluciones como las <strong data-start=\"4322\" data-end=\"4347\">cadires salvaescales<\/strong> es el primer paso para tomar decisiones informadas y mejorar el bienestar en casa.<\/p><p data-start=\"4432\" data-end=\"4518\"><strong data-start=\"4432\" data-end=\"4518\">Descobreix com podem ajudar-te a trobar la millor soluci\u00f3 per a les teves necessitats.<\/strong><\/p><hr data-start=\"4520\" data-end=\"4523\" \/><h3 data-start=\"4525\" data-end=\"4581\"><strong data-start=\"4529\" data-end=\"4581\">La teva soluci\u00f3 en mobilitat amb sillaselevadoras.es<\/strong><\/h3><p data-start=\"4583\" data-end=\"4811\">En <strong data-start=\"4586\" data-end=\"4609\">sillaselevadoras.es<\/strong> sabem com \u00e9s important poder moure's amb llibertat i seguretat dins de la teva pr\u00f2pia llar.<br data-start=\"4703\" data-end=\"4706\" \/>Per aix\u00f2, t'oferim les millors <strong data-start=\"4740\" data-end=\"4765\">cadires salvaescales<\/strong> adaptades a les teves necessitats i espai. \ud83c\udfe1\u2b06\ufe0f\u2b07\ufe0f<\/p><p data-start=\"4813\" data-end=\"5108\"><strong data-start=\"4813\" data-end=\"4995\">Comprar una silla salvaescaleras con nosotros es apostar por calidad, profesionalidad y un servicio que te acompa\u00f1a desde la visita t\u00e9cnica hasta mucho despu\u00e9s de la instalaci\u00f3n.<\/strong><br data-start=\"4995\" data-end=\"4998\" \/>Realizaremos un estudio personalizado gratuito para valorar tu escalera y recomendarte el modelo m\u00e1s adecuado.<\/p><p data-start=\"5110\" data-end=\"5385\">Amb <strong data-start=\"5114\" data-end=\"5137\">sillaselevadoras.es<\/strong> disposar\u00e0s de:<br data-start=\"5152\" data-end=\"5155\" \/>\ud83d\udd39 Instal\u00b7laci\u00f3 r\u00e0pida, neta i sense mol\u00e8sties.<br data-start=\"5201\" data-end=\"5204\" \/>\ud83d\udd39 Productes certificats i amb garantia total.<br data-start=\"5251\" data-end=\"5254\" \/>\ud83d\udd39 Servei postvenda i manteniment per a la teva tranquil\u00b7litat.<br data-start=\"5313\" data-end=\"5316\" \/>\ud83d\udd39 Facilitats de pagament flexibles i lloguer temporal si ho necessites.<\/p><p data-start=\"307\" data-end=\"742\">\u00a0<\/p><p data-start=\"5387\" data-end=\"5617\"><strong data-start=\"5387\" data-end=\"5443\">No deixis que les escales limitin la teva independ\u00e8ncia.<\/strong><br data-start=\"5443\" data-end=\"5446\" \/><strong data-start=\"5446\" data-end=\"5617\">Contacta hoy con sillaselevadoras.es y descubre c\u00f3mo podemos mejorar tu calidad de vida con una soluci\u00f3n a medida. Tu bienestar y seguridad son nuestra prioridad. \ud83d\udcde\ud83d\udc99<\/strong><\/p>\t\t\t\t\t\t\t\t<\/div>\n\t\t\t\t<\/div>\n\t\t\t\t\t<\/div>\n\t\t\t\t<\/div>\n\t\t<div class=\"elementor-element elementor-element-0f5511a e-flex e-con-boxed e-con e-parent\" data-id=\"0f5511a\" data-element_type=\"container\" data-e-type=\"container\">\n\t\t\t\t\t<div class=\"e-con-inner\">\n\t\t<div class=\"elementor-element elementor-element-9773086 e-con-full e-flex e-con e-child\" data-id=\"9773086\" data-element_type=\"container\" data-e-type=\"container\">\n\t\t\t\t<div class=\"elementor-element elementor-element-ff56dfe elementor-widget elementor-widget-image\" data-id=\"ff56dfe\" data-element_type=\"widget\" data-e-type=\"widget\" data-widget_type=\"image.default\">\n\t\t\t\t<div class=\"elementor-widget-container\">\n\t\t\t\t\t\t\t\t\t\t\t\t\t\t\t<img fetchpriority=\"high\" decoding=\"async\" width=\"800\" height=\"538\" src=\"https:\/\/sillaselevadoras.es\/wp-content\/uploads\/2024\/05\/Access_BDD_Outdoor-14-1024x689.jpg\" class=\"attachment-large size-large wp-image-2366\" alt=\"\" srcset=\"https:\/\/sillaselevadoras.es\/wp-content\/uploads\/2024\/05\/Access_BDD_Outdoor-14-1024x689.jpg 1024w, https:\/\/sillaselevadoras.es\/wp-content\/uploads\/2024\/05\/Access_BDD_Outdoor-14-300x202.jpg 300w, https:\/\/sillaselevadoras.es\/wp-content\/uploads\/2024\/05\/Access_BDD_Outdoor-14-768x517.jpg 768w, https:\/\/sillaselevadoras.es\/wp-content\/uploads\/2024\/05\/Access_BDD_Outdoor-14-1536x1034.jpg 1536w, https:\/\/sillaselevadoras.es\/wp-content\/uploads\/2024\/05\/Access_BDD_Outdoor-14-2048x1378.jpg 2048w, https:\/\/sillaselevadoras.es\/wp-content\/uploads\/2024\/05\/Access_BDD_Outdoor-14-18x12.jpg 18w\" sizes=\"(max-width: 800px) 100vw, 800px\" \/>\t\t\t\t\t\t\t\t\t\t\t\t\t\t\t<\/div>\n\t\t\t\t<\/div>\n\t\t\t\t<\/div>\n\t\t<div class=\"elementor-element elementor-element-739021d e-con-full e-flex e-con e-child\" data-id=\"739021d\" data-element_type=\"container\" data-e-type=\"container\">\n\t\t<div class=\"elementor-element elementor-element-d83b567 e-con-full e-flex e-con e-child\" data-id=\"d83b567\" data-element_type=\"container\" data-e-type=\"container\">\n\t\t\t\t<div class=\"elementor-element elementor-element-138379a elementor-widget elementor-widget-image\" data-id=\"138379a\" data-element_type=\"widget\" data-e-type=\"widget\" data-widget_type=\"image.default\">\n\t\t\t\t<div class=\"elementor-widget-container\">\n\t\t\t\t\t\t\t\t\t\t\t\t\t\t\t<img decoding=\"async\" width=\"800\" height=\"534\" src=\"https:\/\/sillaselevadoras.es\/wp-content\/uploads\/2024\/05\/Access_BDD_Outdoor-16-1024x683.jpg\" class=\"attachment-large size-large wp-image-2364\" alt=\"\" srcset=\"https:\/\/sillaselevadoras.es\/wp-content\/uploads\/2024\/05\/Access_BDD_Outdoor-16-1024x683.jpg 1024w, https:\/\/sillaselevadoras.es\/wp-content\/uploads\/2024\/05\/Access_BDD_Outdoor-16-300x200.jpg 300w, https:\/\/sillaselevadoras.es\/wp-content\/uploads\/2024\/05\/Access_BDD_Outdoor-16-768x513.jpg 768w, https:\/\/sillaselevadoras.es\/wp-content\/uploads\/2024\/05\/Access_BDD_Outdoor-16-1536x1025.jpg 1536w, https:\/\/sillaselevadoras.es\/wp-content\/uploads\/2024\/05\/Access_BDD_Outdoor-16-2048x1367.jpg 2048w, https:\/\/sillaselevadoras.es\/wp-content\/uploads\/2024\/05\/Access_BDD_Outdoor-16-18x12.jpg 18w\" sizes=\"(max-width: 800px) 100vw, 800px\" \/>\t\t\t\t\t\t\t\t\t\t\t\t\t\t\t<\/div>\n\t\t\t\t<\/div>\n\t\t\t\t<\/div>\n\t\t\t\t<\/div>\n\t\t\t\t\t<\/div>\n\t\t\t\t<\/div>\n\t\t<div class=\"elementor-element elementor-element-1e1c085 e-flex e-con-boxed e-con e-parent\" data-id=\"1e1c085\" data-element_type=\"container\" data-e-type=\"container\">\n\t\t\t\t\t<div class=\"e-con-inner\">\n\t\t\t\t\t<\/div>\n\t\t\t\t<\/div>\n\t\t\t\t<\/div>","protected":false},"excerpt":{"rendered":"<p>Accesibilidad real: la silla salvaescaleras como soluci\u00f3n pr\u00e1ctica Cuando hablamos de accesibilidad en el hogar, muchas personas imaginan obras complicadas o soluciones costosas. Sin embargo, la silla salvaescaleras se ha convertido en una opci\u00f3n eficaz, segura y cada vez m\u00e1s accesible. Aun as\u00ed, existen varios mitos que generan dudas y desinformaci\u00f3n. En este art\u00edculo desmontamos [&hellip;]<\/p>\n","protected":false},"author":2,"featured_media":2675,"comment_status":"closed","ping_status":"open","sticky":false,"template":"","format":"standard","meta":{"_yoast_wpseo_focuskw":"sillas salvaescaleras","_yoast_wpseo_title":"Sillas salvaescaleras: Mitos y verdades sobre la accesibilidad","_yoast_wpseo_metadesc":"Descubre los mitos y verdades sobre la accesibilidad y c\u00f3mo una silla salvaescaleras puede mejorar tu calidad de vida.","_yoast_wpseo_meta-robots-noindex":"","_yoast_wpseo_canonical":"","_yoast_wpseo_opengraph-title":"","_yoast_wpseo_opengraph-description":"","_yoast_wpseo_opengraph-image":"","_yoast_wpseo_twitter-title":"","_yoast_wpseo_twitter-description":"","footnotes":""},"categories":[1],"tags":[],"class_list":["post-2673","post","type-post","status-publish","format-standard","has-post-thumbnail","hentry","category-sin-categoria"],"yoast_head":"<!-- This site is optimized with the Yoast SEO Premium plugin v27.5 (Yoast SEO v27.5) - https:\/\/yoast.com\/product\/yoast-seo-premium-wordpress\/ -->\n<title>Sillas salvaescaleras: Mitos y verdades sobre la accesibilidad<\/title>\n<meta name=\"description\" content=\"Descubre los mitos y verdades sobre la accesibilidad y c\u00f3mo una silla salvaescaleras puede mejorar tu calidad de vida.\" \/>\n<meta name=\"robots\" content=\"index, follow, max-snippet:-1, max-image-preview:large, max-video-preview:-1\" \/>\n<link rel=\"canonical\" href=\"https:\/\/sillaselevadoras.es\/ca\/2025\/07\/23\/sillas-salvaescaleras-mitos-y-verdades-sobre-la-accesibilidad\/\" \/>\n<meta property=\"og:locale\" content=\"ca_ES\" \/>\n<meta property=\"og:type\" content=\"article\" \/>\n<meta property=\"og:title\" content=\"Sillas salvaescaleras: Mitos y verdades sobre la accesibilidad\" \/>\n<meta property=\"og:description\" content=\"Descubre los mitos y verdades sobre la accesibilidad y c\u00f3mo una silla salvaescaleras puede mejorar tu calidad de vida.\" \/>\n<meta property=\"og:url\" content=\"https:\/\/sillaselevadoras.es\/ca\/2025\/07\/23\/sillas-salvaescaleras-mitos-y-verdades-sobre-la-accesibilidad\/\" \/>\n<meta property=\"og:site_name\" content=\"Sillas Elevadoras\" \/>\n<meta property=\"article:published_time\" content=\"2025-07-23T15:00:50+00:00\" \/>\n<meta property=\"article:modified_time\" content=\"2025-07-24T11:08:43+00:00\" \/>\n<meta property=\"og:image\" content=\"https:\/\/sillaselevadoras.es\/wp-content\/uploads\/2025\/07\/ChatGPT-Image-24-jul-2025-12_42_34-1024x683.png\" \/>\n\t<meta property=\"og:image:width\" content=\"1024\" \/>\n\t<meta property=\"og:image:height\" content=\"683\" \/>\n\t<meta property=\"og:image:type\" content=\"image\/png\" \/>\n<meta name=\"author\" content=\"Maria\" \/>\n<meta name=\"twitter:card\" content=\"summary_large_image\" \/>\n<meta name=\"twitter:label1\" content=\"Escrit per\" \/>\n\t<meta name=\"twitter:data1\" content=\"Maria\" \/>\n\t<meta name=\"twitter:label2\" content=\"Temps estimat de lectura\" \/>\n\t<meta name=\"twitter:data2\" content=\"6 minuts\" \/>\n<script type=\"application\/ld+json\" class=\"yoast-schema-graph\">{\"@context\":\"https:\\\/\\\/schema.org\",\"@graph\":[{\"@type\":\"Article\",\"@id\":\"https:\\\/\\\/sillaselevadoras.es\\\/2025\\\/07\\\/23\\\/sillas-salvaescaleras-mitos-y-verdades-sobre-la-accesibilidad\\\/#article\",\"isPartOf\":{\"@id\":\"https:\\\/\\\/sillaselevadoras.es\\\/2025\\\/07\\\/23\\\/sillas-salvaescaleras-mitos-y-verdades-sobre-la-accesibilidad\\\/\"},\"author\":{\"name\":\"Maria\",\"@id\":\"https:\\\/\\\/sillaselevadoras.es\\\/#\\\/schema\\\/person\\\/590cb06f8ea2349a9d10c73c7a3fae7f\"},\"headline\":\"Sillas salvaescaleras: Mitos y verdades sobre la accesibilidad\",\"datePublished\":\"2025-07-23T15:00:50+00:00\",\"dateModified\":\"2025-07-24T11:08:43+00:00\",\"mainEntityOfPage\":{\"@id\":\"https:\\\/\\\/sillaselevadoras.es\\\/2025\\\/07\\\/23\\\/sillas-salvaescaleras-mitos-y-verdades-sobre-la-accesibilidad\\\/\"},\"wordCount\":769,\"publisher\":{\"@id\":\"https:\\\/\\\/sillaselevadoras.es\\\/#organization\"},\"image\":{\"@id\":\"https:\\\/\\\/sillaselevadoras.es\\\/2025\\\/07\\\/23\\\/sillas-salvaescaleras-mitos-y-verdades-sobre-la-accesibilidad\\\/#primaryimage\"},\"thumbnailUrl\":\"https:\\\/\\\/sillaselevadoras.es\\\/wp-content\\\/uploads\\\/2025\\\/07\\\/ChatGPT-Image-24-jul-2025-12_42_34.png\",\"articleSection\":[\"Sin categor\u00eda\"],\"inLanguage\":\"ca\"},{\"@type\":\"WebPage\",\"@id\":\"https:\\\/\\\/sillaselevadoras.es\\\/2025\\\/07\\\/23\\\/sillas-salvaescaleras-mitos-y-verdades-sobre-la-accesibilidad\\\/\",\"url\":\"https:\\\/\\\/sillaselevadoras.es\\\/2025\\\/07\\\/23\\\/sillas-salvaescaleras-mitos-y-verdades-sobre-la-accesibilidad\\\/\",\"name\":\"Sillas salvaescaleras: Mitos y verdades sobre la accesibilidad\",\"isPartOf\":{\"@id\":\"https:\\\/\\\/sillaselevadoras.es\\\/#website\"},\"primaryImageOfPage\":{\"@id\":\"https:\\\/\\\/sillaselevadoras.es\\\/2025\\\/07\\\/23\\\/sillas-salvaescaleras-mitos-y-verdades-sobre-la-accesibilidad\\\/#primaryimage\"},\"image\":{\"@id\":\"https:\\\/\\\/sillaselevadoras.es\\\/2025\\\/07\\\/23\\\/sillas-salvaescaleras-mitos-y-verdades-sobre-la-accesibilidad\\\/#primaryimage\"},\"thumbnailUrl\":\"https:\\\/\\\/sillaselevadoras.es\\\/wp-content\\\/uploads\\\/2025\\\/07\\\/ChatGPT-Image-24-jul-2025-12_42_34.png\",\"datePublished\":\"2025-07-23T15:00:50+00:00\",\"dateModified\":\"2025-07-24T11:08:43+00:00\",\"description\":\"Descubre los mitos y verdades sobre la accesibilidad y c\u00f3mo una silla salvaescaleras puede mejorar tu calidad de vida.\",\"breadcrumb\":{\"@id\":\"https:\\\/\\\/sillaselevadoras.es\\\/2025\\\/07\\\/23\\\/sillas-salvaescaleras-mitos-y-verdades-sobre-la-accesibilidad\\\/#breadcrumb\"},\"inLanguage\":\"ca\",\"potentialAction\":[{\"@type\":\"ReadAction\",\"target\":[\"https:\\\/\\\/sillaselevadoras.es\\\/2025\\\/07\\\/23\\\/sillas-salvaescaleras-mitos-y-verdades-sobre-la-accesibilidad\\\/\"]}]},{\"@type\":\"ImageObject\",\"inLanguage\":\"ca\",\"@id\":\"https:\\\/\\\/sillaselevadoras.es\\\/2025\\\/07\\\/23\\\/sillas-salvaescaleras-mitos-y-verdades-sobre-la-accesibilidad\\\/#primaryimage\",\"url\":\"https:\\\/\\\/sillaselevadoras.es\\\/wp-content\\\/uploads\\\/2025\\\/07\\\/ChatGPT-Image-24-jul-2025-12_42_34.png\",\"contentUrl\":\"https:\\\/\\\/sillaselevadoras.es\\\/wp-content\\\/uploads\\\/2025\\\/07\\\/ChatGPT-Image-24-jul-2025-12_42_34.png\",\"width\":1536,\"height\":1024},{\"@type\":\"BreadcrumbList\",\"@id\":\"https:\\\/\\\/sillaselevadoras.es\\\/2025\\\/07\\\/23\\\/sillas-salvaescaleras-mitos-y-verdades-sobre-la-accesibilidad\\\/#breadcrumb\",\"itemListElement\":[{\"@type\":\"ListItem\",\"position\":1,\"name\":\"Portada\",\"item\":\"https:\\\/\\\/sillaselevadoras.es\\\/\"},{\"@type\":\"ListItem\",\"position\":2,\"name\":\"Sillas salvaescaleras: Mitos y verdades sobre la accesibilidad\"}]},{\"@type\":\"WebSite\",\"@id\":\"https:\\\/\\\/sillaselevadoras.es\\\/#website\",\"url\":\"https:\\\/\\\/sillaselevadoras.es\\\/\",\"name\":\"Sillas Elevadoras\",\"description\":\"Sillas salvaescaleras\",\"publisher\":{\"@id\":\"https:\\\/\\\/sillaselevadoras.es\\\/#organization\"},\"potentialAction\":[{\"@type\":\"SearchAction\",\"target\":{\"@type\":\"EntryPoint\",\"urlTemplate\":\"https:\\\/\\\/sillaselevadoras.es\\\/?s={search_term_string}\"},\"query-input\":{\"@type\":\"PropertyValueSpecification\",\"valueRequired\":true,\"valueName\":\"search_term_string\"}}],\"inLanguage\":\"ca\"},{\"@type\":\"Organization\",\"@id\":\"https:\\\/\\\/sillaselevadoras.es\\\/#organization\",\"name\":\"Sillas Elevadoras\",\"url\":\"https:\\\/\\\/sillaselevadoras.es\\\/\",\"logo\":{\"@type\":\"ImageObject\",\"inLanguage\":\"ca\",\"@id\":\"https:\\\/\\\/sillaselevadoras.es\\\/#\\\/schema\\\/logo\\\/image\\\/\",\"url\":\"https:\\\/\\\/sillaselevadoras.es\\\/wp-content\\\/uploads\\\/2023\\\/12\\\/Sillas-elevadoras-Logo-72-ppp-1.png\",\"contentUrl\":\"https:\\\/\\\/sillaselevadoras.es\\\/wp-content\\\/uploads\\\/2023\\\/12\\\/Sillas-elevadoras-Logo-72-ppp-1.png\",\"width\":842,\"height\":596,\"caption\":\"Sillas Elevadoras\"},\"image\":{\"@id\":\"https:\\\/\\\/sillaselevadoras.es\\\/#\\\/schema\\\/logo\\\/image\\\/\"}},{\"@type\":\"Person\",\"@id\":\"https:\\\/\\\/sillaselevadoras.es\\\/#\\\/schema\\\/person\\\/590cb06f8ea2349a9d10c73c7a3fae7f\",\"name\":\"Maria\",\"image\":{\"@type\":\"ImageObject\",\"inLanguage\":\"ca\",\"@id\":\"https:\\\/\\\/secure.gravatar.com\\\/avatar\\\/8f3d95313af2e174e75a281493f4511eb2b8217150d937dfcd60313a9c85d91e?s=96&d=mm&r=g\",\"url\":\"https:\\\/\\\/secure.gravatar.com\\\/avatar\\\/8f3d95313af2e174e75a281493f4511eb2b8217150d937dfcd60313a9c85d91e?s=96&d=mm&r=g\",\"contentUrl\":\"https:\\\/\\\/secure.gravatar.com\\\/avatar\\\/8f3d95313af2e174e75a281493f4511eb2b8217150d937dfcd60313a9c85d91e?s=96&d=mm&r=g\",\"caption\":\"Maria\"},\"url\":\"https:\\\/\\\/sillaselevadoras.es\\\/ca\\\/author\\\/maria\\\/\"}]}<\/script>\n<!-- \/ Yoast SEO Premium plugin. -->","yoast_head_json":{"title":"Sillas salvaescaleras: Mitos y verdades sobre la accesibilidad","description":"Descubre los mitos y verdades sobre la accesibilidad y c\u00f3mo una silla salvaescaleras puede mejorar tu calidad de vida.","robots":{"index":"index","follow":"follow","max-snippet":"max-snippet:-1","max-image-preview":"max-image-preview:large","max-video-preview":"max-video-preview:-1"},"canonical":"https:\/\/sillaselevadoras.es\/ca\/2025\/07\/23\/sillas-salvaescaleras-mitos-y-verdades-sobre-la-accesibilidad\/","og_locale":"ca_ES","og_type":"article","og_title":"Sillas salvaescaleras: Mitos y verdades sobre la accesibilidad","og_description":"Descubre los mitos y verdades sobre la accesibilidad y c\u00f3mo una silla salvaescaleras puede mejorar tu calidad de vida.","og_url":"https:\/\/sillaselevadoras.es\/ca\/2025\/07\/23\/sillas-salvaescaleras-mitos-y-verdades-sobre-la-accesibilidad\/","og_site_name":"Sillas Elevadoras","article_published_time":"2025-07-23T15:00:50+00:00","article_modified_time":"2025-07-24T11:08:43+00:00","og_image":[{"width":1024,"height":683,"url":"https:\/\/sillaselevadoras.es\/wp-content\/uploads\/2025\/07\/ChatGPT-Image-24-jul-2025-12_42_34-1024x683.png","type":"image\/png"}],"author":"Maria","twitter_card":"summary_large_image","twitter_misc":{"Escrit per":"Maria","Temps estimat de lectura":"6 minuts"},"schema":{"@context":"https:\/\/schema.org","@graph":[{"@type":"Article","@id":"https:\/\/sillaselevadoras.es\/2025\/07\/23\/sillas-salvaescaleras-mitos-y-verdades-sobre-la-accesibilidad\/#article","isPartOf":{"@id":"https:\/\/sillaselevadoras.es\/2025\/07\/23\/sillas-salvaescaleras-mitos-y-verdades-sobre-la-accesibilidad\/"},"author":{"name":"Maria","@id":"https:\/\/sillaselevadoras.es\/#\/schema\/person\/590cb06f8ea2349a9d10c73c7a3fae7f"},"headline":"Sillas salvaescaleras: Mitos y verdades sobre la accesibilidad","datePublished":"2025-07-23T15:00:50+00:00","dateModified":"2025-07-24T11:08:43+00:00","mainEntityOfPage":{"@id":"https:\/\/sillaselevadoras.es\/2025\/07\/23\/sillas-salvaescaleras-mitos-y-verdades-sobre-la-accesibilidad\/"},"wordCount":769,"publisher":{"@id":"https:\/\/sillaselevadoras.es\/#organization"},"image":{"@id":"https:\/\/sillaselevadoras.es\/2025\/07\/23\/sillas-salvaescaleras-mitos-y-verdades-sobre-la-accesibilidad\/#primaryimage"},"thumbnailUrl":"https:\/\/sillaselevadoras.es\/wp-content\/uploads\/2025\/07\/ChatGPT-Image-24-jul-2025-12_42_34.png","articleSection":["Sin categor\u00eda"],"inLanguage":"ca"},{"@type":"WebPage","@id":"https:\/\/sillaselevadoras.es\/2025\/07\/23\/sillas-salvaescaleras-mitos-y-verdades-sobre-la-accesibilidad\/","url":"https:\/\/sillaselevadoras.es\/2025\/07\/23\/sillas-salvaescaleras-mitos-y-verdades-sobre-la-accesibilidad\/","name":"Sillas salvaescaleras: Mitos y verdades sobre la accesibilidad","isPartOf":{"@id":"https:\/\/sillaselevadoras.es\/#website"},"primaryImageOfPage":{"@id":"https:\/\/sillaselevadoras.es\/2025\/07\/23\/sillas-salvaescaleras-mitos-y-verdades-sobre-la-accesibilidad\/#primaryimage"},"image":{"@id":"https:\/\/sillaselevadoras.es\/2025\/07\/23\/sillas-salvaescaleras-mitos-y-verdades-sobre-la-accesibilidad\/#primaryimage"},"thumbnailUrl":"https:\/\/sillaselevadoras.es\/wp-content\/uploads\/2025\/07\/ChatGPT-Image-24-jul-2025-12_42_34.png","datePublished":"2025-07-23T15:00:50+00:00","dateModified":"2025-07-24T11:08:43+00:00","description":"Descubre los mitos y verdades sobre la accesibilidad y c\u00f3mo una silla salvaescaleras puede mejorar tu calidad de vida.","breadcrumb":{"@id":"https:\/\/sillaselevadoras.es\/2025\/07\/23\/sillas-salvaescaleras-mitos-y-verdades-sobre-la-accesibilidad\/#breadcrumb"},"inLanguage":"ca","potentialAction":[{"@type":"ReadAction","target":["https:\/\/sillaselevadoras.es\/2025\/07\/23\/sillas-salvaescaleras-mitos-y-verdades-sobre-la-accesibilidad\/"]}]},{"@type":"ImageObject","inLanguage":"ca","@id":"https:\/\/sillaselevadoras.es\/2025\/07\/23\/sillas-salvaescaleras-mitos-y-verdades-sobre-la-accesibilidad\/#primaryimage","url":"https:\/\/sillaselevadoras.es\/wp-content\/uploads\/2025\/07\/ChatGPT-Image-24-jul-2025-12_42_34.png","contentUrl":"https:\/\/sillaselevadoras.es\/wp-content\/uploads\/2025\/07\/ChatGPT-Image-24-jul-2025-12_42_34.png","width":1536,"height":1024},{"@type":"BreadcrumbList","@id":"https:\/\/sillaselevadoras.es\/2025\/07\/23\/sillas-salvaescaleras-mitos-y-verdades-sobre-la-accesibilidad\/#breadcrumb","itemListElement":[{"@type":"ListItem","position":1,"name":"Portada","item":"https:\/\/sillaselevadoras.es\/"},{"@type":"ListItem","position":2,"name":"Sillas salvaescaleras: Mitos y verdades sobre la accesibilidad"}]},{"@type":"WebSite","@id":"https:\/\/sillaselevadoras.es\/#website","url":"https:\/\/sillaselevadoras.es\/","name":"Cadira salvaescales","description":"Cadiretes salvaescales","publisher":{"@id":"https:\/\/sillaselevadoras.es\/#organization"},"potentialAction":[{"@type":"SearchAction","target":{"@type":"EntryPoint","urlTemplate":"https:\/\/sillaselevadoras.es\/?s={search_term_string}"},"query-input":{"@type":"PropertyValueSpecification","valueRequired":true,"valueName":"search_term_string"}}],"inLanguage":"ca"},{"@type":"Organization","@id":"https:\/\/sillaselevadoras.es\/#organization","name":"Cadira salvaescales","url":"https:\/\/sillaselevadoras.es\/","logo":{"@type":"ImageObject","inLanguage":"ca","@id":"https:\/\/sillaselevadoras.es\/#\/schema\/logo\/image\/","url":"https:\/\/sillaselevadoras.es\/wp-content\/uploads\/2023\/12\/Sillas-elevadoras-Logo-72-ppp-1.png","contentUrl":"https:\/\/sillaselevadoras.es\/wp-content\/uploads\/2023\/12\/Sillas-elevadoras-Logo-72-ppp-1.png","width":842,"height":596,"caption":"Sillas Elevadoras"},"image":{"@id":"https:\/\/sillaselevadoras.es\/#\/schema\/logo\/image\/"}},{"@type":"Person","@id":"https:\/\/sillaselevadoras.es\/#\/schema\/person\/590cb06f8ea2349a9d10c73c7a3fae7f","name":"Maria","image":{"@type":"ImageObject","inLanguage":"ca","@id":"https:\/\/secure.gravatar.com\/avatar\/8f3d95313af2e174e75a281493f4511eb2b8217150d937dfcd60313a9c85d91e?s=96&d=mm&r=g","url":"https:\/\/secure.gravatar.com\/avatar\/8f3d95313af2e174e75a281493f4511eb2b8217150d937dfcd60313a9c85d91e?s=96&d=mm&r=g","contentUrl":"https:\/\/secure.gravatar.com\/avatar\/8f3d95313af2e174e75a281493f4511eb2b8217150d937dfcd60313a9c85d91e?s=96&d=mm&r=g","caption":"Maria"},"url":"https:\/\/sillaselevadoras.es\/ca\/author\/maria\/"}]}},"_links":{"self":[{"href":"https:\/\/sillaselevadoras.es\/ca\/wp-json\/wp\/v2\/posts\/2673","targetHints":{"allow":["GET"]}}],"collection":[{"href":"https:\/\/sillaselevadoras.es\/ca\/wp-json\/wp\/v2\/posts"}],"about":[{"href":"https:\/\/sillaselevadoras.es\/ca\/wp-json\/wp\/v2\/types\/post"}],"author":[{"embeddable":true,"href":"https:\/\/sillaselevadoras.es\/ca\/wp-json\/wp\/v2\/users\/2"}],"replies":[{"embeddable":true,"href":"https:\/\/sillaselevadoras.es\/ca\/wp-json\/wp\/v2\/comments?post=2673"}],"version-history":[{"count":4,"href":"https:\/\/sillaselevadoras.es\/ca\/wp-json\/wp\/v2\/posts\/2673\/revisions"}],"predecessor-version":[{"id":2678,"href":"https:\/\/sillaselevadoras.es\/ca\/wp-json\/wp\/v2\/posts\/2673\/revisions\/2678"}],"wp:featuredmedia":[{"embeddable":true,"href":"https:\/\/sillaselevadoras.es\/ca\/wp-json\/wp\/v2\/media\/2675"}],"wp:attachment":[{"href":"https:\/\/sillaselevadoras.es\/ca\/wp-json\/wp\/v2\/media?parent=2673"}],"wp:term":[{"taxonomy":"category","embeddable":true,"href":"https:\/\/sillaselevadoras.es\/ca\/wp-json\/wp\/v2\/categories?post=2673"},{"taxonomy":"post_tag","embeddable":true,"href":"https:\/\/sillaselevadoras.es\/ca\/wp-json\/wp\/v2\/tags?post=2673"}],"curies":[{"name":"wp","href":"https:\/\/api.w.org\/{rel}","templated":true}]}}