{"id":2780,"date":"2025-08-18T17:00:52","date_gmt":"2025-08-18T15:00:52","guid":{"rendered":"https:\/\/sillaselevadoras.es\/?p=2780"},"modified":"2025-08-19T17:08:49","modified_gmt":"2025-08-19T15:08:49","slug":"cadiras-salvaescales-seguretat-en-els-habitatges","status":"publish","type":"post","link":"https:\/\/sillaselevadoras.es\/ca\/2025\/08\/18\/sillas-salvaescaleras-seguridad-en-las-viviendas\/","title":{"rendered":"Cadiras salvaescales: seguretat als habitatges"},"content":{"rendered":"<div data-elementor-type=\"wp-post\" data-elementor-id=\"2780\" class=\"elementor elementor-2780\" data-elementor-post-type=\"post\">\n\t\t\t\t<div class=\"elementor-element elementor-element-a2457ab e-flex e-con-boxed e-con e-parent\" data-id=\"a2457ab\" data-element_type=\"container\" data-e-type=\"container\">\n\t\t\t\t\t<div class=\"e-con-inner\">\n\t\t\t\t<div class=\"elementor-element elementor-element-180b646c elementor-widget elementor-widget-text-editor\" data-id=\"180b646c\" data-element_type=\"widget\" data-e-type=\"widget\" data-widget_type=\"text-editor.default\">\n\t\t\t\t<div class=\"elementor-widget-container\">\n\t\t\t\t\t\t\t\t\t<p data-start=\"310\" data-end=\"619\">La <strong data-start=\"313\" data-end=\"337\">Cadira salvaescales<\/strong> \u00e9s una de les solucions m\u00e9s segures i pr\u00e0ctiques per millorar la mobilitat en habitatges amb escales. Moltes fam\u00edlies busquen alternatives que aportin confian\u00e7a, autonomia i protecci\u00f3 a aquells que tenen dificultats per pujar o baixar graons, evitant aix\u00ed accidents dom\u00e8stics.<\/p><h2 data-start=\"621\" data-end=\"668\">La import\u00e0ncia de la seguretat a la llar<\/h2><p data-start=\"670\" data-end=\"970\">La llar ha de ser un espai segur per a totes les persones. No obstant aix\u00f2, les escales representen un dels principals punts de risc, especialment per a gent gran i persones amb mobilitat redu\u00efda. Els ensopegades i caigudes a les escales s\u00f3n una de les causes m\u00e9s freq\u00fcents d'accidents a casa.<\/p><p data-start=\"972\" data-end=\"1209\">Instal\u00b7lar <strong data-start=\"981\" data-end=\"1006\">cadires salvaescales<\/strong> \u00e9s una mesura preventiva que incrementa la seguretat i la independ\u00e8ncia dels usuaris. Aquestes solucions permeten despla\u00e7ar-se d'un pis a un altre sense esfor\u00e7 f\u00edsic i sense necessitat d'ajuda constant.<\/p><h2 data-start=\"1211\" data-end=\"1266\">Beneficis principals d'una cadira salvaescales<\/h2><p data-start=\"1268\" data-end=\"1354\">Els avantatges d'instal\u00b7lar una <strong data-start=\"1297\" data-end=\"1321\">Cadira salvaescales<\/strong> en un habitatge s\u00f3n m\u00faltiples:<\/p><ul data-start=\"1356\" data-end=\"1595\"><li data-start=\"1356\" data-end=\"1412\"><p data-start=\"1358\" data-end=\"1412\"><strong data-start=\"1358\" data-end=\"1371\">Seguretat<\/strong>redueix al m\u00ednim el risc de caigudes.<\/p><\/li><li data-start=\"1413\" data-end=\"1469\"><p data-start=\"1415\" data-end=\"1469\"><strong data-start=\"1415\" data-end=\"1428\">Autonomia<\/strong>: permet pujar i baixar sense assist\u00e8ncia.<\/p><\/li><li data-start=\"1470\" data-end=\"1533\"><p data-start=\"1472\" data-end=\"1533\"><strong data-start=\"1472\" data-end=\"1485\">Comoditat<\/strong>el trajecte \u00e9s suau, silenci\u00f3s i senzill.<\/p><\/li><li data-start=\"1534\" data-end=\"1595\"><p data-start=\"1536\" data-end=\"1595\"><strong data-start=\"1536\" data-end=\"1553\">Adaptabilitat<\/strong>: s'adapta a escales rectes o corbes.<\/p><\/li><\/ul><p data-start=\"1597\" data-end=\"1733\">A m\u00e9s, molts <strong data-start=\"1612\" data-end=\"1645\">cadira salvaescales barata<\/strong> ofereixen avui dia prestacions d'alta qualitat sense necessitat de grans inversions.<\/p><h2 data-start=\"1735\" data-end=\"1779\">Caracter\u00edstiques de seguretat integrades<\/h2><p data-start=\"1781\" data-end=\"1864\">Les <strong data-start=\"1785\" data-end=\"1810\">cadires salvaescales<\/strong> modernes inclouen m\u00faltiples elements de seguretat:<\/p><ul data-start=\"1866\" data-end=\"2023\"><li data-start=\"1866\" data-end=\"1892\"><p data-start=\"1868\" data-end=\"1892\">Cintur\u00f3 de seguretat.<\/p><\/li><li data-start=\"1893\" data-end=\"1920\"><p data-start=\"1895\" data-end=\"1920\">Sensors d'obstacles.<\/p><\/li><li data-start=\"1921\" data-end=\"1950\"><p data-start=\"1923\" data-end=\"1950\">Arrencada i aturada suaus.<\/p><\/li><li data-start=\"1951\" data-end=\"1974\"><p data-start=\"1953\" data-end=\"1974\">Comandaments a dist\u00e0ncia.<\/p><\/li><li data-start=\"1975\" data-end=\"2023\"><p data-start=\"1977\" data-end=\"2023\">Seient giratori per a un acc\u00e9s m\u00e9s c\u00f2mode.<\/p><\/li><\/ul><p data-start=\"2025\" data-end=\"2187\">Gr\u00e0cies a aquests sistemes, la <strong data-start=\"2054\" data-end=\"2078\">Cadira salvaescales<\/strong> esdev\u00e9 un aliat fonamental per prevenir accidents i garantir la tranquil\u00b7litat de la fam\u00edlia.<\/p><h2 data-start=\"2189\" data-end=\"2243\">Una persona amb mobilitat redu\u00efda o una persona gran que tingui dificultats per pujar i baixar escales hauria d'instal\u00b7lar una cadira salvaescales.<\/h2><p data-start=\"2245\" data-end=\"2291\">Aquest tipus de dispositius est\u00e0 pensat per a:<\/p><ul data-start=\"2293\" data-end=\"2524\"><li data-start=\"2293\" data-end=\"2362\"><p data-start=\"2295\" data-end=\"2362\">Persones grans que ja no se senten segures en pujar escales.<\/p><\/li><li data-start=\"2363\" data-end=\"2444\"><p data-start=\"2365\" data-end=\"2444\">Persones amb mobilitat redu\u00efda o amb malalties que afecten l'equilibri.<\/p><\/li><li data-start=\"2445\" data-end=\"2524\"><p data-start=\"2447\" data-end=\"2524\">Fam\u00edlies que busquen una soluci\u00f3 pr\u00e0ctica per cuidar els seus \u00e9ssers estimats.<\/p><\/li><\/ul><p data-start=\"2526\" data-end=\"2662\">Optar per <strong data-start=\"2536\" data-end=\"2569\">cadira salvaescales barata<\/strong> pot ser la primera decisi\u00f3 per guanyar seguretat a casa sense fer reformes costoses.<\/p><h2 data-start=\"2664\" data-end=\"2696\">Seguretat i qualitat de vida<\/h2><p data-start=\"2698\" data-end=\"2921\">Una <strong data-start=\"2702\" data-end=\"2726\">Cadira salvaescales<\/strong> no nom\u00e9s aporta seguretat, sin\u00f3 que tamb\u00e9 millora la qualitat de vida. Pujar escales deixa de ser un obstacle, cosa que permet als usuaris romandre m\u00e9s temps a casa seva sense necessitat de mudar-se.<\/p><p data-start=\"2923\" data-end=\"3251\">La <strong data-start=\"2926\" data-end=\"2962\">Organitzaci\u00f3 Mundial de la Salut<\/strong> i entitats com la <a class=\"decorated-link\" href=\"https:\/\/www.cruzroja.es\" target=\"_new\" rel=\"noopener\" data-start=\"2983\" data-end=\"3019\">Creu Roja<\/a> recomanen adequar la llar a les necessitats de les persones amb mobilitat redu\u00efda. Aix\u00f2 inclou tant l'eliminaci\u00f3 de barreres arquitect\u00f2niques com la instal\u00b7laci\u00f3 de dispositius de suport com els <strong data-start=\"3223\" data-end=\"3248\">cadires salvaescales<\/strong>.<\/p><h2 data-start=\"3253\" data-end=\"3287\">Instal\u00b7laci\u00f3 senzilla i r\u00e0pida<\/h2><p data-start=\"3289\" data-end=\"3519\">Un avantatge clau \u00e9s que la seva instal\u00b7laci\u00f3 no requereix obres complicades. Els t\u00e8cnics instal\u00b7len el rail sobre els esglaons, sense modificar l'estructura de l'escala. En poques hores, l'habitatge guanya en accessibilitat i seguretat.<\/p><p data-start=\"3521\" data-end=\"3756\">Si desitges con\u00e8ixer m\u00e9s detalls sobre models i preus, pots visitar la nostra guia de <a class=\"decorated-link\" href=\"https:\/\/sillaselevadoras.es\/ca\/\" target=\"_new\" rel=\"noopener\" data-start=\"3608\" data-end=\"3683\">cadires salvaescales a sillaselevadoras.es<\/a>, on trobareu informaci\u00f3 completa i assessorament especialitzat.<\/p><h2 data-start=\"3758\" data-end=\"3799\">Consells per escollir la millor opci\u00f3<\/h2><p data-start=\"3801\" data-end=\"3876\">Abans de comprar un <strong data-start=\"3823\" data-end=\"3847\">Cadira salvaescales<\/strong>, cal tenir en compte:<\/p><ul data-start=\"3878\" data-end=\"4083\"><li data-start=\"3878\" data-end=\"3915\"><p data-start=\"3880\" data-end=\"3915\">Tipus d'escala (recta o corba).<\/p><\/li><li data-start=\"3916\" data-end=\"3939\"><p data-start=\"3918\" data-end=\"3939\">Espai disponible.<\/p><\/li><li data-start=\"3940\" data-end=\"3968\"><p data-start=\"3942\" data-end=\"3968\">Pes m\u00e0xim que suporta.<\/p><\/li><li data-start=\"3969\" data-end=\"4027\"><p data-start=\"3971\" data-end=\"4027\">Possibilitat de plegar el seient per estalviar espai.<\/p><\/li><li data-start=\"4028\" data-end=\"4083\"><p data-start=\"4030\" data-end=\"4083\">Opcions de compra o lloguer segons el pressupost.<\/p><\/li><\/ul><p data-start=\"4085\" data-end=\"4180\">D'aquesta manera, cada fam\u00edlia pot trobar la soluci\u00f3 que millor s'adapti a les seves necessitats.<\/p><hr data-start=\"4182\" data-end=\"4185\" \/><h3 data-start=\"4187\" data-end=\"4203\">Conclusi\u00f3<\/h3><p data-start=\"4205\" data-end=\"4461\">La instal\u00b7laci\u00f3 d'una <strong data-start=\"4227\" data-end=\"4251\">Cadira salvaescales<\/strong> \u00c9s una decisi\u00f3 que aporta seguretat, autonomia i benestar en el dia a dia. Es tracta d'una inversi\u00f3 que millora la qualitat de vida de qui m\u00e9s ho necessita i garanteix la tranquil\u00b7litat dels seus familiars.<\/p><p data-start=\"4463\" data-end=\"4562\"><strong data-start=\"4463\" data-end=\"4560\">Si vols millorar la teva mobilitat i la teva qualitat de vida, t'animem a confiar en especialistes.<\/strong><\/p><hr data-start=\"4564\" data-end=\"4567\" \/><h2 data-start=\"4569\" data-end=\"4622\">La teva soluci\u00f3 en mobilitat amb sillaselevadoras.es<\/h2><p data-start=\"4624\" data-end=\"4848\">En <strong data-start=\"4627\" data-end=\"4650\">sillaselevadoras.es<\/strong> sabem com \u00e9s important poder moure's amb llibertat i seguretat dins de casa teva. Per aix\u00f2, t'oferim les millors cadires salvaescales adaptades a les teves necessitats i espai. \ud83c\udfe1\u2b06\ufe0f\u2b07\ufe0f<\/p><p data-start=\"4850\" data-end=\"5141\">Comprar un salvaescales amb nosaltres \u00e9s apostar per qualitat, professionalitat i un servei que t'acompanya des de la visita t\u00e8cnica fins a molt despr\u00e9s de la instal\u00b7laci\u00f3. Realitzarem un estudi personalitzat gratu\u00eft per valorar la teva escala i recomanar-te el model m\u00e9s adequat.<\/p><p data-start=\"5143\" data-end=\"5420\">Amb sillaselevadoras.es disposar\u00e0s de:<br data-start=\"5181\" data-end=\"5184\" \/>\ud83d\udd39 Instal\u00b7laci\u00f3 r\u00e0pida, neta i sense mol\u00e8sties.<br data-start=\"5231\" data-end=\"5234\" \/>\ud83d\udd39 Productes certificats i amb garantia total.<br data-start=\"5282\" data-end=\"5285\" \/>\ud83d\udd39 Servei postvenda i manteniment per a la teva tranquil\u00b7litat.<br data-start=\"5345\" data-end=\"5348\" \/>\ud83d\udd39 Facilitats de pagament flexibles i lloguer temporal si ho necessites.<\/p><p data-start=\"5422\" data-end=\"5648\">No deixis que les escales limitin la teva independ\u00e8ncia. Contacta avui amb <strong data-start=\"5492\" data-end=\"5515\">sillaselevadoras.es<\/strong> i descobreix com podem millorar la teva qualitat de vida amb una soluci\u00f3 a mida. El teu benestar i seguretat s\u00f3n la nostra prioritat. \ud83d\udcde\ud83d\udc99<\/p>\t\t\t\t\t\t\t\t<\/div>\n\t\t\t\t<\/div>\n\t\t\t\t\t<\/div>\n\t\t\t\t<\/div>\n\t\t<div class=\"elementor-element elementor-element-0f5511a e-flex e-con-boxed e-con e-parent\" data-id=\"0f5511a\" data-element_type=\"container\" data-e-type=\"container\">\n\t\t\t\t\t<div class=\"e-con-inner\">\n\t\t<div class=\"elementor-element elementor-element-9773086 e-con-full e-flex e-con e-child\" data-id=\"9773086\" data-element_type=\"container\" data-e-type=\"container\">\n\t\t\t\t<div class=\"elementor-element elementor-element-ff56dfe elementor-widget elementor-widget-image\" data-id=\"ff56dfe\" data-element_type=\"widget\" data-e-type=\"widget\" data-widget_type=\"image.default\">\n\t\t\t\t<div class=\"elementor-widget-container\">\n\t\t\t\t\t\t\t\t\t\t\t\t\t\t\t<img fetchpriority=\"high\" decoding=\"async\" width=\"800\" height=\"538\" src=\"https:\/\/sillaselevadoras.es\/wp-content\/uploads\/2024\/05\/Access_BDD_Outdoor-14-1024x689.jpg\" class=\"attachment-large size-large wp-image-2366\" alt=\"\" srcset=\"https:\/\/sillaselevadoras.es\/wp-content\/uploads\/2024\/05\/Access_BDD_Outdoor-14-1024x689.jpg 1024w, https:\/\/sillaselevadoras.es\/wp-content\/uploads\/2024\/05\/Access_BDD_Outdoor-14-300x202.jpg 300w, https:\/\/sillaselevadoras.es\/wp-content\/uploads\/2024\/05\/Access_BDD_Outdoor-14-768x517.jpg 768w, https:\/\/sillaselevadoras.es\/wp-content\/uploads\/2024\/05\/Access_BDD_Outdoor-14-1536x1034.jpg 1536w, https:\/\/sillaselevadoras.es\/wp-content\/uploads\/2024\/05\/Access_BDD_Outdoor-14-2048x1378.jpg 2048w, https:\/\/sillaselevadoras.es\/wp-content\/uploads\/2024\/05\/Access_BDD_Outdoor-14-18x12.jpg 18w\" sizes=\"(max-width: 800px) 100vw, 800px\" \/>\t\t\t\t\t\t\t\t\t\t\t\t\t\t\t<\/div>\n\t\t\t\t<\/div>\n\t\t\t\t<\/div>\n\t\t<div class=\"elementor-element elementor-element-739021d e-con-full e-flex e-con e-child\" data-id=\"739021d\" data-element_type=\"container\" data-e-type=\"container\">\n\t\t<div class=\"elementor-element elementor-element-d83b567 e-con-full e-flex e-con e-child\" data-id=\"d83b567\" data-element_type=\"container\" data-e-type=\"container\">\n\t\t\t\t<div class=\"elementor-element elementor-element-138379a elementor-widget elementor-widget-image\" data-id=\"138379a\" data-element_type=\"widget\" data-e-type=\"widget\" data-widget_type=\"image.default\">\n\t\t\t\t<div class=\"elementor-widget-container\">\n\t\t\t\t\t\t\t\t\t\t\t\t\t\t\t<img decoding=\"async\" width=\"800\" height=\"534\" src=\"https:\/\/sillaselevadoras.es\/wp-content\/uploads\/2024\/05\/Access_BDD_Outdoor-16-1024x683.jpg\" class=\"attachment-large size-large wp-image-2364\" alt=\"\" srcset=\"https:\/\/sillaselevadoras.es\/wp-content\/uploads\/2024\/05\/Access_BDD_Outdoor-16-1024x683.jpg 1024w, https:\/\/sillaselevadoras.es\/wp-content\/uploads\/2024\/05\/Access_BDD_Outdoor-16-300x200.jpg 300w, https:\/\/sillaselevadoras.es\/wp-content\/uploads\/2024\/05\/Access_BDD_Outdoor-16-768x513.jpg 768w, https:\/\/sillaselevadoras.es\/wp-content\/uploads\/2024\/05\/Access_BDD_Outdoor-16-1536x1025.jpg 1536w, https:\/\/sillaselevadoras.es\/wp-content\/uploads\/2024\/05\/Access_BDD_Outdoor-16-2048x1367.jpg 2048w, https:\/\/sillaselevadoras.es\/wp-content\/uploads\/2024\/05\/Access_BDD_Outdoor-16-18x12.jpg 18w\" sizes=\"(max-width: 800px) 100vw, 800px\" \/>\t\t\t\t\t\t\t\t\t\t\t\t\t\t\t<\/div>\n\t\t\t\t<\/div>\n\t\t\t\t<\/div>\n\t\t\t\t<\/div>\n\t\t\t\t\t<\/div>\n\t\t\t\t<\/div>\n\t\t<div class=\"elementor-element elementor-element-1e1c085 e-flex e-con-boxed e-con e-parent\" data-id=\"1e1c085\" data-element_type=\"container\" data-e-type=\"container\">\n\t\t\t\t\t<div class=\"e-con-inner\">\n\t\t\t\t\t<\/div>\n\t\t\t\t<\/div>\n\t\t\t\t<\/div>","protected":false},"excerpt":{"rendered":"<p>La silla salvaescaleras es una de las soluciones m\u00e1s seguras y pr\u00e1cticas para mejorar la movilidad en viviendas con escaleras. Muchas familias buscan alternativas que aporten confianza, autonom\u00eda y protecci\u00f3n a quienes tienen dificultades para subir o bajar pelda\u00f1os, evitando as\u00ed accidentes dom\u00e9sticos. La importancia de la seguridad en el hogar El hogar debe ser [&hellip;]<\/p>\n","protected":false},"author":2,"featured_media":2784,"comment_status":"closed","ping_status":"open","sticky":false,"template":"","format":"standard","meta":{"_yoast_wpseo_focuskw":"sillas salvaescaleras","_yoast_wpseo_title":"Sillas salvaescaleras: seguridad en las viviendas","_yoast_wpseo_metadesc":"Descubre c\u00f3mo una silla salvaescaleras mejora la seguridad en las viviendas y ofrece independencia a personas con movilidad reducida.","_yoast_wpseo_meta-robots-noindex":"","_yoast_wpseo_canonical":"","_yoast_wpseo_opengraph-title":"","_yoast_wpseo_opengraph-description":"","_yoast_wpseo_opengraph-image":"","_yoast_wpseo_twitter-title":"","_yoast_wpseo_twitter-description":"","footnotes":""},"categories":[1],"tags":[],"class_list":["post-2780","post","type-post","status-publish","format-standard","has-post-thumbnail","hentry","category-sin-categoria"],"yoast_head":"<!-- This site is optimized with the Yoast SEO Premium plugin v27.5 (Yoast SEO v27.5) - https:\/\/yoast.com\/product\/yoast-seo-premium-wordpress\/ -->\n<title>Sillas salvaescaleras: seguridad en las viviendas<\/title>\n<meta name=\"description\" content=\"Descubre c\u00f3mo una silla salvaescaleras mejora la seguridad en las viviendas y ofrece independencia a personas con movilidad reducida.\" \/>\n<meta name=\"robots\" content=\"index, follow, max-snippet:-1, max-image-preview:large, max-video-preview:-1\" \/>\n<link rel=\"canonical\" href=\"https:\/\/sillaselevadoras.es\/ca\/2025\/08\/18\/cadiras-salvaescales-seguretat-en-els-habitatges\/\" \/>\n<meta property=\"og:locale\" content=\"ca_ES\" \/>\n<meta property=\"og:type\" content=\"article\" \/>\n<meta property=\"og:title\" content=\"Sillas salvaescaleras: seguridad en las viviendas\" \/>\n<meta property=\"og:description\" content=\"Descubre c\u00f3mo una silla salvaescaleras mejora la seguridad en las viviendas y ofrece independencia a personas con movilidad reducida.\" \/>\n<meta property=\"og:url\" content=\"https:\/\/sillaselevadoras.es\/ca\/2025\/08\/18\/cadiras-salvaescales-seguretat-en-els-habitatges\/\" \/>\n<meta property=\"og:site_name\" content=\"Sillas Elevadoras\" \/>\n<meta property=\"article:published_time\" content=\"2025-08-18T15:00:52+00:00\" \/>\n<meta property=\"article:modified_time\" content=\"2025-08-19T15:08:49+00:00\" \/>\n<meta property=\"og:image\" content=\"https:\/\/sillaselevadoras.es\/wp-content\/uploads\/2025\/08\/ChatGPT-Image-19-ago-2025-16_51_20-1024x683.png\" \/>\n\t<meta property=\"og:image:width\" content=\"1024\" \/>\n\t<meta property=\"og:image:height\" content=\"683\" \/>\n\t<meta property=\"og:image:type\" content=\"image\/png\" \/>\n<meta name=\"author\" content=\"Maria\" \/>\n<meta name=\"twitter:card\" content=\"summary_large_image\" \/>\n<meta name=\"twitter:label1\" content=\"Escrit per\" \/>\n\t<meta name=\"twitter:data1\" content=\"Maria\" \/>\n\t<meta name=\"twitter:label2\" content=\"Temps estimat de lectura\" \/>\n\t<meta name=\"twitter:data2\" content=\"5 minuts\" \/>\n<script type=\"application\/ld+json\" class=\"yoast-schema-graph\">{\"@context\":\"https:\\\/\\\/schema.org\",\"@graph\":[{\"@type\":\"Article\",\"@id\":\"https:\\\/\\\/sillaselevadoras.es\\\/2025\\\/08\\\/18\\\/sillas-salvaescaleras-seguridad-en-las-viviendas\\\/#article\",\"isPartOf\":{\"@id\":\"https:\\\/\\\/sillaselevadoras.es\\\/2025\\\/08\\\/18\\\/sillas-salvaescaleras-seguridad-en-las-viviendas\\\/\"},\"author\":{\"name\":\"Maria\",\"@id\":\"https:\\\/\\\/sillaselevadoras.es\\\/#\\\/schema\\\/person\\\/590cb06f8ea2349a9d10c73c7a3fae7f\"},\"headline\":\"Sillas salvaescaleras: seguridad en las viviendas\",\"datePublished\":\"2025-08-18T15:00:52+00:00\",\"dateModified\":\"2025-08-19T15:08:49+00:00\",\"mainEntityOfPage\":{\"@id\":\"https:\\\/\\\/sillaselevadoras.es\\\/2025\\\/08\\\/18\\\/sillas-salvaescaleras-seguridad-en-las-viviendas\\\/\"},\"wordCount\":816,\"publisher\":{\"@id\":\"https:\\\/\\\/sillaselevadoras.es\\\/#organization\"},\"image\":{\"@id\":\"https:\\\/\\\/sillaselevadoras.es\\\/2025\\\/08\\\/18\\\/sillas-salvaescaleras-seguridad-en-las-viviendas\\\/#primaryimage\"},\"thumbnailUrl\":\"https:\\\/\\\/sillaselevadoras.es\\\/wp-content\\\/uploads\\\/2025\\\/08\\\/ChatGPT-Image-19-ago-2025-16_51_20.png\",\"articleSection\":[\"Sin categor\u00eda\"],\"inLanguage\":\"ca\"},{\"@type\":\"WebPage\",\"@id\":\"https:\\\/\\\/sillaselevadoras.es\\\/2025\\\/08\\\/18\\\/sillas-salvaescaleras-seguridad-en-las-viviendas\\\/\",\"url\":\"https:\\\/\\\/sillaselevadoras.es\\\/2025\\\/08\\\/18\\\/sillas-salvaescaleras-seguridad-en-las-viviendas\\\/\",\"name\":\"Sillas salvaescaleras: seguridad en las viviendas\",\"isPartOf\":{\"@id\":\"https:\\\/\\\/sillaselevadoras.es\\\/#website\"},\"primaryImageOfPage\":{\"@id\":\"https:\\\/\\\/sillaselevadoras.es\\\/2025\\\/08\\\/18\\\/sillas-salvaescaleras-seguridad-en-las-viviendas\\\/#primaryimage\"},\"image\":{\"@id\":\"https:\\\/\\\/sillaselevadoras.es\\\/2025\\\/08\\\/18\\\/sillas-salvaescaleras-seguridad-en-las-viviendas\\\/#primaryimage\"},\"thumbnailUrl\":\"https:\\\/\\\/sillaselevadoras.es\\\/wp-content\\\/uploads\\\/2025\\\/08\\\/ChatGPT-Image-19-ago-2025-16_51_20.png\",\"datePublished\":\"2025-08-18T15:00:52+00:00\",\"dateModified\":\"2025-08-19T15:08:49+00:00\",\"description\":\"Descubre c\u00f3mo una silla salvaescaleras mejora la seguridad en las viviendas y ofrece independencia a personas con movilidad reducida.\",\"breadcrumb\":{\"@id\":\"https:\\\/\\\/sillaselevadoras.es\\\/2025\\\/08\\\/18\\\/sillas-salvaescaleras-seguridad-en-las-viviendas\\\/#breadcrumb\"},\"inLanguage\":\"ca\",\"potentialAction\":[{\"@type\":\"ReadAction\",\"target\":[\"https:\\\/\\\/sillaselevadoras.es\\\/2025\\\/08\\\/18\\\/sillas-salvaescaleras-seguridad-en-las-viviendas\\\/\"]}]},{\"@type\":\"ImageObject\",\"inLanguage\":\"ca\",\"@id\":\"https:\\\/\\\/sillaselevadoras.es\\\/2025\\\/08\\\/18\\\/sillas-salvaescaleras-seguridad-en-las-viviendas\\\/#primaryimage\",\"url\":\"https:\\\/\\\/sillaselevadoras.es\\\/wp-content\\\/uploads\\\/2025\\\/08\\\/ChatGPT-Image-19-ago-2025-16_51_20.png\",\"contentUrl\":\"https:\\\/\\\/sillaselevadoras.es\\\/wp-content\\\/uploads\\\/2025\\\/08\\\/ChatGPT-Image-19-ago-2025-16_51_20.png\",\"width\":1536,\"height\":1024},{\"@type\":\"BreadcrumbList\",\"@id\":\"https:\\\/\\\/sillaselevadoras.es\\\/2025\\\/08\\\/18\\\/sillas-salvaescaleras-seguridad-en-las-viviendas\\\/#breadcrumb\",\"itemListElement\":[{\"@type\":\"ListItem\",\"position\":1,\"name\":\"Portada\",\"item\":\"https:\\\/\\\/sillaselevadoras.es\\\/\"},{\"@type\":\"ListItem\",\"position\":2,\"name\":\"Sillas salvaescaleras: seguridad en las viviendas\"}]},{\"@type\":\"WebSite\",\"@id\":\"https:\\\/\\\/sillaselevadoras.es\\\/#website\",\"url\":\"https:\\\/\\\/sillaselevadoras.es\\\/\",\"name\":\"Sillas Elevadoras\",\"description\":\"Sillas salvaescaleras\",\"publisher\":{\"@id\":\"https:\\\/\\\/sillaselevadoras.es\\\/#organization\"},\"potentialAction\":[{\"@type\":\"SearchAction\",\"target\":{\"@type\":\"EntryPoint\",\"urlTemplate\":\"https:\\\/\\\/sillaselevadoras.es\\\/?s={search_term_string}\"},\"query-input\":{\"@type\":\"PropertyValueSpecification\",\"valueRequired\":true,\"valueName\":\"search_term_string\"}}],\"inLanguage\":\"ca\"},{\"@type\":\"Organization\",\"@id\":\"https:\\\/\\\/sillaselevadoras.es\\\/#organization\",\"name\":\"Sillas Elevadoras\",\"url\":\"https:\\\/\\\/sillaselevadoras.es\\\/\",\"logo\":{\"@type\":\"ImageObject\",\"inLanguage\":\"ca\",\"@id\":\"https:\\\/\\\/sillaselevadoras.es\\\/#\\\/schema\\\/logo\\\/image\\\/\",\"url\":\"https:\\\/\\\/sillaselevadoras.es\\\/wp-content\\\/uploads\\\/2023\\\/12\\\/Sillas-elevadoras-Logo-72-ppp-1.png\",\"contentUrl\":\"https:\\\/\\\/sillaselevadoras.es\\\/wp-content\\\/uploads\\\/2023\\\/12\\\/Sillas-elevadoras-Logo-72-ppp-1.png\",\"width\":842,\"height\":596,\"caption\":\"Sillas Elevadoras\"},\"image\":{\"@id\":\"https:\\\/\\\/sillaselevadoras.es\\\/#\\\/schema\\\/logo\\\/image\\\/\"}},{\"@type\":\"Person\",\"@id\":\"https:\\\/\\\/sillaselevadoras.es\\\/#\\\/schema\\\/person\\\/590cb06f8ea2349a9d10c73c7a3fae7f\",\"name\":\"Maria\",\"image\":{\"@type\":\"ImageObject\",\"inLanguage\":\"ca\",\"@id\":\"https:\\\/\\\/secure.gravatar.com\\\/avatar\\\/8f3d95313af2e174e75a281493f4511eb2b8217150d937dfcd60313a9c85d91e?s=96&d=mm&r=g\",\"url\":\"https:\\\/\\\/secure.gravatar.com\\\/avatar\\\/8f3d95313af2e174e75a281493f4511eb2b8217150d937dfcd60313a9c85d91e?s=96&d=mm&r=g\",\"contentUrl\":\"https:\\\/\\\/secure.gravatar.com\\\/avatar\\\/8f3d95313af2e174e75a281493f4511eb2b8217150d937dfcd60313a9c85d91e?s=96&d=mm&r=g\",\"caption\":\"Maria\"},\"url\":\"https:\\\/\\\/sillaselevadoras.es\\\/ca\\\/author\\\/maria\\\/\"}]}<\/script>\n<!-- \/ Yoast SEO Premium plugin. -->","yoast_head_json":{"title":"Cadiras salvaescales: seguretat als habitatges","description":"Descobreix com una cadira salvaescales millora la seguretat als habitatges i ofereix independ\u00e8ncia a persones amb mobilitat redu\u00efda.","robots":{"index":"index","follow":"follow","max-snippet":"max-snippet:-1","max-image-preview":"max-image-preview:large","max-video-preview":"max-video-preview:-1"},"canonical":"https:\/\/sillaselevadoras.es\/ca\/2025\/08\/18\/cadiras-salvaescales-seguretat-en-els-habitatges\/","og_locale":"ca_ES","og_type":"article","og_title":"Sillas salvaescaleras: seguridad en las viviendas","og_description":"Descubre c\u00f3mo una silla salvaescaleras mejora la seguridad en las viviendas y ofrece independencia a personas con movilidad reducida.","og_url":"https:\/\/sillaselevadoras.es\/ca\/2025\/08\/18\/cadiras-salvaescales-seguretat-en-els-habitatges\/","og_site_name":"Sillas Elevadoras","article_published_time":"2025-08-18T15:00:52+00:00","article_modified_time":"2025-08-19T15:08:49+00:00","og_image":[{"width":1024,"height":683,"url":"https:\/\/sillaselevadoras.es\/wp-content\/uploads\/2025\/08\/ChatGPT-Image-19-ago-2025-16_51_20-1024x683.png","type":"image\/png"}],"author":"Maria","twitter_card":"summary_large_image","twitter_misc":{"Escrit per":"Maria","Temps estimat de lectura":"5 minuts"},"schema":{"@context":"https:\/\/schema.org","@graph":[{"@type":"Article","@id":"https:\/\/sillaselevadoras.es\/2025\/08\/18\/sillas-salvaescaleras-seguridad-en-las-viviendas\/#article","isPartOf":{"@id":"https:\/\/sillaselevadoras.es\/2025\/08\/18\/sillas-salvaescaleras-seguridad-en-las-viviendas\/"},"author":{"name":"Maria","@id":"https:\/\/sillaselevadoras.es\/#\/schema\/person\/590cb06f8ea2349a9d10c73c7a3fae7f"},"headline":"Sillas salvaescaleras: seguridad en las viviendas","datePublished":"2025-08-18T15:00:52+00:00","dateModified":"2025-08-19T15:08:49+00:00","mainEntityOfPage":{"@id":"https:\/\/sillaselevadoras.es\/2025\/08\/18\/sillas-salvaescaleras-seguridad-en-las-viviendas\/"},"wordCount":816,"publisher":{"@id":"https:\/\/sillaselevadoras.es\/#organization"},"image":{"@id":"https:\/\/sillaselevadoras.es\/2025\/08\/18\/sillas-salvaescaleras-seguridad-en-las-viviendas\/#primaryimage"},"thumbnailUrl":"https:\/\/sillaselevadoras.es\/wp-content\/uploads\/2025\/08\/ChatGPT-Image-19-ago-2025-16_51_20.png","articleSection":["Sin categor\u00eda"],"inLanguage":"ca"},{"@type":"WebPage","@id":"https:\/\/sillaselevadoras.es\/2025\/08\/18\/sillas-salvaescaleras-seguridad-en-las-viviendas\/","url":"https:\/\/sillaselevadoras.es\/2025\/08\/18\/sillas-salvaescaleras-seguridad-en-las-viviendas\/","name":"Cadiras salvaescales: seguretat als habitatges","isPartOf":{"@id":"https:\/\/sillaselevadoras.es\/#website"},"primaryImageOfPage":{"@id":"https:\/\/sillaselevadoras.es\/2025\/08\/18\/sillas-salvaescaleras-seguridad-en-las-viviendas\/#primaryimage"},"image":{"@id":"https:\/\/sillaselevadoras.es\/2025\/08\/18\/sillas-salvaescaleras-seguridad-en-las-viviendas\/#primaryimage"},"thumbnailUrl":"https:\/\/sillaselevadoras.es\/wp-content\/uploads\/2025\/08\/ChatGPT-Image-19-ago-2025-16_51_20.png","datePublished":"2025-08-18T15:00:52+00:00","dateModified":"2025-08-19T15:08:49+00:00","description":"Descobreix com una cadira salvaescales millora la seguretat als habitatges i ofereix independ\u00e8ncia a persones amb mobilitat redu\u00efda.","breadcrumb":{"@id":"https:\/\/sillaselevadoras.es\/2025\/08\/18\/sillas-salvaescaleras-seguridad-en-las-viviendas\/#breadcrumb"},"inLanguage":"ca","potentialAction":[{"@type":"ReadAction","target":["https:\/\/sillaselevadoras.es\/2025\/08\/18\/sillas-salvaescaleras-seguridad-en-las-viviendas\/"]}]},{"@type":"ImageObject","inLanguage":"ca","@id":"https:\/\/sillaselevadoras.es\/2025\/08\/18\/sillas-salvaescaleras-seguridad-en-las-viviendas\/#primaryimage","url":"https:\/\/sillaselevadoras.es\/wp-content\/uploads\/2025\/08\/ChatGPT-Image-19-ago-2025-16_51_20.png","contentUrl":"https:\/\/sillaselevadoras.es\/wp-content\/uploads\/2025\/08\/ChatGPT-Image-19-ago-2025-16_51_20.png","width":1536,"height":1024},{"@type":"BreadcrumbList","@id":"https:\/\/sillaselevadoras.es\/2025\/08\/18\/sillas-salvaescaleras-seguridad-en-las-viviendas\/#breadcrumb","itemListElement":[{"@type":"ListItem","position":1,"name":"Portada","item":"https:\/\/sillaselevadoras.es\/"},{"@type":"ListItem","position":2,"name":"Sillas salvaescaleras: seguridad en las viviendas"}]},{"@type":"WebSite","@id":"https:\/\/sillaselevadoras.es\/#website","url":"https:\/\/sillaselevadoras.es\/","name":"Cadira salvaescales","description":"Cadiretes salvaescales","publisher":{"@id":"https:\/\/sillaselevadoras.es\/#organization"},"potentialAction":[{"@type":"SearchAction","target":{"@type":"EntryPoint","urlTemplate":"https:\/\/sillaselevadoras.es\/?s={search_term_string}"},"query-input":{"@type":"PropertyValueSpecification","valueRequired":true,"valueName":"search_term_string"}}],"inLanguage":"ca"},{"@type":"Organization","@id":"https:\/\/sillaselevadoras.es\/#organization","name":"Cadira salvaescales","url":"https:\/\/sillaselevadoras.es\/","logo":{"@type":"ImageObject","inLanguage":"ca","@id":"https:\/\/sillaselevadoras.es\/#\/schema\/logo\/image\/","url":"https:\/\/sillaselevadoras.es\/wp-content\/uploads\/2023\/12\/Sillas-elevadoras-Logo-72-ppp-1.png","contentUrl":"https:\/\/sillaselevadoras.es\/wp-content\/uploads\/2023\/12\/Sillas-elevadoras-Logo-72-ppp-1.png","width":842,"height":596,"caption":"Sillas Elevadoras"},"image":{"@id":"https:\/\/sillaselevadoras.es\/#\/schema\/logo\/image\/"}},{"@type":"Person","@id":"https:\/\/sillaselevadoras.es\/#\/schema\/person\/590cb06f8ea2349a9d10c73c7a3fae7f","name":"Maria","image":{"@type":"ImageObject","inLanguage":"ca","@id":"https:\/\/secure.gravatar.com\/avatar\/8f3d95313af2e174e75a281493f4511eb2b8217150d937dfcd60313a9c85d91e?s=96&d=mm&r=g","url":"https:\/\/secure.gravatar.com\/avatar\/8f3d95313af2e174e75a281493f4511eb2b8217150d937dfcd60313a9c85d91e?s=96&d=mm&r=g","contentUrl":"https:\/\/secure.gravatar.com\/avatar\/8f3d95313af2e174e75a281493f4511eb2b8217150d937dfcd60313a9c85d91e?s=96&d=mm&r=g","caption":"Maria"},"url":"https:\/\/sillaselevadoras.es\/ca\/author\/maria\/"}]}},"_links":{"self":[{"href":"https:\/\/sillaselevadoras.es\/ca\/wp-json\/wp\/v2\/posts\/2780","targetHints":{"allow":["GET"]}}],"collection":[{"href":"https:\/\/sillaselevadoras.es\/ca\/wp-json\/wp\/v2\/posts"}],"about":[{"href":"https:\/\/sillaselevadoras.es\/ca\/wp-json\/wp\/v2\/types\/post"}],"author":[{"embeddable":true,"href":"https:\/\/sillaselevadoras.es\/ca\/wp-json\/wp\/v2\/users\/2"}],"replies":[{"embeddable":true,"href":"https:\/\/sillaselevadoras.es\/ca\/wp-json\/wp\/v2\/comments?post=2780"}],"version-history":[{"count":6,"href":"https:\/\/sillaselevadoras.es\/ca\/wp-json\/wp\/v2\/posts\/2780\/revisions"}],"predecessor-version":[{"id":2787,"href":"https:\/\/sillaselevadoras.es\/ca\/wp-json\/wp\/v2\/posts\/2780\/revisions\/2787"}],"wp:featuredmedia":[{"embeddable":true,"href":"https:\/\/sillaselevadoras.es\/ca\/wp-json\/wp\/v2\/media\/2784"}],"wp:attachment":[{"href":"https:\/\/sillaselevadoras.es\/ca\/wp-json\/wp\/v2\/media?parent=2780"}],"wp:term":[{"taxonomy":"category","embeddable":true,"href":"https:\/\/sillaselevadoras.es\/ca\/wp-json\/wp\/v2\/categories?post=2780"},{"taxonomy":"post_tag","embeddable":true,"href":"https:\/\/sillaselevadoras.es\/ca\/wp-json\/wp\/v2\/tags?post=2780"}],"curies":[{"name":"wp","href":"https:\/\/api.w.org\/{rel}","templated":true}]}}