{"id":2788,"date":"2025-08-20T17:00:26","date_gmt":"2025-08-20T15:00:26","guid":{"rendered":"https:\/\/sillaselevadoras.es\/?p=2788"},"modified":"2025-08-19T17:08:38","modified_gmt":"2025-08-19T15:08:38","slug":"cadires-salvaescales-manteniments-i-calor","status":"publish","type":"post","link":"https:\/\/sillaselevadoras.es\/ca\/2025\/08\/20\/sillas-salvaescaleras-mantenimientos-y-calor\/","title":{"rendered":"Cadira salvaescales: manteniment i escalfor"},"content":{"rendered":"<div data-elementor-type=\"wp-post\" data-elementor-id=\"2788\" class=\"elementor elementor-2788\" data-elementor-post-type=\"post\">\n\t\t\t\t<div class=\"elementor-element elementor-element-a2457ab e-flex e-con-boxed e-con e-parent\" data-id=\"a2457ab\" data-element_type=\"container\" data-e-type=\"container\">\n\t\t\t\t\t<div class=\"e-con-inner\">\n\t\t\t\t<div class=\"elementor-element elementor-element-180b646c elementor-widget elementor-widget-text-editor\" data-id=\"180b646c\" data-element_type=\"widget\" data-e-type=\"widget\" data-widget_type=\"text-editor.default\">\n\t\t\t\t<div class=\"elementor-widget-container\">\n\t\t\t\t\t\t\t\t\t<p data-start=\"359\" data-end=\"746\">Amb l'arribada de la calor de l'estiu, molts usuaris es pregunten com afecta aquesta estaci\u00f3 a la <strong data-start=\"455\" data-end=\"479\">Cadira salvaescales<\/strong> i quines cures s\u00f3n necess\u00e0ries per mantenir-la en condicions \u00f2ptimes. La calor intensa, la humitat i la pols poden influir en el funcionament dels equips, per la qual cosa realitzar manteniments preventius \u00e9s fonamental per garantir seguretat i durabilitat.<\/p><h2 data-start=\"748\" data-end=\"789\">La calor i les cadires salvaescales<\/h2><p data-start=\"791\" data-end=\"965\">Les altes temperatures poden afectar el rendiment dels dispositius el\u00e8ctrics i mec\u00e0nics. En el cas dels <strong data-start=\"906\" data-end=\"931\">cadires salvaescales<\/strong>, \u00e9s important tenir en compte:<\/p><ul data-start=\"967\" data-end=\"1180\"><li data-start=\"967\" data-end=\"1023\"><p data-start=\"969\" data-end=\"1023\"><strong data-start=\"969\" data-end=\"981\">Bateries<\/strong>La calor excessiva en redueix la vida \u00fatil.<\/p><\/li><li data-start=\"1024\" data-end=\"1096\"><p data-start=\"1026\" data-end=\"1096\"><strong data-start=\"1026\" data-end=\"1037\">Motors<\/strong>requereixen ventilaci\u00f3 adequada per no sobreescalfar-se.<\/p><\/li><li data-start=\"1097\" data-end=\"1180\"><p data-start=\"1099\" data-end=\"1180\"><strong data-start=\"1099\" data-end=\"1127\">Components electr\u00f2nics<\/strong>la humitat i la pols de l'estiu els poden fer mal.<\/p><\/li><\/ul><p data-start=\"1182\" data-end=\"1325\">Un bon manteniment ajuda a evitar avaries imprevistes i assegura que la <strong data-start=\"1256\" data-end=\"1280\">Cadira salvaescales<\/strong> funcioni sempre amb suavitat i seguretat.<\/p><h2 data-start=\"1327\" data-end=\"1362\">Manteniment b\u00e0sic a l'estiu<\/h2><p data-start=\"1364\" data-end=\"1450\">Per cuidar el teu <strong data-start=\"1379\" data-end=\"1403\">Cadira salvaescales<\/strong> durant els mesos de calor, et recomanem:<\/p><ol data-start=\"1452\" data-end=\"1840\"><li data-start=\"1452\" data-end=\"1516\"><p data-start=\"1455\" data-end=\"1516\"><strong data-start=\"1455\" data-end=\"1477\">Revisar la bateria<\/strong> freq\u00fcentment i mantenir-la carregada.<\/p><\/li><li data-start=\"1517\" data-end=\"1578\"><p data-start=\"1520\" data-end=\"1578\"><strong data-start=\"1520\" data-end=\"1542\">Netejar els rails<\/strong> per evitar l'acumulaci\u00f3 de pols.<\/p><\/li><li data-start=\"1579\" data-end=\"1670\"><p data-start=\"1582\" data-end=\"1670\"><strong data-start=\"1582\" data-end=\"1628\">Protegir-la de l'exposici\u00f3 directa al sol<\/strong>, especialment a les escales exteriors.<\/p><\/li><li data-start=\"1671\" data-end=\"1756\"><p data-start=\"1674\" data-end=\"1756\"><strong data-start=\"1674\" data-end=\"1720\">Comprovar sensors i cintur\u00f3 de seguretat<\/strong> perqu\u00e8 funcionin correctament.<\/p><\/li><li data-start=\"1757\" data-end=\"1840\"><p data-start=\"1760\" data-end=\"1840\"><strong data-start=\"1760\" data-end=\"1793\">Sol\u00b7licitar revisions t\u00e8cniques<\/strong> peri\u00f3diques amb professionals especialitzats.<\/p><\/li><\/ol><p data-start=\"1842\" data-end=\"1931\">Aquests petits h\u00e0bits allarguen la vida \u00fatil del dispositiu i reforcen la seva seguretat.<\/p><h2 data-start=\"1933\" data-end=\"1978\">Import\u00e0ncia del manteniment preventiu<\/h2><p data-start=\"1980\" data-end=\"2125\">El manteniment preventiu \u00e9s clau per reduir el risc d'avaries i accidents. Una <strong data-start=\"2069\" data-end=\"2093\">Cadira salvaescales<\/strong> revisada regularment ofereix:<\/p><ul data-start=\"2127\" data-end=\"2291\"><li data-start=\"2127\" data-end=\"2159\"><p data-start=\"2129\" data-end=\"2159\">Major seguretat en cada \u00fas.<\/p><\/li><li data-start=\"2160\" data-end=\"2196\"><p data-start=\"2162\" data-end=\"2196\">Estalvi en reparacions costoses.<\/p><\/li><li data-start=\"2197\" data-end=\"2252\"><p data-start=\"2199\" data-end=\"2252\">Rendiment \u00f2ptim fins i tot en condicions de calor.<\/p><\/li><li data-start=\"2253\" data-end=\"2291\"><p data-start=\"2255\" data-end=\"2291\">Tranquil\u00b7litat per a tota la fam\u00edlia.<\/p><\/li><\/ul><p data-start=\"2293\" data-end=\"2472\">Al mercat existeixen <strong data-start=\"2315\" data-end=\"2348\">cadira salvaescales barata<\/strong> que, malgrat el seu preu accessible, requereixen igualment revisions peri\u00f2diques per garantir un funcionament segur.<\/p><h2 data-start=\"2474\" data-end=\"2521\">Seients salvaescales exteriors a l'estiu<\/h2><p data-start=\"2523\" data-end=\"2780\">Si la teva instal\u00b7laci\u00f3 es troba en una escala a l'aire lliure, l'atenci\u00f3 ha de ser encara m\u00e9s gran. Les <strong data-start=\"2621\" data-end=\"2646\">cadires salvaescales<\/strong> els exteriors estan dissenyats amb materials resistents, per\u00f2 el sol i la pluja els poden deteriorar amb el temps. Es recomana:<\/p><ul data-start=\"2782\" data-end=\"2941\"><li data-start=\"2782\" data-end=\"2832\"><p data-start=\"2784\" data-end=\"2832\">Utilitzar fundes protectores quan no s'utilitzin.<\/p><\/li><li data-start=\"2833\" data-end=\"2888\"><p data-start=\"2835\" data-end=\"2888\">Revisar les parts met\u00e0l\u00b7liques per evitar la corrosi\u00f3.<\/p><\/li><li data-start=\"2889\" data-end=\"2941\"><p data-start=\"2891\" data-end=\"2941\">Assegurar una lubricaci\u00f3 adequada dels rails.<\/p><\/li><\/ul><p data-start=\"2943\" data-end=\"3048\">Aix\u00ed, la <strong data-start=\"2951\" data-end=\"2975\">Cadira salvaescales<\/strong> es mantindr\u00e0 sempre a punt, independentment de l'estaci\u00f3 de l'any.<\/p><h2 data-start=\"3050\" data-end=\"3097\">Consells extra per als usuaris a l'estiu<\/h2><p data-start=\"3099\" data-end=\"3221\">L'estiu no nom\u00e9s afecta l'equip, tamb\u00e9 l'usuari. Per a un \u00fas m\u00e9s segur de la <strong data-start=\"3184\" data-end=\"3208\">Cadira salvaescales<\/strong>, conv\u00e9:<\/p><ul data-start=\"3223\" data-end=\"3415\"><li data-start=\"3223\" data-end=\"3285\"><p data-start=\"3225\" data-end=\"3285\">Evitar utilitzar-la amb roba mullada despr\u00e9s de la piscina o dutxa.<\/p><\/li><li data-start=\"3286\" data-end=\"3349\"><p data-start=\"3288\" data-end=\"3349\">Mantingues la zona de l'escala neta i lliure de sorra o pols.<\/p><\/li><li data-start=\"3350\" data-end=\"3415\"><p data-start=\"3352\" data-end=\"3415\">Hidratar-se abans de pujar o baixar si la calor \u00e9s molt intensa.<\/p><\/li><\/ul><p data-start=\"3417\" data-end=\"3499\">D'aquesta manera, s'eviten accidents i es garanteix un \u00fas m\u00e9s c\u00f2mode i saludable.<\/p><h2 data-start=\"3501\" data-end=\"3540\">Suport d'experts en manteniment<\/h2><p data-start=\"3542\" data-end=\"3852\">Comptar amb t\u00e8cnics especialitzats \u00e9s essencial. Ells revisaran els punts clau del dispositiu, ajustaran components i resoldran qualsevol incid\u00e8ncia abans que es converteixi en un problema. A m\u00e9s, t'aconsellaran sobre models, accessoris i <strong data-start=\"3789\" data-end=\"3822\">cadira salvaescales barata<\/strong> adaptades al teu pressupost.<\/p><p data-start=\"3854\" data-end=\"4092\">Si vols con\u00e8ixer m\u00e9s sobre revisions t\u00e8cniques i cures especials a l'estiu, et recomanem visitar <a class=\"decorated-link cursor-pointer\" target=\"_new\" rel=\"noopener\" data-start=\"3960\" data-end=\"4000\">Mayores.gob.es<\/a>, un portal oficial amb informaci\u00f3 \u00fatil sobre cures i seguretat per a persones grans.<\/p><hr data-start=\"4094\" data-end=\"4097\" \/><h3 data-start=\"4099\" data-end=\"4115\">Conclusi\u00f3<\/h3><p data-start=\"4117\" data-end=\"4363\">La calor d'estiu no ha de ser un problema per a tu <strong data-start=\"4177\" data-end=\"4201\">Cadira salvaescales<\/strong> si apliques un bon manteniment. Amb petites rutines de cura i revisions peri\u00f2diques, gaudir\u00e0s de seguretat, comoditat i autonomia durant tot l'any.<\/p><p data-start=\"4365\" data-end=\"4453\"><strong data-start=\"4365\" data-end=\"4451\">Descobreix com podem ajudar-te a trobar la millor soluci\u00f3 per a les teves necessitats.<\/strong><\/p><hr data-start=\"4455\" data-end=\"4458\" \/><h2 data-start=\"4460\" data-end=\"4513\">La teva soluci\u00f3 en mobilitat amb sillaselevadoras.es<\/h2><p data-start=\"4515\" data-end=\"4739\">En <strong data-start=\"4518\" data-end=\"4541\">sillaselevadoras.es<\/strong> sabem com \u00e9s important poder moure's amb llibertat i seguretat dins de casa teva. Per aix\u00f2, t'oferim les millors cadires salvaescales adaptades a les teves necessitats i espai. \ud83c\udfe1\u2b06\ufe0f\u2b07\ufe0f<\/p><p data-start=\"4741\" data-end=\"5032\">Comprar un salvaescales amb nosaltres \u00e9s apostar per qualitat, professionalitat i un servei que t'acompanya des de la visita t\u00e8cnica fins a molt despr\u00e9s de la instal\u00b7laci\u00f3. Realitzarem un estudi personalitzat gratu\u00eft per valorar la teva escala i recomanar-te el model m\u00e9s adequat.<\/p><p data-start=\"5034\" data-end=\"5311\">Amb sillaselevadoras.es disposar\u00e0s de:<br data-start=\"5072\" data-end=\"5075\" \/>\ud83d\udd39 Instal\u00b7laci\u00f3 r\u00e0pida, neta i sense mol\u00e8sties.<br data-start=\"5122\" data-end=\"5125\" \/>\ud83d\udd39 Productes certificats i amb garantia total.<br data-start=\"5173\" data-end=\"5176\" \/>\ud83d\udd39 Servei postvenda i manteniment per a la teva tranquil\u00b7litat.<br data-start=\"5236\" data-end=\"5239\" \/>\ud83d\udd39 Facilitats de pagament flexibles i lloguer temporal si ho necessites.<\/p><p data-start=\"5313\" data-end=\"5539\">No deixis que les escales limitin la teva independ\u00e8ncia. Contacta avui amb <strong data-start=\"5383\" data-end=\"5406\">sillaselevadoras.es<\/strong> i descobreix com podem millorar la teva qualitat de vida amb una soluci\u00f3 a mida. El teu benestar i seguretat s\u00f3n la nostra prioritat. \ud83d\udcde\ud83d\udc99<\/p>\t\t\t\t\t\t\t\t<\/div>\n\t\t\t\t<\/div>\n\t\t\t\t\t<\/div>\n\t\t\t\t<\/div>\n\t\t<div class=\"elementor-element elementor-element-0f5511a e-flex e-con-boxed e-con e-parent\" data-id=\"0f5511a\" data-element_type=\"container\" data-e-type=\"container\">\n\t\t\t\t\t<div class=\"e-con-inner\">\n\t\t<div class=\"elementor-element elementor-element-9773086 e-con-full e-flex e-con e-child\" data-id=\"9773086\" data-element_type=\"container\" data-e-type=\"container\">\n\t\t\t\t<div class=\"elementor-element elementor-element-ff56dfe elementor-widget elementor-widget-image\" data-id=\"ff56dfe\" data-element_type=\"widget\" data-e-type=\"widget\" data-widget_type=\"image.default\">\n\t\t\t\t<div class=\"elementor-widget-container\">\n\t\t\t\t\t\t\t\t\t\t\t\t\t\t\t<img fetchpriority=\"high\" decoding=\"async\" width=\"800\" height=\"538\" src=\"https:\/\/sillaselevadoras.es\/wp-content\/uploads\/2024\/05\/Access_BDD_Outdoor-14-1024x689.jpg\" class=\"attachment-large size-large wp-image-2366\" alt=\"\" srcset=\"https:\/\/sillaselevadoras.es\/wp-content\/uploads\/2024\/05\/Access_BDD_Outdoor-14-1024x689.jpg 1024w, https:\/\/sillaselevadoras.es\/wp-content\/uploads\/2024\/05\/Access_BDD_Outdoor-14-300x202.jpg 300w, https:\/\/sillaselevadoras.es\/wp-content\/uploads\/2024\/05\/Access_BDD_Outdoor-14-768x517.jpg 768w, https:\/\/sillaselevadoras.es\/wp-content\/uploads\/2024\/05\/Access_BDD_Outdoor-14-1536x1034.jpg 1536w, https:\/\/sillaselevadoras.es\/wp-content\/uploads\/2024\/05\/Access_BDD_Outdoor-14-2048x1378.jpg 2048w, https:\/\/sillaselevadoras.es\/wp-content\/uploads\/2024\/05\/Access_BDD_Outdoor-14-18x12.jpg 18w\" sizes=\"(max-width: 800px) 100vw, 800px\" \/>\t\t\t\t\t\t\t\t\t\t\t\t\t\t\t<\/div>\n\t\t\t\t<\/div>\n\t\t\t\t<\/div>\n\t\t<div class=\"elementor-element elementor-element-739021d e-con-full e-flex e-con e-child\" data-id=\"739021d\" data-element_type=\"container\" data-e-type=\"container\">\n\t\t<div class=\"elementor-element elementor-element-d83b567 e-con-full e-flex e-con e-child\" data-id=\"d83b567\" data-element_type=\"container\" data-e-type=\"container\">\n\t\t\t\t<div class=\"elementor-element elementor-element-138379a elementor-widget elementor-widget-image\" data-id=\"138379a\" data-element_type=\"widget\" data-e-type=\"widget\" data-widget_type=\"image.default\">\n\t\t\t\t<div class=\"elementor-widget-container\">\n\t\t\t\t\t\t\t\t\t\t\t\t\t\t\t<img decoding=\"async\" width=\"800\" height=\"534\" src=\"https:\/\/sillaselevadoras.es\/wp-content\/uploads\/2024\/05\/Access_BDD_Outdoor-16-1024x683.jpg\" class=\"attachment-large size-large wp-image-2364\" alt=\"\" srcset=\"https:\/\/sillaselevadoras.es\/wp-content\/uploads\/2024\/05\/Access_BDD_Outdoor-16-1024x683.jpg 1024w, https:\/\/sillaselevadoras.es\/wp-content\/uploads\/2024\/05\/Access_BDD_Outdoor-16-300x200.jpg 300w, https:\/\/sillaselevadoras.es\/wp-content\/uploads\/2024\/05\/Access_BDD_Outdoor-16-768x513.jpg 768w, https:\/\/sillaselevadoras.es\/wp-content\/uploads\/2024\/05\/Access_BDD_Outdoor-16-1536x1025.jpg 1536w, https:\/\/sillaselevadoras.es\/wp-content\/uploads\/2024\/05\/Access_BDD_Outdoor-16-2048x1367.jpg 2048w, https:\/\/sillaselevadoras.es\/wp-content\/uploads\/2024\/05\/Access_BDD_Outdoor-16-18x12.jpg 18w\" sizes=\"(max-width: 800px) 100vw, 800px\" \/>\t\t\t\t\t\t\t\t\t\t\t\t\t\t\t<\/div>\n\t\t\t\t<\/div>\n\t\t\t\t<\/div>\n\t\t\t\t<\/div>\n\t\t\t\t\t<\/div>\n\t\t\t\t<\/div>\n\t\t<div class=\"elementor-element elementor-element-1e1c085 e-flex e-con-boxed e-con e-parent\" data-id=\"1e1c085\" data-element_type=\"container\" data-e-type=\"container\">\n\t\t\t\t\t<div class=\"e-con-inner\">\n\t\t\t\t\t<\/div>\n\t\t\t\t<\/div>\n\t\t\t\t<\/div>","protected":false},"excerpt":{"rendered":"<p>Con la llegada del calor de verano, muchos usuarios se preguntan c\u00f3mo afecta esta estaci\u00f3n a la silla salvaescaleras y qu\u00e9 cuidados son necesarios para mantenerla en \u00f3ptimas condiciones. El calor intenso, la humedad y el polvo pueden influir en el funcionamiento de los equipos, por lo que realizar mantenimientos preventivos es fundamental para garantizar [&hellip;]<\/p>\n","protected":false},"author":2,"featured_media":2790,"comment_status":"closed","ping_status":"open","sticky":false,"template":"","format":"standard","meta":{"_yoast_wpseo_focuskw":"sillas salvaescaleras","_yoast_wpseo_title":"Sillas salvaescaleras: mantenimientos y calor","_yoast_wpseo_metadesc":"Mantener tu silla salvaescaleras en buen estado en verano es clave para optimizar la seguridad y confort del usuario.","_yoast_wpseo_meta-robots-noindex":"","_yoast_wpseo_canonical":"","_yoast_wpseo_opengraph-title":"","_yoast_wpseo_opengraph-description":"","_yoast_wpseo_opengraph-image":"","_yoast_wpseo_twitter-title":"","_yoast_wpseo_twitter-description":"","footnotes":""},"categories":[1],"tags":[],"class_list":["post-2788","post","type-post","status-publish","format-standard","has-post-thumbnail","hentry","category-sin-categoria"],"yoast_head":"<!-- This site is optimized with the Yoast SEO Premium plugin v27.5 (Yoast SEO v27.5) - https:\/\/yoast.com\/product\/yoast-seo-premium-wordpress\/ -->\n<title>Sillas salvaescaleras: mantenimientos y calor<\/title>\n<meta name=\"description\" content=\"Mantener tu silla salvaescaleras en buen estado en verano es clave para optimizar la seguridad y confort del usuario.\" \/>\n<meta name=\"robots\" content=\"index, follow, max-snippet:-1, max-image-preview:large, max-video-preview:-1\" \/>\n<link rel=\"canonical\" href=\"https:\/\/sillaselevadoras.es\/ca\/2025\/08\/20\/cadires-salvaescales-manteniments-i-calor\/\" \/>\n<meta property=\"og:locale\" content=\"ca_ES\" \/>\n<meta property=\"og:type\" content=\"article\" \/>\n<meta property=\"og:title\" content=\"Sillas salvaescaleras: mantenimientos y calor\" \/>\n<meta property=\"og:description\" content=\"Mantener tu silla salvaescaleras en buen estado en verano es clave para optimizar la seguridad y confort del usuario.\" \/>\n<meta property=\"og:url\" content=\"https:\/\/sillaselevadoras.es\/ca\/2025\/08\/20\/cadires-salvaescales-manteniments-i-calor\/\" \/>\n<meta property=\"og:site_name\" content=\"Sillas Elevadoras\" \/>\n<meta property=\"article:published_time\" content=\"2025-08-20T15:00:26+00:00\" \/>\n<meta property=\"og:image\" content=\"https:\/\/sillaselevadoras.es\/wp-content\/uploads\/2025\/08\/ChatGPT-Image-19-ago-2025-17_07_28-1024x683.png\" \/>\n\t<meta property=\"og:image:width\" content=\"1024\" \/>\n\t<meta property=\"og:image:height\" content=\"683\" \/>\n\t<meta property=\"og:image:type\" content=\"image\/png\" \/>\n<meta name=\"author\" content=\"Maria\" \/>\n<meta name=\"twitter:card\" content=\"summary_large_image\" \/>\n<meta name=\"twitter:label1\" content=\"Escrit per\" \/>\n\t<meta name=\"twitter:data1\" content=\"Maria\" \/>\n\t<meta name=\"twitter:label2\" content=\"Temps estimat de lectura\" \/>\n\t<meta name=\"twitter:data2\" content=\"6 minuts\" \/>\n<script type=\"application\/ld+json\" class=\"yoast-schema-graph\">{\"@context\":\"https:\\\/\\\/schema.org\",\"@graph\":[{\"@type\":\"Article\",\"@id\":\"https:\\\/\\\/sillaselevadoras.es\\\/2025\\\/08\\\/20\\\/sillas-salvaescaleras-mantenimientos-y-calor\\\/#article\",\"isPartOf\":{\"@id\":\"https:\\\/\\\/sillaselevadoras.es\\\/2025\\\/08\\\/20\\\/sillas-salvaescaleras-mantenimientos-y-calor\\\/\"},\"author\":{\"name\":\"Maria\",\"@id\":\"https:\\\/\\\/sillaselevadoras.es\\\/#\\\/schema\\\/person\\\/590cb06f8ea2349a9d10c73c7a3fae7f\"},\"headline\":\"Sillas salvaescaleras: mantenimientos y calor\",\"datePublished\":\"2025-08-20T15:00:26+00:00\",\"mainEntityOfPage\":{\"@id\":\"https:\\\/\\\/sillaselevadoras.es\\\/2025\\\/08\\\/20\\\/sillas-salvaescaleras-mantenimientos-y-calor\\\/\"},\"wordCount\":778,\"publisher\":{\"@id\":\"https:\\\/\\\/sillaselevadoras.es\\\/#organization\"},\"image\":{\"@id\":\"https:\\\/\\\/sillaselevadoras.es\\\/2025\\\/08\\\/20\\\/sillas-salvaescaleras-mantenimientos-y-calor\\\/#primaryimage\"},\"thumbnailUrl\":\"https:\\\/\\\/sillaselevadoras.es\\\/wp-content\\\/uploads\\\/2025\\\/08\\\/ChatGPT-Image-19-ago-2025-17_07_28.png\",\"articleSection\":[\"Sin categor\u00eda\"],\"inLanguage\":\"ca\"},{\"@type\":\"WebPage\",\"@id\":\"https:\\\/\\\/sillaselevadoras.es\\\/2025\\\/08\\\/20\\\/sillas-salvaescaleras-mantenimientos-y-calor\\\/\",\"url\":\"https:\\\/\\\/sillaselevadoras.es\\\/2025\\\/08\\\/20\\\/sillas-salvaescaleras-mantenimientos-y-calor\\\/\",\"name\":\"Sillas salvaescaleras: mantenimientos y calor\",\"isPartOf\":{\"@id\":\"https:\\\/\\\/sillaselevadoras.es\\\/#website\"},\"primaryImageOfPage\":{\"@id\":\"https:\\\/\\\/sillaselevadoras.es\\\/2025\\\/08\\\/20\\\/sillas-salvaescaleras-mantenimientos-y-calor\\\/#primaryimage\"},\"image\":{\"@id\":\"https:\\\/\\\/sillaselevadoras.es\\\/2025\\\/08\\\/20\\\/sillas-salvaescaleras-mantenimientos-y-calor\\\/#primaryimage\"},\"thumbnailUrl\":\"https:\\\/\\\/sillaselevadoras.es\\\/wp-content\\\/uploads\\\/2025\\\/08\\\/ChatGPT-Image-19-ago-2025-17_07_28.png\",\"datePublished\":\"2025-08-20T15:00:26+00:00\",\"description\":\"Mantener tu silla salvaescaleras en buen estado en verano es clave para optimizar la seguridad y confort del usuario.\",\"breadcrumb\":{\"@id\":\"https:\\\/\\\/sillaselevadoras.es\\\/2025\\\/08\\\/20\\\/sillas-salvaescaleras-mantenimientos-y-calor\\\/#breadcrumb\"},\"inLanguage\":\"ca\",\"potentialAction\":[{\"@type\":\"ReadAction\",\"target\":[\"https:\\\/\\\/sillaselevadoras.es\\\/2025\\\/08\\\/20\\\/sillas-salvaescaleras-mantenimientos-y-calor\\\/\"]}]},{\"@type\":\"ImageObject\",\"inLanguage\":\"ca\",\"@id\":\"https:\\\/\\\/sillaselevadoras.es\\\/2025\\\/08\\\/20\\\/sillas-salvaescaleras-mantenimientos-y-calor\\\/#primaryimage\",\"url\":\"https:\\\/\\\/sillaselevadoras.es\\\/wp-content\\\/uploads\\\/2025\\\/08\\\/ChatGPT-Image-19-ago-2025-17_07_28.png\",\"contentUrl\":\"https:\\\/\\\/sillaselevadoras.es\\\/wp-content\\\/uploads\\\/2025\\\/08\\\/ChatGPT-Image-19-ago-2025-17_07_28.png\",\"width\":1536,\"height\":1024},{\"@type\":\"BreadcrumbList\",\"@id\":\"https:\\\/\\\/sillaselevadoras.es\\\/2025\\\/08\\\/20\\\/sillas-salvaescaleras-mantenimientos-y-calor\\\/#breadcrumb\",\"itemListElement\":[{\"@type\":\"ListItem\",\"position\":1,\"name\":\"Portada\",\"item\":\"https:\\\/\\\/sillaselevadoras.es\\\/\"},{\"@type\":\"ListItem\",\"position\":2,\"name\":\"Sillas salvaescaleras: mantenimientos y calor\"}]},{\"@type\":\"WebSite\",\"@id\":\"https:\\\/\\\/sillaselevadoras.es\\\/#website\",\"url\":\"https:\\\/\\\/sillaselevadoras.es\\\/\",\"name\":\"Sillas Elevadoras\",\"description\":\"Sillas salvaescaleras\",\"publisher\":{\"@id\":\"https:\\\/\\\/sillaselevadoras.es\\\/#organization\"},\"potentialAction\":[{\"@type\":\"SearchAction\",\"target\":{\"@type\":\"EntryPoint\",\"urlTemplate\":\"https:\\\/\\\/sillaselevadoras.es\\\/?s={search_term_string}\"},\"query-input\":{\"@type\":\"PropertyValueSpecification\",\"valueRequired\":true,\"valueName\":\"search_term_string\"}}],\"inLanguage\":\"ca\"},{\"@type\":\"Organization\",\"@id\":\"https:\\\/\\\/sillaselevadoras.es\\\/#organization\",\"name\":\"Sillas Elevadoras\",\"url\":\"https:\\\/\\\/sillaselevadoras.es\\\/\",\"logo\":{\"@type\":\"ImageObject\",\"inLanguage\":\"ca\",\"@id\":\"https:\\\/\\\/sillaselevadoras.es\\\/#\\\/schema\\\/logo\\\/image\\\/\",\"url\":\"https:\\\/\\\/sillaselevadoras.es\\\/wp-content\\\/uploads\\\/2023\\\/12\\\/Sillas-elevadoras-Logo-72-ppp-1.png\",\"contentUrl\":\"https:\\\/\\\/sillaselevadoras.es\\\/wp-content\\\/uploads\\\/2023\\\/12\\\/Sillas-elevadoras-Logo-72-ppp-1.png\",\"width\":842,\"height\":596,\"caption\":\"Sillas Elevadoras\"},\"image\":{\"@id\":\"https:\\\/\\\/sillaselevadoras.es\\\/#\\\/schema\\\/logo\\\/image\\\/\"}},{\"@type\":\"Person\",\"@id\":\"https:\\\/\\\/sillaselevadoras.es\\\/#\\\/schema\\\/person\\\/590cb06f8ea2349a9d10c73c7a3fae7f\",\"name\":\"Maria\",\"image\":{\"@type\":\"ImageObject\",\"inLanguage\":\"ca\",\"@id\":\"https:\\\/\\\/secure.gravatar.com\\\/avatar\\\/8f3d95313af2e174e75a281493f4511eb2b8217150d937dfcd60313a9c85d91e?s=96&d=mm&r=g\",\"url\":\"https:\\\/\\\/secure.gravatar.com\\\/avatar\\\/8f3d95313af2e174e75a281493f4511eb2b8217150d937dfcd60313a9c85d91e?s=96&d=mm&r=g\",\"contentUrl\":\"https:\\\/\\\/secure.gravatar.com\\\/avatar\\\/8f3d95313af2e174e75a281493f4511eb2b8217150d937dfcd60313a9c85d91e?s=96&d=mm&r=g\",\"caption\":\"Maria\"},\"url\":\"https:\\\/\\\/sillaselevadoras.es\\\/ca\\\/author\\\/maria\\\/\"}]}<\/script>\n<!-- \/ Yoast SEO Premium plugin. -->","yoast_head_json":{"title":"Cadira salvaescales: manteniment i escalfor","description":"Mantenir la teva cadira salvaescales en bon estat a l'estiu \u00e9s clau per optimitzar la seguretat i el confort de l'usuari.","robots":{"index":"index","follow":"follow","max-snippet":"max-snippet:-1","max-image-preview":"max-image-preview:large","max-video-preview":"max-video-preview:-1"},"canonical":"https:\/\/sillaselevadoras.es\/ca\/2025\/08\/20\/cadires-salvaescales-manteniments-i-calor\/","og_locale":"ca_ES","og_type":"article","og_title":"Sillas salvaescaleras: mantenimientos y calor","og_description":"Mantener tu silla salvaescaleras en buen estado en verano es clave para optimizar la seguridad y confort del usuario.","og_url":"https:\/\/sillaselevadoras.es\/ca\/2025\/08\/20\/cadires-salvaescales-manteniments-i-calor\/","og_site_name":"Sillas Elevadoras","article_published_time":"2025-08-20T15:00:26+00:00","og_image":[{"width":1024,"height":683,"url":"https:\/\/sillaselevadoras.es\/wp-content\/uploads\/2025\/08\/ChatGPT-Image-19-ago-2025-17_07_28-1024x683.png","type":"image\/png"}],"author":"Maria","twitter_card":"summary_large_image","twitter_misc":{"Escrit per":"Maria","Temps estimat de lectura":"6 minuts"},"schema":{"@context":"https:\/\/schema.org","@graph":[{"@type":"Article","@id":"https:\/\/sillaselevadoras.es\/2025\/08\/20\/sillas-salvaescaleras-mantenimientos-y-calor\/#article","isPartOf":{"@id":"https:\/\/sillaselevadoras.es\/2025\/08\/20\/sillas-salvaescaleras-mantenimientos-y-calor\/"},"author":{"name":"Maria","@id":"https:\/\/sillaselevadoras.es\/#\/schema\/person\/590cb06f8ea2349a9d10c73c7a3fae7f"},"headline":"Sillas salvaescaleras: mantenimientos y calor","datePublished":"2025-08-20T15:00:26+00:00","mainEntityOfPage":{"@id":"https:\/\/sillaselevadoras.es\/2025\/08\/20\/sillas-salvaescaleras-mantenimientos-y-calor\/"},"wordCount":778,"publisher":{"@id":"https:\/\/sillaselevadoras.es\/#organization"},"image":{"@id":"https:\/\/sillaselevadoras.es\/2025\/08\/20\/sillas-salvaescaleras-mantenimientos-y-calor\/#primaryimage"},"thumbnailUrl":"https:\/\/sillaselevadoras.es\/wp-content\/uploads\/2025\/08\/ChatGPT-Image-19-ago-2025-17_07_28.png","articleSection":["Sin categor\u00eda"],"inLanguage":"ca"},{"@type":"WebPage","@id":"https:\/\/sillaselevadoras.es\/2025\/08\/20\/sillas-salvaescaleras-mantenimientos-y-calor\/","url":"https:\/\/sillaselevadoras.es\/2025\/08\/20\/sillas-salvaescaleras-mantenimientos-y-calor\/","name":"Cadira salvaescales: manteniment i escalfor","isPartOf":{"@id":"https:\/\/sillaselevadoras.es\/#website"},"primaryImageOfPage":{"@id":"https:\/\/sillaselevadoras.es\/2025\/08\/20\/sillas-salvaescaleras-mantenimientos-y-calor\/#primaryimage"},"image":{"@id":"https:\/\/sillaselevadoras.es\/2025\/08\/20\/sillas-salvaescaleras-mantenimientos-y-calor\/#primaryimage"},"thumbnailUrl":"https:\/\/sillaselevadoras.es\/wp-content\/uploads\/2025\/08\/ChatGPT-Image-19-ago-2025-17_07_28.png","datePublished":"2025-08-20T15:00:26+00:00","description":"Mantenir la teva cadira salvaescales en bon estat a l'estiu \u00e9s clau per optimitzar la seguretat i el confort de l'usuari.","breadcrumb":{"@id":"https:\/\/sillaselevadoras.es\/2025\/08\/20\/sillas-salvaescaleras-mantenimientos-y-calor\/#breadcrumb"},"inLanguage":"ca","potentialAction":[{"@type":"ReadAction","target":["https:\/\/sillaselevadoras.es\/2025\/08\/20\/sillas-salvaescaleras-mantenimientos-y-calor\/"]}]},{"@type":"ImageObject","inLanguage":"ca","@id":"https:\/\/sillaselevadoras.es\/2025\/08\/20\/sillas-salvaescaleras-mantenimientos-y-calor\/#primaryimage","url":"https:\/\/sillaselevadoras.es\/wp-content\/uploads\/2025\/08\/ChatGPT-Image-19-ago-2025-17_07_28.png","contentUrl":"https:\/\/sillaselevadoras.es\/wp-content\/uploads\/2025\/08\/ChatGPT-Image-19-ago-2025-17_07_28.png","width":1536,"height":1024},{"@type":"BreadcrumbList","@id":"https:\/\/sillaselevadoras.es\/2025\/08\/20\/sillas-salvaescaleras-mantenimientos-y-calor\/#breadcrumb","itemListElement":[{"@type":"ListItem","position":1,"name":"Portada","item":"https:\/\/sillaselevadoras.es\/"},{"@type":"ListItem","position":2,"name":"Sillas salvaescaleras: mantenimientos y calor"}]},{"@type":"WebSite","@id":"https:\/\/sillaselevadoras.es\/#website","url":"https:\/\/sillaselevadoras.es\/","name":"Cadira salvaescales","description":"Cadiretes salvaescales","publisher":{"@id":"https:\/\/sillaselevadoras.es\/#organization"},"potentialAction":[{"@type":"SearchAction","target":{"@type":"EntryPoint","urlTemplate":"https:\/\/sillaselevadoras.es\/?s={search_term_string}"},"query-input":{"@type":"PropertyValueSpecification","valueRequired":true,"valueName":"search_term_string"}}],"inLanguage":"ca"},{"@type":"Organization","@id":"https:\/\/sillaselevadoras.es\/#organization","name":"Cadira salvaescales","url":"https:\/\/sillaselevadoras.es\/","logo":{"@type":"ImageObject","inLanguage":"ca","@id":"https:\/\/sillaselevadoras.es\/#\/schema\/logo\/image\/","url":"https:\/\/sillaselevadoras.es\/wp-content\/uploads\/2023\/12\/Sillas-elevadoras-Logo-72-ppp-1.png","contentUrl":"https:\/\/sillaselevadoras.es\/wp-content\/uploads\/2023\/12\/Sillas-elevadoras-Logo-72-ppp-1.png","width":842,"height":596,"caption":"Sillas Elevadoras"},"image":{"@id":"https:\/\/sillaselevadoras.es\/#\/schema\/logo\/image\/"}},{"@type":"Person","@id":"https:\/\/sillaselevadoras.es\/#\/schema\/person\/590cb06f8ea2349a9d10c73c7a3fae7f","name":"Maria","image":{"@type":"ImageObject","inLanguage":"ca","@id":"https:\/\/secure.gravatar.com\/avatar\/8f3d95313af2e174e75a281493f4511eb2b8217150d937dfcd60313a9c85d91e?s=96&d=mm&r=g","url":"https:\/\/secure.gravatar.com\/avatar\/8f3d95313af2e174e75a281493f4511eb2b8217150d937dfcd60313a9c85d91e?s=96&d=mm&r=g","contentUrl":"https:\/\/secure.gravatar.com\/avatar\/8f3d95313af2e174e75a281493f4511eb2b8217150d937dfcd60313a9c85d91e?s=96&d=mm&r=g","caption":"Maria"},"url":"https:\/\/sillaselevadoras.es\/ca\/author\/maria\/"}]}},"_links":{"self":[{"href":"https:\/\/sillaselevadoras.es\/ca\/wp-json\/wp\/v2\/posts\/2788","targetHints":{"allow":["GET"]}}],"collection":[{"href":"https:\/\/sillaselevadoras.es\/ca\/wp-json\/wp\/v2\/posts"}],"about":[{"href":"https:\/\/sillaselevadoras.es\/ca\/wp-json\/wp\/v2\/types\/post"}],"author":[{"embeddable":true,"href":"https:\/\/sillaselevadoras.es\/ca\/wp-json\/wp\/v2\/users\/2"}],"replies":[{"embeddable":true,"href":"https:\/\/sillaselevadoras.es\/ca\/wp-json\/wp\/v2\/comments?post=2788"}],"version-history":[{"count":4,"href":"https:\/\/sillaselevadoras.es\/ca\/wp-json\/wp\/v2\/posts\/2788\/revisions"}],"predecessor-version":[{"id":2793,"href":"https:\/\/sillaselevadoras.es\/ca\/wp-json\/wp\/v2\/posts\/2788\/revisions\/2793"}],"wp:featuredmedia":[{"embeddable":true,"href":"https:\/\/sillaselevadoras.es\/ca\/wp-json\/wp\/v2\/media\/2790"}],"wp:attachment":[{"href":"https:\/\/sillaselevadoras.es\/ca\/wp-json\/wp\/v2\/media?parent=2788"}],"wp:term":[{"taxonomy":"category","embeddable":true,"href":"https:\/\/sillaselevadoras.es\/ca\/wp-json\/wp\/v2\/categories?post=2788"},{"taxonomy":"post_tag","embeddable":true,"href":"https:\/\/sillaselevadoras.es\/ca\/wp-json\/wp\/v2\/tags?post=2788"}],"curies":[{"name":"wp","href":"https:\/\/api.w.org\/{rel}","templated":true}]}}