{"id":2795,"date":"2025-08-29T17:00:50","date_gmt":"2025-08-29T15:00:50","guid":{"rendered":"https:\/\/sillaselevadoras.es\/?p=2795"},"modified":"2025-09-06T17:32:00","modified_gmt":"2025-09-06T15:32:00","slug":"cadiretes-salvaescales-accessibilitat-i-salut-mental","status":"publish","type":"post","link":"https:\/\/sillaselevadoras.es\/ca\/2025\/08\/29\/sillas-salvaescaleras-accesibilidad-y-salud-mental\/","title":{"rendered":"Cadires salvaescales: accessibilitat i salut mental"},"content":{"rendered":"<div data-elementor-type=\"wp-post\" data-elementor-id=\"2795\" class=\"elementor elementor-2795\" data-elementor-post-type=\"post\">\n\t\t\t\t<div class=\"elementor-element elementor-element-a2457ab e-flex e-con-boxed e-con e-parent\" data-id=\"a2457ab\" data-element_type=\"container\" data-e-type=\"container\">\n\t\t\t\t\t<div class=\"e-con-inner\">\n\t\t\t\t<div class=\"elementor-element elementor-element-180b646c elementor-widget elementor-widget-text-editor\" data-id=\"180b646c\" data-element_type=\"widget\" data-e-type=\"widget\" data-widget_type=\"text-editor.default\">\n\t\t\t\t<div class=\"elementor-widget-container\">\n\t\t\t\t\t\t\t\t\t<p data-start=\"278\" data-end=\"723\">La <strong data-start=\"281\" data-end=\"305\">Cadira salvaescales<\/strong> no nom\u00e9s representa una soluci\u00f3 pr\u00e0ctica per superar les barreres arquitect\u00f2niques a la llar, sin\u00f3 que tamb\u00e9 influeix de manera directa en la salut mental de les persones. La p\u00e8rdua d'autonomia i la dificultat per moure's lliurement per casa s\u00f3n factors que generen ansietat, tristesa i, en molts casos, a\u00efllament social. Apostar per l'accessibilitat \u00e9s, en conseq\u00fc\u00e8ncia, cuidar tamb\u00e9 del benestar emocional.<\/p><hr data-start=\"725\" data-end=\"728\" \/><h2 data-start=\"730\" data-end=\"773\">Accessibilitat: molt m\u00e9s que comoditat<\/h2><p data-start=\"775\" data-end=\"1002\">Quan parlem d'accessibilitat, solem pensar \u00fanicament en rampes o ascensors. Tanmateix, les <strong data-start=\"876\" data-end=\"901\">cadires salvaescales<\/strong> s\u00f3n un recurs essencial per a aquelles persones amb mobilitat redu\u00efda que desitgen mantenir la seva independ\u00e8ncia.<\/p><p data-start=\"1004\" data-end=\"1253\">Tenir una casa accessible significa poder despla\u00e7ar-se sense por de caigudes, sense la necessitat constant d'ajuda externa i amb la confian\u00e7a que cada espai est\u00e0 a l'abast. Aix\u00f2 repercuteix directament en l'autoestima i en la qualitat de vida.<\/p><hr data-start=\"1255\" data-end=\"1258\" \/><h2 data-start=\"1260\" data-end=\"1305\">Salut mental i autonomia en el dia a dia<\/h2><p data-start=\"1307\" data-end=\"1561\">La manca d'accessibilitat a la llar pot ser un detonant de problemes emocionals com depressi\u00f3 o ansietat. Haver de dependre d'altres per a tasques simples, com pujar o baixar una escala, genera sentiments de frustraci\u00f3 i p\u00e8rdua de dignitat.<\/p><p data-start=\"1563\" data-end=\"1833\">Amb una cadira salvaescales, les persones recuperen el control dels seus moviments i, amb aix\u00f2, una part essencial del seu benestar psicol\u00f2gic. L'autonomia refor\u00e7a la sensaci\u00f3 de llibertat, redueix l'a\u00efllament i promou la participaci\u00f3 en activitats quotidianes.<\/p><hr data-start=\"1835\" data-end=\"1838\" \/><h2 data-start=\"1840\" data-end=\"1892\">Beneficis d'instal\u00b7lar una cadira salvaescales<\/h2><ul data-start=\"1894\" data-end=\"2228\"><li data-start=\"1894\" data-end=\"1966\"><p data-start=\"1896\" data-end=\"1966\"><strong data-start=\"1896\" data-end=\"1921\">Seguretat i confian\u00e7a<\/strong>: elimina el risc de caigudes a les escales.<\/p><\/li><li data-start=\"1967\" data-end=\"2047\"><p data-start=\"1969\" data-end=\"2047\"><strong data-start=\"1969\" data-end=\"1991\">Autonomia personal<\/strong>Independ\u00e8ncia en els despla\u00e7aments dins de casa.<\/p><\/li><li data-start=\"2048\" data-end=\"2144\"><p data-start=\"2050\" data-end=\"2144\"><strong data-start=\"2050\" data-end=\"2074\">Reducci\u00f3 de l'estr\u00e8s<\/strong>: menys preocupaci\u00f3 tant per a l'usuari com per als seus familiars.<\/p><\/li><li data-start=\"2145\" data-end=\"2228\"><p data-start=\"2147\" data-end=\"2228\"><strong data-start=\"2147\" data-end=\"2177\">Millora de l'estat d'\u00e0nim<\/strong>: principal motivaci\u00f3 per mantenir una vida activa.<\/p><\/li><\/ul><hr data-start=\"2230\" data-end=\"2233\" \/><h2 data-start=\"2235\" data-end=\"2275\">Opcions adaptades a cada necessitat<\/h2><p data-start=\"2277\" data-end=\"2513\">actualment hi ha models de <strong data-start=\"2307\" data-end=\"2340\">cadira salvaescales barata<\/strong> que s'ajusten a diferents pressupostos sense renunciar a la seguretat ni a la qualitat. A m\u00e9s, hi ha opcions per a trams rectes, corbs i fins i tot per a espais exteriors.<\/p><p data-start=\"2515\" data-end=\"2733\">Triar el model adequat requereix un estudi personalitzat, ja que cada escala i cada usuari tenen necessitats diferents. Per aix\u00f2, \u00e9s recomanable consultar amb especialistes que ofereixin una soluci\u00f3 adaptada.<\/p><hr data-start=\"2735\" data-end=\"2738\" \/><h2 data-start=\"2740\" data-end=\"2782\">Accessibilitat com a inversi\u00f3 en salut<\/h2><p data-start=\"2784\" data-end=\"3008\">L'accessibilitat no s'ha de veure nom\u00e9s com una despesa, sin\u00f3 com una inversi\u00f3 en salut f\u00edsica i emocional. Un habitatge accessible afavoreix el benestar integral i prev\u00e9 problemes associats al sedentarisme i a l'a\u00efllament.<\/p><p data-start=\"3010\" data-end=\"3197\">Segons el portal <a class=\"decorated-link\" href=\"https:\/\/cuidateplus.marca.com\" target=\"_new\" rel=\"noopener\" data-start=\"3026\" data-end=\"3070\">CuidatePlus<\/a>, Mantenir l'autonomia \u00e9s clau per retardar el deteriorament cognitiu i conservar una bona salut mental en persones grans.<\/p><hr data-start=\"3199\" data-end=\"3202\" \/><h2 data-start=\"3204\" data-end=\"3219\">Conclusi\u00f3<\/h2><p data-start=\"3221\" data-end=\"3440\">L'accessibilitat i la salut mental estan estretament lligades. Instal\u00b7lar una cadira salvaescales no nom\u00e9s facilita els despla\u00e7aments, sin\u00f3 que tamb\u00e9 ajuda a mantenir l'autoestima, la independ\u00e8ncia i la qualitat de vida.<\/p><p data-start=\"3442\" data-end=\"3537\">Si vols millorar la teva mobilitat i la teva qualitat de vida, t'animem a confiar en especialistes.<\/p><hr data-start=\"3539\" data-end=\"3542\" \/><p data-start=\"3544\" data-end=\"3598\"><strong data-start=\"3544\" data-end=\"3596\">La teva soluci\u00f3 en mobilitat amb sillaselevadoras.es<\/strong><\/p><p data-start=\"3600\" data-end=\"3824\">En <strong data-start=\"3603\" data-end=\"3626\">sillaselevadoras.es<\/strong> sabem com \u00e9s important poder moure's amb llibertat i seguretat dins de casa teva. Per aix\u00f2, t'oferim les millors cadires salvaescales adaptades a les teves necessitats i espai. \ud83c\udfe1\u2b06\ufe0f\u2b07\ufe0f<\/p><p data-start=\"3826\" data-end=\"4117\">Comprar un salvaescales amb nosaltres \u00e9s apostar per qualitat, professionalitat i un servei que t'acompanya des de la visita t\u00e8cnica fins a molt despr\u00e9s de la instal\u00b7laci\u00f3. Realitzarem un estudi personalitzat gratu\u00eft per valorar la teva escala i recomanar-te el model m\u00e9s adequat.<\/p><p data-start=\"4119\" data-end=\"4396\">Amb sillaselevadoras.es disposar\u00e0s de:<br data-start=\"4157\" data-end=\"4160\" \/>\ud83d\udd39 Instal\u00b7laci\u00f3 r\u00e0pida, neta i sense mol\u00e8sties.<br data-start=\"4207\" data-end=\"4210\" \/>\ud83d\udd39 Productes certificats i amb garantia total.<br data-start=\"4258\" data-end=\"4261\" \/>\ud83d\udd39 Servei postvenda i manteniment per a la teva tranquil\u00b7litat.<br data-start=\"4321\" data-end=\"4324\" \/>\ud83d\udd39 Facilitats de pagament flexibles i lloguer temporal si ho necessites.<\/p><p data-start=\"4398\" data-end=\"4620\">No deixis que les escales limitin la teva independ\u00e8ncia. Contacta avui amb sillaselevadoras.es i descobreix com podem millorar la teva qualitat de vida amb una soluci\u00f3 a mida. El teu benestar i seguretat s\u00f3n la nostra prioritat. \ud83d\udcde\ud83d\udc99<\/p>\t\t\t\t\t\t\t\t<\/div>\n\t\t\t\t<\/div>\n\t\t\t\t\t<\/div>\n\t\t\t\t<\/div>\n\t\t<div class=\"elementor-element elementor-element-0f5511a e-flex e-con-boxed e-con e-parent\" data-id=\"0f5511a\" data-element_type=\"container\" data-e-type=\"container\">\n\t\t\t\t\t<div class=\"e-con-inner\">\n\t\t<div class=\"elementor-element elementor-element-9773086 e-con-full e-flex e-con e-child\" data-id=\"9773086\" data-element_type=\"container\" data-e-type=\"container\">\n\t\t\t\t<div class=\"elementor-element elementor-element-ff56dfe elementor-widget elementor-widget-image\" data-id=\"ff56dfe\" data-element_type=\"widget\" data-e-type=\"widget\" data-widget_type=\"image.default\">\n\t\t\t\t<div class=\"elementor-widget-container\">\n\t\t\t\t\t\t\t\t\t\t\t\t\t\t\t<img fetchpriority=\"high\" decoding=\"async\" width=\"800\" height=\"538\" src=\"https:\/\/sillaselevadoras.es\/wp-content\/uploads\/2024\/05\/Access_BDD_Outdoor-14-1024x689.jpg\" class=\"attachment-large size-large wp-image-2366\" alt=\"\" srcset=\"https:\/\/sillaselevadoras.es\/wp-content\/uploads\/2024\/05\/Access_BDD_Outdoor-14-1024x689.jpg 1024w, https:\/\/sillaselevadoras.es\/wp-content\/uploads\/2024\/05\/Access_BDD_Outdoor-14-300x202.jpg 300w, https:\/\/sillaselevadoras.es\/wp-content\/uploads\/2024\/05\/Access_BDD_Outdoor-14-768x517.jpg 768w, https:\/\/sillaselevadoras.es\/wp-content\/uploads\/2024\/05\/Access_BDD_Outdoor-14-1536x1034.jpg 1536w, https:\/\/sillaselevadoras.es\/wp-content\/uploads\/2024\/05\/Access_BDD_Outdoor-14-2048x1378.jpg 2048w, https:\/\/sillaselevadoras.es\/wp-content\/uploads\/2024\/05\/Access_BDD_Outdoor-14-18x12.jpg 18w\" sizes=\"(max-width: 800px) 100vw, 800px\" \/>\t\t\t\t\t\t\t\t\t\t\t\t\t\t\t<\/div>\n\t\t\t\t<\/div>\n\t\t\t\t<\/div>\n\t\t<div class=\"elementor-element elementor-element-739021d e-con-full e-flex e-con e-child\" data-id=\"739021d\" data-element_type=\"container\" data-e-type=\"container\">\n\t\t<div class=\"elementor-element elementor-element-d83b567 e-con-full e-flex e-con e-child\" data-id=\"d83b567\" data-element_type=\"container\" data-e-type=\"container\">\n\t\t\t\t<div class=\"elementor-element elementor-element-138379a elementor-widget elementor-widget-image\" data-id=\"138379a\" data-element_type=\"widget\" data-e-type=\"widget\" data-widget_type=\"image.default\">\n\t\t\t\t<div class=\"elementor-widget-container\">\n\t\t\t\t\t\t\t\t\t\t\t\t\t\t\t<img decoding=\"async\" width=\"800\" height=\"534\" src=\"https:\/\/sillaselevadoras.es\/wp-content\/uploads\/2024\/05\/Access_BDD_Outdoor-16-1024x683.jpg\" class=\"attachment-large size-large wp-image-2364\" alt=\"\" srcset=\"https:\/\/sillaselevadoras.es\/wp-content\/uploads\/2024\/05\/Access_BDD_Outdoor-16-1024x683.jpg 1024w, https:\/\/sillaselevadoras.es\/wp-content\/uploads\/2024\/05\/Access_BDD_Outdoor-16-300x200.jpg 300w, https:\/\/sillaselevadoras.es\/wp-content\/uploads\/2024\/05\/Access_BDD_Outdoor-16-768x513.jpg 768w, https:\/\/sillaselevadoras.es\/wp-content\/uploads\/2024\/05\/Access_BDD_Outdoor-16-1536x1025.jpg 1536w, https:\/\/sillaselevadoras.es\/wp-content\/uploads\/2024\/05\/Access_BDD_Outdoor-16-2048x1367.jpg 2048w, https:\/\/sillaselevadoras.es\/wp-content\/uploads\/2024\/05\/Access_BDD_Outdoor-16-18x12.jpg 18w\" sizes=\"(max-width: 800px) 100vw, 800px\" \/>\t\t\t\t\t\t\t\t\t\t\t\t\t\t\t<\/div>\n\t\t\t\t<\/div>\n\t\t\t\t<\/div>\n\t\t\t\t<\/div>\n\t\t\t\t\t<\/div>\n\t\t\t\t<\/div>\n\t\t<div class=\"elementor-element elementor-element-1e1c085 e-flex e-con-boxed e-con e-parent\" data-id=\"1e1c085\" data-element_type=\"container\" data-e-type=\"container\">\n\t\t\t\t\t<div class=\"e-con-inner\">\n\t\t\t\t\t<\/div>\n\t\t\t\t<\/div>\n\t\t\t\t<\/div>","protected":false},"excerpt":{"rendered":"<p>La silla salvaescaleras no solo representa una soluci\u00f3n pr\u00e1ctica para superar las barreras arquitect\u00f3nicas en el hogar, tambi\u00e9n influye de manera directa en la salud mental de las personas. La p\u00e9rdida de autonom\u00eda y la dificultad para moverse libremente por la casa son factores que generan ansiedad, tristeza y, en muchos casos, aislamiento social. Apostar [&hellip;]<\/p>\n","protected":false},"author":2,"featured_media":2798,"comment_status":"closed","ping_status":"open","sticky":false,"template":"","format":"standard","meta":{"_yoast_wpseo_focuskw":"sillas salvaescaleras","_yoast_wpseo_title":"Sillas salvaescaleras: accesibilidad y salud mental","_yoast_wpseo_metadesc":"La silla salvaescaleras mejora la accesibilidad y la salud mental al fomentar la autonom\u00eda y la seguridad en el hogar.","_yoast_wpseo_meta-robots-noindex":"","_yoast_wpseo_canonical":"","_yoast_wpseo_opengraph-title":"","_yoast_wpseo_opengraph-description":"","_yoast_wpseo_opengraph-image":"","_yoast_wpseo_twitter-title":"","_yoast_wpseo_twitter-description":"","footnotes":""},"categories":[1],"tags":[],"class_list":["post-2795","post","type-post","status-publish","format-standard","has-post-thumbnail","hentry","category-sin-categoria"],"yoast_head":"<!-- This site is optimized with the Yoast SEO Premium plugin v27.5 (Yoast SEO v27.5) - https:\/\/yoast.com\/product\/yoast-seo-premium-wordpress\/ -->\n<title>Sillas salvaescaleras: accesibilidad y salud mental<\/title>\n<meta name=\"description\" content=\"La silla salvaescaleras mejora la accesibilidad y la salud mental al fomentar la autonom\u00eda y la seguridad en el hogar.\" \/>\n<meta name=\"robots\" content=\"index, follow, max-snippet:-1, max-image-preview:large, max-video-preview:-1\" \/>\n<link rel=\"canonical\" href=\"https:\/\/sillaselevadoras.es\/ca\/2025\/08\/29\/cadiretes-salvaescales-accessibilitat-i-salut-mental\/\" \/>\n<meta property=\"og:locale\" content=\"ca_ES\" \/>\n<meta property=\"og:type\" content=\"article\" \/>\n<meta property=\"og:title\" content=\"Sillas salvaescaleras: accesibilidad y salud mental\" \/>\n<meta property=\"og:description\" content=\"La silla salvaescaleras mejora la accesibilidad y la salud mental al fomentar la autonom\u00eda y la seguridad en el hogar.\" \/>\n<meta property=\"og:url\" content=\"https:\/\/sillaselevadoras.es\/ca\/2025\/08\/29\/cadiretes-salvaescales-accessibilitat-i-salut-mental\/\" \/>\n<meta property=\"og:site_name\" content=\"Sillas Elevadoras\" \/>\n<meta property=\"article:published_time\" content=\"2025-08-29T15:00:50+00:00\" \/>\n<meta property=\"article:modified_time\" content=\"2025-09-06T15:32:00+00:00\" \/>\n<meta property=\"og:image\" content=\"https:\/\/sillaselevadoras.es\/wp-content\/uploads\/2025\/08\/ChatGPT-Image-Sep-6-2025-05_28_43-PM-1024x683.png\" \/>\n\t<meta property=\"og:image:width\" content=\"1024\" \/>\n\t<meta property=\"og:image:height\" content=\"683\" \/>\n\t<meta property=\"og:image:type\" content=\"image\/png\" \/>\n<meta name=\"author\" content=\"Maria\" \/>\n<meta name=\"twitter:card\" content=\"summary_large_image\" \/>\n<meta name=\"twitter:label1\" content=\"Escrit per\" \/>\n\t<meta name=\"twitter:data1\" content=\"Maria\" \/>\n\t<meta name=\"twitter:label2\" content=\"Temps estimat de lectura\" \/>\n\t<meta name=\"twitter:data2\" content=\"5 minuts\" \/>\n<script type=\"application\/ld+json\" class=\"yoast-schema-graph\">{\"@context\":\"https:\\\/\\\/schema.org\",\"@graph\":[{\"@type\":\"Article\",\"@id\":\"https:\\\/\\\/sillaselevadoras.es\\\/2025\\\/08\\\/29\\\/sillas-salvaescaleras-accesibilidad-y-salud-mental\\\/#article\",\"isPartOf\":{\"@id\":\"https:\\\/\\\/sillaselevadoras.es\\\/2025\\\/08\\\/29\\\/sillas-salvaescaleras-accesibilidad-y-salud-mental\\\/\"},\"author\":{\"name\":\"Maria\",\"@id\":\"https:\\\/\\\/sillaselevadoras.es\\\/#\\\/schema\\\/person\\\/590cb06f8ea2349a9d10c73c7a3fae7f\"},\"headline\":\"Sillas salvaescaleras: accesibilidad y salud mental\",\"datePublished\":\"2025-08-29T15:00:50+00:00\",\"dateModified\":\"2025-09-06T15:32:00+00:00\",\"mainEntityOfPage\":{\"@id\":\"https:\\\/\\\/sillaselevadoras.es\\\/2025\\\/08\\\/29\\\/sillas-salvaescaleras-accesibilidad-y-salud-mental\\\/\"},\"wordCount\":666,\"publisher\":{\"@id\":\"https:\\\/\\\/sillaselevadoras.es\\\/#organization\"},\"image\":{\"@id\":\"https:\\\/\\\/sillaselevadoras.es\\\/2025\\\/08\\\/29\\\/sillas-salvaescaleras-accesibilidad-y-salud-mental\\\/#primaryimage\"},\"thumbnailUrl\":\"https:\\\/\\\/sillaselevadoras.es\\\/wp-content\\\/uploads\\\/2025\\\/08\\\/ChatGPT-Image-Sep-6-2025-05_28_43-PM.png\",\"articleSection\":[\"Sin categor\u00eda\"],\"inLanguage\":\"ca\"},{\"@type\":\"WebPage\",\"@id\":\"https:\\\/\\\/sillaselevadoras.es\\\/2025\\\/08\\\/29\\\/sillas-salvaescaleras-accesibilidad-y-salud-mental\\\/\",\"url\":\"https:\\\/\\\/sillaselevadoras.es\\\/2025\\\/08\\\/29\\\/sillas-salvaescaleras-accesibilidad-y-salud-mental\\\/\",\"name\":\"Sillas salvaescaleras: accesibilidad y salud mental\",\"isPartOf\":{\"@id\":\"https:\\\/\\\/sillaselevadoras.es\\\/#website\"},\"primaryImageOfPage\":{\"@id\":\"https:\\\/\\\/sillaselevadoras.es\\\/2025\\\/08\\\/29\\\/sillas-salvaescaleras-accesibilidad-y-salud-mental\\\/#primaryimage\"},\"image\":{\"@id\":\"https:\\\/\\\/sillaselevadoras.es\\\/2025\\\/08\\\/29\\\/sillas-salvaescaleras-accesibilidad-y-salud-mental\\\/#primaryimage\"},\"thumbnailUrl\":\"https:\\\/\\\/sillaselevadoras.es\\\/wp-content\\\/uploads\\\/2025\\\/08\\\/ChatGPT-Image-Sep-6-2025-05_28_43-PM.png\",\"datePublished\":\"2025-08-29T15:00:50+00:00\",\"dateModified\":\"2025-09-06T15:32:00+00:00\",\"description\":\"La silla salvaescaleras mejora la accesibilidad y la salud mental al fomentar la autonom\u00eda y la seguridad en el hogar.\",\"breadcrumb\":{\"@id\":\"https:\\\/\\\/sillaselevadoras.es\\\/2025\\\/08\\\/29\\\/sillas-salvaescaleras-accesibilidad-y-salud-mental\\\/#breadcrumb\"},\"inLanguage\":\"ca\",\"potentialAction\":[{\"@type\":\"ReadAction\",\"target\":[\"https:\\\/\\\/sillaselevadoras.es\\\/2025\\\/08\\\/29\\\/sillas-salvaescaleras-accesibilidad-y-salud-mental\\\/\"]}]},{\"@type\":\"ImageObject\",\"inLanguage\":\"ca\",\"@id\":\"https:\\\/\\\/sillaselevadoras.es\\\/2025\\\/08\\\/29\\\/sillas-salvaescaleras-accesibilidad-y-salud-mental\\\/#primaryimage\",\"url\":\"https:\\\/\\\/sillaselevadoras.es\\\/wp-content\\\/uploads\\\/2025\\\/08\\\/ChatGPT-Image-Sep-6-2025-05_28_43-PM.png\",\"contentUrl\":\"https:\\\/\\\/sillaselevadoras.es\\\/wp-content\\\/uploads\\\/2025\\\/08\\\/ChatGPT-Image-Sep-6-2025-05_28_43-PM.png\",\"width\":1536,\"height\":1024},{\"@type\":\"BreadcrumbList\",\"@id\":\"https:\\\/\\\/sillaselevadoras.es\\\/2025\\\/08\\\/29\\\/sillas-salvaescaleras-accesibilidad-y-salud-mental\\\/#breadcrumb\",\"itemListElement\":[{\"@type\":\"ListItem\",\"position\":1,\"name\":\"Portada\",\"item\":\"https:\\\/\\\/sillaselevadoras.es\\\/\"},{\"@type\":\"ListItem\",\"position\":2,\"name\":\"Sillas salvaescaleras: accesibilidad y salud mental\"}]},{\"@type\":\"WebSite\",\"@id\":\"https:\\\/\\\/sillaselevadoras.es\\\/#website\",\"url\":\"https:\\\/\\\/sillaselevadoras.es\\\/\",\"name\":\"Sillas Elevadoras\",\"description\":\"Sillas salvaescaleras\",\"publisher\":{\"@id\":\"https:\\\/\\\/sillaselevadoras.es\\\/#organization\"},\"potentialAction\":[{\"@type\":\"SearchAction\",\"target\":{\"@type\":\"EntryPoint\",\"urlTemplate\":\"https:\\\/\\\/sillaselevadoras.es\\\/?s={search_term_string}\"},\"query-input\":{\"@type\":\"PropertyValueSpecification\",\"valueRequired\":true,\"valueName\":\"search_term_string\"}}],\"inLanguage\":\"ca\"},{\"@type\":\"Organization\",\"@id\":\"https:\\\/\\\/sillaselevadoras.es\\\/#organization\",\"name\":\"Sillas Elevadoras\",\"url\":\"https:\\\/\\\/sillaselevadoras.es\\\/\",\"logo\":{\"@type\":\"ImageObject\",\"inLanguage\":\"ca\",\"@id\":\"https:\\\/\\\/sillaselevadoras.es\\\/#\\\/schema\\\/logo\\\/image\\\/\",\"url\":\"https:\\\/\\\/sillaselevadoras.es\\\/wp-content\\\/uploads\\\/2023\\\/12\\\/Sillas-elevadoras-Logo-72-ppp-1.png\",\"contentUrl\":\"https:\\\/\\\/sillaselevadoras.es\\\/wp-content\\\/uploads\\\/2023\\\/12\\\/Sillas-elevadoras-Logo-72-ppp-1.png\",\"width\":842,\"height\":596,\"caption\":\"Sillas Elevadoras\"},\"image\":{\"@id\":\"https:\\\/\\\/sillaselevadoras.es\\\/#\\\/schema\\\/logo\\\/image\\\/\"}},{\"@type\":\"Person\",\"@id\":\"https:\\\/\\\/sillaselevadoras.es\\\/#\\\/schema\\\/person\\\/590cb06f8ea2349a9d10c73c7a3fae7f\",\"name\":\"Maria\",\"image\":{\"@type\":\"ImageObject\",\"inLanguage\":\"ca\",\"@id\":\"https:\\\/\\\/secure.gravatar.com\\\/avatar\\\/8f3d95313af2e174e75a281493f4511eb2b8217150d937dfcd60313a9c85d91e?s=96&d=mm&r=g\",\"url\":\"https:\\\/\\\/secure.gravatar.com\\\/avatar\\\/8f3d95313af2e174e75a281493f4511eb2b8217150d937dfcd60313a9c85d91e?s=96&d=mm&r=g\",\"contentUrl\":\"https:\\\/\\\/secure.gravatar.com\\\/avatar\\\/8f3d95313af2e174e75a281493f4511eb2b8217150d937dfcd60313a9c85d91e?s=96&d=mm&r=g\",\"caption\":\"Maria\"},\"url\":\"https:\\\/\\\/sillaselevadoras.es\\\/ca\\\/author\\\/maria\\\/\"}]}<\/script>\n<!-- \/ Yoast SEO Premium plugin. -->","yoast_head_json":{"title":"Cadires salvaescales: accessibilitat i salut mental","description":"La cadira salvaescales millora l'accessibilitat i la salut mental en fomentar l'autonomia i la seguretat a casa.","robots":{"index":"index","follow":"follow","max-snippet":"max-snippet:-1","max-image-preview":"max-image-preview:large","max-video-preview":"max-video-preview:-1"},"canonical":"https:\/\/sillaselevadoras.es\/ca\/2025\/08\/29\/cadiretes-salvaescales-accessibilitat-i-salut-mental\/","og_locale":"ca_ES","og_type":"article","og_title":"Sillas salvaescaleras: accesibilidad y salud mental","og_description":"La silla salvaescaleras mejora la accesibilidad y la salud mental al fomentar la autonom\u00eda y la seguridad en el hogar.","og_url":"https:\/\/sillaselevadoras.es\/ca\/2025\/08\/29\/cadiretes-salvaescales-accessibilitat-i-salut-mental\/","og_site_name":"Sillas Elevadoras","article_published_time":"2025-08-29T15:00:50+00:00","article_modified_time":"2025-09-06T15:32:00+00:00","og_image":[{"width":1024,"height":683,"url":"https:\/\/sillaselevadoras.es\/wp-content\/uploads\/2025\/08\/ChatGPT-Image-Sep-6-2025-05_28_43-PM-1024x683.png","type":"image\/png"}],"author":"Maria","twitter_card":"summary_large_image","twitter_misc":{"Escrit per":"Maria","Temps estimat de lectura":"5 minuts"},"schema":{"@context":"https:\/\/schema.org","@graph":[{"@type":"Article","@id":"https:\/\/sillaselevadoras.es\/2025\/08\/29\/sillas-salvaescaleras-accesibilidad-y-salud-mental\/#article","isPartOf":{"@id":"https:\/\/sillaselevadoras.es\/2025\/08\/29\/sillas-salvaescaleras-accesibilidad-y-salud-mental\/"},"author":{"name":"Maria","@id":"https:\/\/sillaselevadoras.es\/#\/schema\/person\/590cb06f8ea2349a9d10c73c7a3fae7f"},"headline":"Sillas salvaescaleras: accesibilidad y salud mental","datePublished":"2025-08-29T15:00:50+00:00","dateModified":"2025-09-06T15:32:00+00:00","mainEntityOfPage":{"@id":"https:\/\/sillaselevadoras.es\/2025\/08\/29\/sillas-salvaescaleras-accesibilidad-y-salud-mental\/"},"wordCount":666,"publisher":{"@id":"https:\/\/sillaselevadoras.es\/#organization"},"image":{"@id":"https:\/\/sillaselevadoras.es\/2025\/08\/29\/sillas-salvaescaleras-accesibilidad-y-salud-mental\/#primaryimage"},"thumbnailUrl":"https:\/\/sillaselevadoras.es\/wp-content\/uploads\/2025\/08\/ChatGPT-Image-Sep-6-2025-05_28_43-PM.png","articleSection":["Sin categor\u00eda"],"inLanguage":"ca"},{"@type":"WebPage","@id":"https:\/\/sillaselevadoras.es\/2025\/08\/29\/sillas-salvaescaleras-accesibilidad-y-salud-mental\/","url":"https:\/\/sillaselevadoras.es\/2025\/08\/29\/sillas-salvaescaleras-accesibilidad-y-salud-mental\/","name":"Cadires salvaescales: accessibilitat i salut mental","isPartOf":{"@id":"https:\/\/sillaselevadoras.es\/#website"},"primaryImageOfPage":{"@id":"https:\/\/sillaselevadoras.es\/2025\/08\/29\/sillas-salvaescaleras-accesibilidad-y-salud-mental\/#primaryimage"},"image":{"@id":"https:\/\/sillaselevadoras.es\/2025\/08\/29\/sillas-salvaescaleras-accesibilidad-y-salud-mental\/#primaryimage"},"thumbnailUrl":"https:\/\/sillaselevadoras.es\/wp-content\/uploads\/2025\/08\/ChatGPT-Image-Sep-6-2025-05_28_43-PM.png","datePublished":"2025-08-29T15:00:50+00:00","dateModified":"2025-09-06T15:32:00+00:00","description":"La cadira salvaescales millora l'accessibilitat i la salut mental en fomentar l'autonomia i la seguretat a casa.","breadcrumb":{"@id":"https:\/\/sillaselevadoras.es\/2025\/08\/29\/sillas-salvaescaleras-accesibilidad-y-salud-mental\/#breadcrumb"},"inLanguage":"ca","potentialAction":[{"@type":"ReadAction","target":["https:\/\/sillaselevadoras.es\/2025\/08\/29\/sillas-salvaescaleras-accesibilidad-y-salud-mental\/"]}]},{"@type":"ImageObject","inLanguage":"ca","@id":"https:\/\/sillaselevadoras.es\/2025\/08\/29\/sillas-salvaescaleras-accesibilidad-y-salud-mental\/#primaryimage","url":"https:\/\/sillaselevadoras.es\/wp-content\/uploads\/2025\/08\/ChatGPT-Image-Sep-6-2025-05_28_43-PM.png","contentUrl":"https:\/\/sillaselevadoras.es\/wp-content\/uploads\/2025\/08\/ChatGPT-Image-Sep-6-2025-05_28_43-PM.png","width":1536,"height":1024},{"@type":"BreadcrumbList","@id":"https:\/\/sillaselevadoras.es\/2025\/08\/29\/sillas-salvaescaleras-accesibilidad-y-salud-mental\/#breadcrumb","itemListElement":[{"@type":"ListItem","position":1,"name":"Portada","item":"https:\/\/sillaselevadoras.es\/"},{"@type":"ListItem","position":2,"name":"Sillas salvaescaleras: accesibilidad y salud mental"}]},{"@type":"WebSite","@id":"https:\/\/sillaselevadoras.es\/#website","url":"https:\/\/sillaselevadoras.es\/","name":"Cadira salvaescales","description":"Cadiretes salvaescales","publisher":{"@id":"https:\/\/sillaselevadoras.es\/#organization"},"potentialAction":[{"@type":"SearchAction","target":{"@type":"EntryPoint","urlTemplate":"https:\/\/sillaselevadoras.es\/?s={search_term_string}"},"query-input":{"@type":"PropertyValueSpecification","valueRequired":true,"valueName":"search_term_string"}}],"inLanguage":"ca"},{"@type":"Organization","@id":"https:\/\/sillaselevadoras.es\/#organization","name":"Cadira salvaescales","url":"https:\/\/sillaselevadoras.es\/","logo":{"@type":"ImageObject","inLanguage":"ca","@id":"https:\/\/sillaselevadoras.es\/#\/schema\/logo\/image\/","url":"https:\/\/sillaselevadoras.es\/wp-content\/uploads\/2023\/12\/Sillas-elevadoras-Logo-72-ppp-1.png","contentUrl":"https:\/\/sillaselevadoras.es\/wp-content\/uploads\/2023\/12\/Sillas-elevadoras-Logo-72-ppp-1.png","width":842,"height":596,"caption":"Sillas Elevadoras"},"image":{"@id":"https:\/\/sillaselevadoras.es\/#\/schema\/logo\/image\/"}},{"@type":"Person","@id":"https:\/\/sillaselevadoras.es\/#\/schema\/person\/590cb06f8ea2349a9d10c73c7a3fae7f","name":"Maria","image":{"@type":"ImageObject","inLanguage":"ca","@id":"https:\/\/secure.gravatar.com\/avatar\/8f3d95313af2e174e75a281493f4511eb2b8217150d937dfcd60313a9c85d91e?s=96&d=mm&r=g","url":"https:\/\/secure.gravatar.com\/avatar\/8f3d95313af2e174e75a281493f4511eb2b8217150d937dfcd60313a9c85d91e?s=96&d=mm&r=g","contentUrl":"https:\/\/secure.gravatar.com\/avatar\/8f3d95313af2e174e75a281493f4511eb2b8217150d937dfcd60313a9c85d91e?s=96&d=mm&r=g","caption":"Maria"},"url":"https:\/\/sillaselevadoras.es\/ca\/author\/maria\/"}]}},"_links":{"self":[{"href":"https:\/\/sillaselevadoras.es\/ca\/wp-json\/wp\/v2\/posts\/2795","targetHints":{"allow":["GET"]}}],"collection":[{"href":"https:\/\/sillaselevadoras.es\/ca\/wp-json\/wp\/v2\/posts"}],"about":[{"href":"https:\/\/sillaselevadoras.es\/ca\/wp-json\/wp\/v2\/types\/post"}],"author":[{"embeddable":true,"href":"https:\/\/sillaselevadoras.es\/ca\/wp-json\/wp\/v2\/users\/2"}],"replies":[{"embeddable":true,"href":"https:\/\/sillaselevadoras.es\/ca\/wp-json\/wp\/v2\/comments?post=2795"}],"version-history":[{"count":8,"href":"https:\/\/sillaselevadoras.es\/ca\/wp-json\/wp\/v2\/posts\/2795\/revisions"}],"predecessor-version":[{"id":2804,"href":"https:\/\/sillaselevadoras.es\/ca\/wp-json\/wp\/v2\/posts\/2795\/revisions\/2804"}],"wp:featuredmedia":[{"embeddable":true,"href":"https:\/\/sillaselevadoras.es\/ca\/wp-json\/wp\/v2\/media\/2798"}],"wp:attachment":[{"href":"https:\/\/sillaselevadoras.es\/ca\/wp-json\/wp\/v2\/media?parent=2795"}],"wp:term":[{"taxonomy":"category","embeddable":true,"href":"https:\/\/sillaselevadoras.es\/ca\/wp-json\/wp\/v2\/categories?post=2795"},{"taxonomy":"post_tag","embeddable":true,"href":"https:\/\/sillaselevadoras.es\/ca\/wp-json\/wp\/v2\/tags?post=2795"}],"curies":[{"name":"wp","href":"https:\/\/api.w.org\/{rel}","templated":true}]}}