{"id":2814,"date":"2025-09-27T11:00:00","date_gmt":"2025-09-27T09:00:00","guid":{"rendered":"https:\/\/sillaselevadoras.es\/?p=2814"},"modified":"2025-11-22T11:04:22","modified_gmt":"2025-11-22T10:04:22","slug":"escales-salva-tornada-a-la-rutina","status":"publish","type":"post","link":"https:\/\/sillaselevadoras.es\/ca\/2025\/09\/27\/sillas-salvaescaleras-vuelta-a-la-rutina\/","title":{"rendered":"Cadira salvaescales: tornada a la rutina"},"content":{"rendered":"<div data-elementor-type=\"wp-post\" data-elementor-id=\"2814\" class=\"elementor elementor-2814\" data-elementor-post-type=\"post\">\n\t\t\t\t<div class=\"elementor-element elementor-element-a2457ab e-flex e-con-boxed e-con e-parent\" data-id=\"a2457ab\" data-element_type=\"container\" data-e-type=\"container\">\n\t\t\t\t\t<div class=\"e-con-inner\">\n\t\t\t\t<div class=\"elementor-element elementor-element-180b646c elementor-widget elementor-widget-text-editor\" data-id=\"180b646c\" data-element_type=\"widget\" data-e-type=\"widget\" data-widget_type=\"text-editor.default\">\n\t\t\t\t<div class=\"elementor-widget-container\">\n\t\t\t\t\t\t\t\t\t<p data-start=\"261\" data-end=\"672\">La tornada a la rutina pot ser un desafiament, sobretot quan existeixen limitacions de mobilitat o les escales es converteixen en un obstacle diari. Comptar amb una <strong data-start=\"426\" data-end=\"450\">Cadira salvaescales<\/strong> Permet recuperar la seguretat, la comoditat i la independ\u00e8ncia a la llar. Per a moltes fam\u00edlies, aquest dispositiu es converteix en un aliat fonamental per tornar a una vida organitzada i sense barreres arquitect\u00f2niques.<\/p><p data-start=\"674\" data-end=\"874\">En aquest article t'expliquem com les <strong data-start=\"714\" data-end=\"739\">cadires salvaescales<\/strong> faciliten el dia a dia, quins avantatges aporten i per qu\u00e8 s\u00f3n una excel\u00b7lent opci\u00f3 per afrontar el retorn a les activitats habituals.<\/p><hr data-start=\"876\" data-end=\"879\" \/><h2 data-start=\"881\" data-end=\"975\">Per qu\u00e8 la tornada a la rutina requereix solucions pr\u00e0ctiques com una cadira salvaescales?<\/h2><p data-start=\"977\" data-end=\"1343\">Quan tornem a les activitats quotidianes, \u00e9s habitual que el cos demani m\u00e9s esfor\u00e7 f\u00edsic. Les escales, que en un altre moment semblaven senzilles, poden convertir-se en un repte inc\u00f2mode o fins i tot perill\u00f3s. Aqu\u00ed \u00e9s on una <strong data-start=\"1207\" data-end=\"1231\">Cadira salvaescales<\/strong> ajuda a mantenir l'estabilitat, reduir el risc de caigudes i assegurar un despla\u00e7ament fluid entre plantes.<\/p><p data-start=\"1345\" data-end=\"1635\">A m\u00e9s, les <strong data-start=\"1357\" data-end=\"1390\">cadira salvaescales barata<\/strong> ofereixen una alternativa econ\u00f2mica sense renunciar a la qualitat ia la funcionalitat. Aix\u00f2 permet que moltes persones puguin millorar la seva llar sense grans inversions, just en un moment en qu\u00e8 reprendre la rutina ja pot implicar altres despeses.<\/p><hr data-start=\"1637\" data-end=\"1640\" \/><h2 data-start=\"1642\" data-end=\"1711\">Beneficis d'utilitzar cadires salvaescales en reprendre la vida di\u00e0ria<\/h2><p data-start=\"1713\" data-end=\"1817\">Instal\u00b7lar una <strong data-start=\"1726\" data-end=\"1750\">Cadira salvaescales<\/strong> aporta m\u00faltiples avantatges que faciliten la tornada a la normalitat:<\/p><h3 data-start=\"1819\" data-end=\"1860\">1. M\u00e9s seguretat en cada trajecte<\/h3><p data-start=\"1861\" data-end=\"2014\">A mesura que recuperem la rutina, el ritme augmenta i amb ell els riscos. Amb una cadira salvaescales, la pujada i la baixada deixen de ser una preocupaci\u00f3.<\/p><h3 data-start=\"2016\" data-end=\"2046\">2. Autonomia i confian\u00e7a<\/h3><p data-start=\"2047\" data-end=\"2226\">Les <strong data-start=\"2051\" data-end=\"2076\">cadires salvaescales<\/strong> permeten fer despla\u00e7aments sense dependre de ning\u00fa. Aix\u00f2 \u00e9s especialment valu\u00f3s quan cada membre de la fam\u00edlia torna a les seves tasques di\u00e0ries.<\/p><h3 data-start=\"2228\" data-end=\"2254\">3. Estalvi energ\u00e8tic<\/h3><p data-start=\"2255\" data-end=\"2420\">Amb una <strong data-start=\"2263\" data-end=\"2287\">Cadira salvaescales<\/strong>, l'usuari evita sobreesfor\u00e7os que poden generar fatiga, dolor o lesions, sobretot despr\u00e9s de per\u00edodes de descans o poca activitat.<\/p><h3 data-start=\"2422\" data-end=\"2459\">4. Adaptaci\u00f3 r\u00e0pida i senzilla<\/h3><p data-start=\"2460\" data-end=\"2569\">La instal\u00b7laci\u00f3 \u00e9s r\u00e0pida i sense obres. Aix\u00ed, l'inici de la rutina no es veu interromput per complicacions.<\/p><hr data-start=\"2571\" data-end=\"2574\" \/><h2 data-start=\"2576\" data-end=\"2648\">Tipus de cadires salvaescales per a una tornada a la rutina m\u00e9s c\u00f2moda<\/h2><p data-start=\"2650\" data-end=\"2723\">Durant l'adaptaci\u00f3 di\u00e0ria, cada llar requereix solucions espec\u00edfiques:<\/p><h3 data-start=\"2725\" data-end=\"2763\"><strong data-start=\"2729\" data-end=\"2761\">Cadira salvaescales recta<\/strong><\/h3><p data-start=\"2764\" data-end=\"2849\">Perfectes per a escales senzilles i per a aquells que busquen una opci\u00f3 funcional i c\u00f2moda.<\/p><h3 data-start=\"2851\" data-end=\"2889\"><strong data-start=\"2855\" data-end=\"2887\">Cadires salvaescales corbes<\/strong><\/h3><p data-start=\"2890\" data-end=\"2961\">Ideals per a llars amb revoltons, replans o escales m\u00e9s complexes.<\/p><h3 data-start=\"2963\" data-end=\"3002\"><strong data-start=\"2967\" data-end=\"3000\">Cadiras salvaescales barates<\/strong><\/h3><p data-start=\"3003\" data-end=\"3126\">Models econ\u00f2mics que mantenen seguretat i efic\u00e0cia, molt \u00fatils per a qui busca un equilibri entre qualitat i preu.<\/p><p data-start=\"3128\" data-end=\"3311\">Pots explorar m\u00e9s informaci\u00f3 t\u00e8cnica sobre els diferents models visitant la secci\u00f3 especialitzada de sillaselevadoras.es:<br data-start=\"3255\" data-end=\"3258\" \/>\ud83d\udc49 <a class=\"decorated-link cursor-pointer\" target=\"_new\" rel=\"noopener\" data-start=\"3261\" data-end=\"3311\">https:\/\/sillaselevadoras.es\/sillas-salvaescaleras\/<\/a><\/p><hr data-start=\"3313\" data-end=\"3316\" \/><h2 data-start=\"3318\" data-end=\"3391\">Com triar la cadira salvaescales adequada per tornar a la rutina?<\/h2><p data-start=\"3393\" data-end=\"3452\">Per fer la millor elecci\u00f3, tingues en compte aquests aspectes:<\/p><ul data-start=\"3454\" data-end=\"3823\"><li data-start=\"3454\" data-end=\"3494\"><p data-start=\"3456\" data-end=\"3494\"><strong data-start=\"3456\" data-end=\"3477\">Tipus d'escala:<\/strong> recta o corba.<\/p><\/li><li data-start=\"3495\" data-end=\"3562\"><p data-start=\"3497\" data-end=\"3562\"><strong data-start=\"3497\" data-end=\"3520\">Espai disponible:<\/strong> amplada d'escala i superf\u00edcie de gir.<\/p><\/li><li data-start=\"3563\" data-end=\"3627\"><p data-start=\"3565\" data-end=\"3627\"><strong data-start=\"3565\" data-end=\"3589\">\u00das diari esperat:<\/strong> freq\u00fc\u00e8ncia i necessitats concretes.<\/p><\/li><li data-start=\"3628\" data-end=\"3724\"><p data-start=\"3630\" data-end=\"3724\"><strong data-start=\"3630\" data-end=\"3646\">Pressupost:<\/strong> valorant tamb\u00e9 opcions de lloguer i <strong data-start=\"3688\" data-end=\"3721\">cadira salvaescales barata<\/strong>.<\/p><\/li><li data-start=\"3725\" data-end=\"3823\"><p data-start=\"3727\" data-end=\"3823\"><strong data-start=\"3727\" data-end=\"3748\">Servei t\u00e8cnic:<\/strong> fonamental per mantenir la cadira en perfecte estat durant tot l'any.<\/p><\/li><\/ul><hr data-start=\"3825\" data-end=\"3828\" \/><h2 data-start=\"3830\" data-end=\"3895\">Consells per integrar la cadira salvaescales en el teu dia a dia<\/h2><p data-start=\"3897\" data-end=\"3996\">Reprendre la rutina amb una <strong data-start=\"3923\" data-end=\"3947\">Cadira salvaescales<\/strong> \u00e9s molt senzill si segueixes aquestes recomanacions:<\/p><ul data-start=\"3998\" data-end=\"4286\"><li data-start=\"3998\" data-end=\"4060\"><p data-start=\"4000\" data-end=\"4060\">Familiaritzeu-vos amb els controls durant els primers dies.<\/p><\/li><li data-start=\"4061\" data-end=\"4132\"><p data-start=\"4063\" data-end=\"4132\">Ajusteu la velocitat o la posici\u00f3 del seient si el model ho permet.<\/p><\/li><li data-start=\"4133\" data-end=\"4182\"><p data-start=\"4135\" data-end=\"4182\">Assegura't de mantenir el recorregut lliure.<\/p><\/li><li data-start=\"4183\" data-end=\"4286\"><p data-start=\"4185\" data-end=\"4286\">Realitza un petit manteniment setmanal: carrega la bateria, revisa el cintur\u00f3 i comprova la guia.<\/p><\/li><\/ul><p data-start=\"4288\" data-end=\"4481\">Com a suport addicional, podeu consultar recursos d'institucions especialitzades, per exemple la <strong data-start=\"4384\" data-end=\"4397\">Creu Roja<\/strong> per a informaci\u00f3 sobre mobilitat segura a la llar:<br data-start=\"4450\" data-end=\"4453\" \/>\ud83d\udc49 <a class=\"decorated-link\" href=\"https:\/\/www2.cruzroja.es\/\" target=\"_new\" rel=\"noopener\" data-start=\"4456\" data-end=\"4481\">https:\/\/www2.cruzroja.es\/<\/a><\/p><hr data-start=\"4786\" data-end=\"4789\" \/><h2 data-start=\"4791\" data-end=\"4837\">Conclusi\u00f3: torna a la rutina sense barreres<\/h2><p data-start=\"4839\" data-end=\"5161\">El retorn a la vida di\u00e0ria no ha de ser complicat. Amb una <strong data-start=\"4907\" data-end=\"4931\">Cadira salvaescales<\/strong>, cada despla\u00e7ament es converteix en un trajecte c\u00f2mode, segur i accessible. Ja sigui per necessitat permanent o com a suport temporal, les <strong data-start=\"5068\" data-end=\"5093\">cadires salvaescales<\/strong> ofereixen una soluci\u00f3 pr\u00e0ctica, fiable i adaptada a qualsevol llar.<\/p><p data-start=\"5163\" data-end=\"5371\">Si busques recuperar la teva autonomia amb un dispositiu segur, flexible i accessible, considera tamb\u00e9 les opcions de <strong data-start=\"5279\" data-end=\"5312\">cadira salvaescales barata<\/strong>, que poden ser perfectes per comen\u00e7ar sense gran inversi\u00f3.<\/p><p data-start=\"5373\" data-end=\"5458\"><strong data-start=\"5373\" data-end=\"5458\">Per saber-ne m\u00e9s i gaudir d'un servei de confian\u00e7a, no dubtis a contactar-nos.<\/strong><\/p><hr data-start=\"5460\" data-end=\"5463\" \/><h2 data-start=\"5465\" data-end=\"5469\">\u00a0<\/h2><p data-start=\"5470\" data-end=\"5522\"><strong data-start=\"5470\" data-end=\"5522\">La teva soluci\u00f3 en mobilitat amb sillaselevadoras.es<\/strong><\/p><p data-start=\"5524\" data-end=\"5750\">En <strong data-start=\"5527\" data-end=\"5550\">sillaselevadoras.es<\/strong> sabem com \u00e9s d'important poder moure's amb llibertat i seguretat dins de la teva pr\u00f2pia llar. Per aix\u00f2, t'oferim els millors <strong data-start=\"5679\" data-end=\"5704\">cadires salvaescales<\/strong> adaptades a les teves necessitats i espai. \ud83c\udfe1\u2b06\ufe0f\u2b07\ufe0f<\/p><p data-start=\"5752\" data-end=\"6045\">Comprar una <strong data-start=\"5764\" data-end=\"5788\">Cadira salvaescales<\/strong> amb nosaltres \u00e9s apostar per qualitat, professionalitat i un servei que t'acompanya des de la visita t\u00e8cnica fins molt despr\u00e9s de la instal\u00b7laci\u00f3. Realitzarem un estudi personalitzat gratu\u00eft per valorar la teva escala i recomanar-te el model m\u00e9s adequat.<\/p><p data-start=\"6047\" data-end=\"6085\">Amb sillaselevadoras.es disposar\u00e0s de:<\/p><p data-start=\"6087\" data-end=\"6317\">\ud83d\udd39 Instal\u00b7laci\u00f3 r\u00e0pida, neta i sense mol\u00e8sties.<br data-start=\"6133\" data-end=\"6136\" \/>\ud83d\udd39 Productes certificats i amb garantia total.<br data-start=\"6183\" data-end=\"6186\" \/>\ud83d\udd39 Servei postvenda i manteniment per a la teva tranquil\u00b7litat.<br data-start=\"6245\" data-end=\"6248\" \/>\ud83d\udd39 Facilitats de pagament flexibles i lloguer temporal si ho necessites.<\/p><p data-start=\"6319\" data-end=\"6543\" data-is-last-node=\"\" data-is-only-node=\"\">No deixis que les escales limitin la teva independ\u00e8ncia. Contacta avui amb sillaselevadoras.es i descobreix com podem millorar la teva qualitat de vida amb una soluci\u00f3 a mida. <strong data-start=\"6487\" data-end=\"6543\" data-is-last-node=\"\">El vostre benestar i seguretat s\u00f3n la nostra prioritat. \ud83d\udcde\ud83d\udc99<\/strong><\/p><h2 data-start=\"310\" data-end=\"368\">La import\u00e0ncia de triar b\u00e9 la teva cadira salvaescales<\/h2><p data-start=\"370\" data-end=\"593\">Comptar amb una <strong data-start=\"385\" data-end=\"409\">Cadira salvaescales<\/strong> \u00e9s la soluci\u00f3 m\u00e9s pr\u00e0ctica i segura per a persones amb mobilitat redu\u00efda. Permet pujar i baixar escales sense esfor\u00e7, evitant riscos de caigudes i oferint major independ\u00e8ncia.<\/p><p data-start=\"595\" data-end=\"843\">A l'hora d'instal\u00b7lar-la, sorgeixen dues opcions principals: <strong data-start=\"653\" data-end=\"688\">cadires salvaescales monorail<\/strong> y <strong data-start=\"691\" data-end=\"727\">cadiras salvaescales doble carril<\/strong>. Ambdues compleixen la mateixa funci\u00f3, per\u00f2 existeixen difer\u00e8ncies que conv\u00e9 con\u00e8ixer per escollir la millor alternativa.<\/p><hr data-start=\"845\" data-end=\"848\" \/><h2 data-start=\"850\" data-end=\"898\">Qu\u00e8 \u00e9s una cadira salvaescales monorail?<\/h2><p data-start=\"900\" data-end=\"1135\">La <strong data-start=\"903\" data-end=\"937\">cadira salvaescales monorail<\/strong> funciona sobre un sol rail d'acer o alumini fixat directament a l'escala. El seu disseny compacte permet un despla\u00e7ament suau i segur, adaptant-se amb facilitat a trams rectes o corbs.<\/p><h3 data-start=\"1137\" data-end=\"1176\">Principals avantatges del monorail:<\/h3><ul data-start=\"1177\" data-end=\"1549\"><li data-start=\"1177\" data-end=\"1283\"><p data-start=\"1179\" data-end=\"1283\"><strong data-start=\"1179\" data-end=\"1202\">Disseny m\u00e9s discret<\/strong>: amb un \u00fanic carril, la instal\u00b7laci\u00f3 \u00e9s menys invasiva i m\u00e9s est\u00e8tica.<\/p><\/li><li data-start=\"1284\" data-end=\"1355\"><p data-start=\"1286\" data-end=\"1355\"><strong data-start=\"1286\" data-end=\"1320\">Optimitzaci\u00f3 de l'espai<\/strong>ideal per a escales estretes.<\/p><\/li><li data-start=\"1356\" data-end=\"1454\"><p data-start=\"1358\" data-end=\"1454\"><strong data-start=\"1358\" data-end=\"1388\">Manteniment m\u00e9s senzill<\/strong>menys peces impliquen menys desgast i revisions m\u00e9s r\u00e0pides.<\/p><\/li><li data-start=\"1455\" data-end=\"1549\"><p data-start=\"1457\" data-end=\"1549\"><strong data-start=\"1457\" data-end=\"1488\">Moviment fluid i estable<\/strong>El recorregut \u00e9s uniforme, aportant comoditat a l'usuari.<\/p><\/li><\/ul><hr data-start=\"1551\" data-end=\"1554\" \/><h2 data-start=\"1556\" data-end=\"1609\">Una cadira salvaescales de doble carril ofereix una soluci\u00f3 de mobilitat robusta i estable per a escales corbes, espirals o amb revoltons. Combina la seguretat i la comoditat d'una cadira salvaescales amb la versatilitat d'un sistema de doble carril, ideal per a edificis antics o amb dissenys complexos.<\/h2><p data-start=\"1611\" data-end=\"1837\">Les <strong data-start=\"1615\" data-end=\"1651\">cadiras salvaescales doble carril<\/strong> S'instal\u00b7len mitjan\u00e7ant dos carrils paral\u00b7lels, cosa que augmenta la resist\u00e8ncia del sistema. Sovint es recomanen per a escales amb girs molt pronunciats o quan es requereix un suport addicional.<\/p><h3 data-start=\"1839\" data-end=\"1874\">Caracter\u00edstiques del doble rail:<\/h3><ul data-start=\"1875\" data-end=\"2135\"><li data-start=\"1875\" data-end=\"1919\"><p data-start=\"1877\" data-end=\"1919\"><strong data-start=\"1877\" data-end=\"1916\">Estructura m\u00e9s visible i voluminosa<\/strong>.<\/p><\/li><li data-start=\"1920\" data-end=\"2021\"><p data-start=\"1922\" data-end=\"2021\"><strong data-start=\"1922\" data-end=\"1967\">Ocupaci\u00f3 de m\u00e9s espai a l'escala<\/strong>, cosa que pot dificultar el pas d'altres usuaris.<\/p><\/li><li data-start=\"2022\" data-end=\"2065\"><p data-start=\"2024\" data-end=\"2065\"><strong data-start=\"2024\" data-end=\"2062\">Instal\u00b7laci\u00f3 m\u00e9s complexa i costosa<\/strong>.<\/p><\/li><li data-start=\"2066\" data-end=\"2135\"><p data-start=\"2068\" data-end=\"2135\"><strong data-start=\"2068\" data-end=\"2100\">Requereix m\u00e9s manteniment<\/strong> a causa del nombre de components.<\/p><\/li><\/ul><hr data-start=\"2137\" data-end=\"2140\" \/><h2 data-start=\"2142\" data-end=\"2193\">Monorrail vs. doble carril: comparativa pr\u00e0ctica<\/h2><div class=\"_tableContainer_1rjym_1\"><div class=\"group w-fit _tableWrapper_1rjym_13 flex flex-col-reverse\" tabindex=\"-1\"><table class=\"w-fit min-w-(--thread-content-width)\" data-start=\"2195\" data-end=\"2946\"><thead data-start=\"2195\" data-end=\"2301\"><tr data-start=\"2195\" data-end=\"2301\"><th data-start=\"2195\" data-end=\"2229\" data-col-size=\"sm\">Caracter\u00edstica<\/th><th data-start=\"2229\" data-end=\"2266\" data-col-size=\"sm\">Monorrail<\/th><th data-start=\"2266\" data-end=\"2301\" data-col-size=\"sm\">Doble carril<\/th><\/tr><\/thead><tbody data-start=\"2408\" data-end=\"2946\"><tr data-start=\"2408\" data-end=\"2514\"><td data-start=\"2408\" data-end=\"2442\" data-col-size=\"sm\">Est\u00e8tica<\/td><td data-start=\"2442\" data-end=\"2479\" data-col-size=\"sm\">Sotm\u00e8s, elegant<\/td><td data-start=\"2479\" data-end=\"2514\" data-col-size=\"sm\">M\u00e9s visible i aparatosa<\/td><\/tr><tr data-start=\"2515\" data-end=\"2625\"><td data-start=\"2515\" data-end=\"2549\" data-col-size=\"sm\">Espai ocupat<\/td><td data-start=\"2549\" data-end=\"2590\" data-col-size=\"sm\">Redu\u00eft, ideal en escales estretes<\/td><td data-start=\"2590\" data-end=\"2625\" data-col-size=\"sm\">Alcalde, pot molestar<\/td><\/tr><tr data-start=\"2626\" data-end=\"2732\"><td data-start=\"2626\" data-end=\"2660\" data-col-size=\"sm\">Instal\u00b7laci\u00f3<\/td><td data-start=\"2660\" data-end=\"2697\" data-col-size=\"sm\">R\u00e0pida i senzilla<\/td><td data-start=\"2697\" data-end=\"2732\" data-col-size=\"sm\">M\u00e9s complexa i lenta<\/td><\/tr><tr data-start=\"2733\" data-end=\"2839\"><td data-start=\"2733\" data-end=\"2767\" data-col-size=\"sm\">Mantenimiento<\/td><td data-start=\"2767\" data-end=\"2804\" data-col-size=\"sm\">M\u00e9s econ\u00f2mic i f\u00e0cil<\/td><td data-start=\"2804\" data-end=\"2839\" data-col-size=\"sm\">M\u00e9s car<\/td><\/tr><tr data-start=\"2840\" data-end=\"2946\"><td data-start=\"2840\" data-end=\"2874\" data-col-size=\"sm\">Suavitat de despla\u00e7ament<\/td><td data-start=\"2874\" data-end=\"2911\" data-col-size=\"sm\">Molt fluida<\/td><td data-start=\"2911\" data-end=\"2946\" data-col-size=\"sm\">Correcte, per\u00f2 menys uniforme<\/td><\/tr><\/tbody><\/table><\/div><\/div><hr data-start=\"2948\" data-end=\"2951\" \/><h2 data-start=\"2953\" data-end=\"3007\">Per qu\u00e8 triar una cadira salvaescales monorra\u00efl<\/h2><p data-start=\"3009\" data-end=\"3208\">Tot i que les dues opcions compleixen la funci\u00f3 de millorar la mobilitat, la <strong data-start=\"3085\" data-end=\"3119\">cadira salvaescales monorail<\/strong> es presenta com l'alternativa m\u00e9s pr\u00e0ctica i avantatjosa a la majoria de llars.<\/p><p data-start=\"3210\" data-end=\"3497\">El seu <strong data-start=\"3213\" data-end=\"3286\">disseny discret, ocupaci\u00f3 m\u00ednima d'espai i suavitat de moviment<\/strong> la fan preferida dels usuaris que busquen comoditat i seguretat sense complicacions. A m\u00e9s, la seva instal\u00b7laci\u00f3 sol ser m\u00e9s r\u00e0pida i econ\u00f2mica, cosa que la converteix en una soluci\u00f3 accessible i eficient.<\/p><p data-start=\"3499\" data-end=\"3652\">Fins i tot si existeixen corbes a l'escala, els sistemes monorail actuals permeten adaptar-se sense problemes, garantint un recorregut segur i estable.<\/p><hr data-start=\"3654\" data-end=\"3657\" \/><h2 data-start=\"3659\" data-end=\"3690\">I qu\u00e8 passa amb el preu?<\/h2><p data-start=\"3692\" data-end=\"3937\">Molta gent busca <strong data-start=\"3710\" data-end=\"3743\">cadira salvaescales barata<\/strong>, i en aquest aspecte, el monorail tamb\u00e9 sol sortir guanyant. En necessitar menys material i tenir una instal\u00b7laci\u00f3 m\u00e9s senzilla, el cost inicial sol ser inferior al d'una cadira doble rail.<\/p><p data-start=\"3939\" data-end=\"4026\">A m\u00e9s, el <strong data-start=\"3950\" data-end=\"3984\">el manteniment \u00e9s m\u00e9s econ\u00f2mic<\/strong>, cosa que suposa un estalvi a llarg termini.<\/p><hr data-start=\"4028\" data-end=\"4031\" \/><h2 data-start=\"4033\" data-end=\"4048\">Conclusi\u00f3<\/h2><p data-start=\"4050\" data-end=\"4205\">Si el que busques \u00e9s una opci\u00f3 moderna, pr\u00e0ctica, segura i amb bona relaci\u00f3 qualitat-preu, la millor elecci\u00f3 \u00e9s la <strong data-start=\"4168\" data-end=\"4202\">cadira salvaescales monorail<\/strong>.<\/p><p data-start=\"4207\" data-end=\"4302\">Si vols millorar la teva mobilitat i la teva qualitat de vida, t'animem a confiar en especialistes.<\/p><hr data-start=\"4304\" data-end=\"4307\" \/><h2 data-start=\"4309\" data-end=\"4362\">La teva soluci\u00f3 en mobilitat amb sillaselevadoras.es<\/h2><p data-start=\"4364\" data-end=\"4588\">En <strong data-start=\"4367\" data-end=\"4390\">sillaselevadoras.es<\/strong> sabem com \u00e9s important poder moure's amb llibertat i seguretat dins de casa teva. Per aix\u00f2, t'oferim les millors cadires salvaescales adaptades a les teves necessitats i espai. \ud83c\udfe1\u2b06\ufe0f\u2b07\ufe0f<\/p><p data-start=\"4590\" data-end=\"4881\">Comprar un salvaescales amb nosaltres \u00e9s apostar per qualitat, professionalitat i un servei que t'acompanya des de la visita t\u00e8cnica fins a molt despr\u00e9s de la instal\u00b7laci\u00f3. Realitzarem un estudi personalitzat gratu\u00eft per valorar la teva escala i recomanar-te el model m\u00e9s adequat.<\/p><p data-start=\"4883\" data-end=\"5160\">Amb sillaselevadoras.es disposar\u00e0s de:<br data-start=\"4921\" data-end=\"4924\" \/>\ud83d\udd39 Instal\u00b7laci\u00f3 r\u00e0pida, neta i sense mol\u00e8sties.<br data-start=\"4971\" data-end=\"4974\" \/>\ud83d\udd39 Productes certificats i amb garantia total.<br data-start=\"5022\" data-end=\"5025\" \/>\ud83d\udd39 Servei postvenda i manteniment per a la teva tranquil\u00b7litat.<br data-start=\"5085\" data-end=\"5088\" \/>\ud83d\udd39 Facilitats de pagament flexibles i lloguer temporal si ho necessites.<\/p><p data-start=\"5162\" data-end=\"5388\">No deixis que les escales limitin la teva independ\u00e8ncia. Contacta avui amb <strong data-start=\"5232\" data-end=\"5255\">sillaselevadoras.es<\/strong> i descobreix com podem millorar la teva qualitat de vida amb una soluci\u00f3 a mida. El teu benestar i seguretat s\u00f3n la nostra prioritat. \ud83d\udcde\ud83d\udc99<\/p>\t\t\t\t\t\t\t\t<\/div>\n\t\t\t\t<\/div>\n\t\t\t\t\t<\/div>\n\t\t\t\t<\/div>\n\t\t<div class=\"elementor-element elementor-element-0f5511a e-flex e-con-boxed e-con e-parent\" data-id=\"0f5511a\" data-element_type=\"container\" data-e-type=\"container\">\n\t\t\t\t\t<div class=\"e-con-inner\">\n\t\t<div class=\"elementor-element elementor-element-9773086 e-con-full e-flex e-con e-child\" data-id=\"9773086\" data-element_type=\"container\" data-e-type=\"container\">\n\t\t\t\t<div class=\"elementor-element elementor-element-ff56dfe elementor-widget elementor-widget-image\" data-id=\"ff56dfe\" data-element_type=\"widget\" data-e-type=\"widget\" data-widget_type=\"image.default\">\n\t\t\t\t<div class=\"elementor-widget-container\">\n\t\t\t\t\t\t\t\t\t\t\t\t\t\t\t<img fetchpriority=\"high\" decoding=\"async\" width=\"800\" height=\"538\" src=\"https:\/\/sillaselevadoras.es\/wp-content\/uploads\/2024\/05\/Access_BDD_Outdoor-14-1024x689.jpg\" class=\"attachment-large size-large wp-image-2366\" alt=\"\" srcset=\"https:\/\/sillaselevadoras.es\/wp-content\/uploads\/2024\/05\/Access_BDD_Outdoor-14-1024x689.jpg 1024w, https:\/\/sillaselevadoras.es\/wp-content\/uploads\/2024\/05\/Access_BDD_Outdoor-14-300x202.jpg 300w, https:\/\/sillaselevadoras.es\/wp-content\/uploads\/2024\/05\/Access_BDD_Outdoor-14-768x517.jpg 768w, https:\/\/sillaselevadoras.es\/wp-content\/uploads\/2024\/05\/Access_BDD_Outdoor-14-1536x1034.jpg 1536w, https:\/\/sillaselevadoras.es\/wp-content\/uploads\/2024\/05\/Access_BDD_Outdoor-14-2048x1378.jpg 2048w, https:\/\/sillaselevadoras.es\/wp-content\/uploads\/2024\/05\/Access_BDD_Outdoor-14-18x12.jpg 18w\" sizes=\"(max-width: 800px) 100vw, 800px\" \/>\t\t\t\t\t\t\t\t\t\t\t\t\t\t\t<\/div>\n\t\t\t\t<\/div>\n\t\t\t\t<\/div>\n\t\t<div class=\"elementor-element elementor-element-739021d e-con-full e-flex e-con e-child\" data-id=\"739021d\" data-element_type=\"container\" data-e-type=\"container\">\n\t\t<div class=\"elementor-element elementor-element-d83b567 e-con-full e-flex e-con e-child\" data-id=\"d83b567\" data-element_type=\"container\" data-e-type=\"container\">\n\t\t\t\t<div class=\"elementor-element elementor-element-138379a elementor-widget elementor-widget-image\" data-id=\"138379a\" data-element_type=\"widget\" data-e-type=\"widget\" data-widget_type=\"image.default\">\n\t\t\t\t<div class=\"elementor-widget-container\">\n\t\t\t\t\t\t\t\t\t\t\t\t\t\t\t<img decoding=\"async\" width=\"800\" height=\"534\" src=\"https:\/\/sillaselevadoras.es\/wp-content\/uploads\/2024\/05\/Access_BDD_Outdoor-16-1024x683.jpg\" class=\"attachment-large size-large wp-image-2364\" alt=\"\" srcset=\"https:\/\/sillaselevadoras.es\/wp-content\/uploads\/2024\/05\/Access_BDD_Outdoor-16-1024x683.jpg 1024w, https:\/\/sillaselevadoras.es\/wp-content\/uploads\/2024\/05\/Access_BDD_Outdoor-16-300x200.jpg 300w, https:\/\/sillaselevadoras.es\/wp-content\/uploads\/2024\/05\/Access_BDD_Outdoor-16-768x513.jpg 768w, https:\/\/sillaselevadoras.es\/wp-content\/uploads\/2024\/05\/Access_BDD_Outdoor-16-1536x1025.jpg 1536w, https:\/\/sillaselevadoras.es\/wp-content\/uploads\/2024\/05\/Access_BDD_Outdoor-16-2048x1367.jpg 2048w, https:\/\/sillaselevadoras.es\/wp-content\/uploads\/2024\/05\/Access_BDD_Outdoor-16-18x12.jpg 18w\" sizes=\"(max-width: 800px) 100vw, 800px\" \/>\t\t\t\t\t\t\t\t\t\t\t\t\t\t\t<\/div>\n\t\t\t\t<\/div>\n\t\t\t\t<\/div>\n\t\t\t\t<\/div>\n\t\t\t\t\t<\/div>\n\t\t\t\t<\/div>\n\t\t<div class=\"elementor-element elementor-element-1e1c085 e-flex e-con-boxed e-con e-parent\" data-id=\"1e1c085\" data-element_type=\"container\" data-e-type=\"container\">\n\t\t\t\t\t<div class=\"e-con-inner\">\n\t\t\t\t\t<\/div>\n\t\t\t\t<\/div>\n\t\t\t\t<\/div>","protected":false},"excerpt":{"rendered":"<p>La vuelta a la rutina puede ser un desaf\u00edo, sobre todo cuando existen limitaciones de movilidad o las escaleras se convierten en un obst\u00e1culo diario. Contar con una silla salvaescaleras permite recuperar la seguridad, la comodidad y la independencia en el hogar. Para muchas familias, este dispositivo se convierte en un aliado fundamental para volver [&hellip;]<\/p>\n","protected":false},"author":2,"featured_media":2822,"comment_status":"closed","ping_status":"open","sticky":false,"template":"","format":"standard","meta":{"_yoast_wpseo_focuskw":"sillas salvaescaleras","_yoast_wpseo_title":"Sillas salvaescaleras: vuelta a la rutina","_yoast_wpseo_metadesc":"Descubre c\u00f3mo la silla salvaescaleras puede ayudarte a retomar la rutina diaria con seguridad, autonom\u00eda y bienestar en casa.","_yoast_wpseo_meta-robots-noindex":"","_yoast_wpseo_canonical":"","_yoast_wpseo_opengraph-title":"","_yoast_wpseo_opengraph-description":"","_yoast_wpseo_opengraph-image":"","_yoast_wpseo_twitter-title":"","_yoast_wpseo_twitter-description":"","footnotes":""},"categories":[1],"tags":[],"class_list":["post-2814","post","type-post","status-publish","format-standard","has-post-thumbnail","hentry","category-sin-categoria"],"yoast_head":"<!-- This site is optimized with the Yoast SEO Premium plugin v27.5 (Yoast SEO v27.5) - https:\/\/yoast.com\/product\/yoast-seo-premium-wordpress\/ -->\n<title>Sillas salvaescaleras: vuelta a la rutina<\/title>\n<meta name=\"description\" content=\"Descubre c\u00f3mo la silla salvaescaleras puede ayudarte a retomar la rutina diaria con seguridad, autonom\u00eda y bienestar en casa.\" \/>\n<meta name=\"robots\" content=\"index, follow, max-snippet:-1, max-image-preview:large, max-video-preview:-1\" \/>\n<link rel=\"canonical\" href=\"https:\/\/sillaselevadoras.es\/ca\/2025\/09\/27\/escales-salva-tornada-a-la-rutina\/\" \/>\n<meta property=\"og:locale\" content=\"ca_ES\" \/>\n<meta property=\"og:type\" content=\"article\" \/>\n<meta property=\"og:title\" content=\"Sillas salvaescaleras: vuelta a la rutina\" \/>\n<meta property=\"og:description\" content=\"Descubre c\u00f3mo la silla salvaescaleras puede ayudarte a retomar la rutina diaria con seguridad, autonom\u00eda y bienestar en casa.\" \/>\n<meta property=\"og:url\" content=\"https:\/\/sillaselevadoras.es\/ca\/2025\/09\/27\/escales-salva-tornada-a-la-rutina\/\" \/>\n<meta property=\"og:site_name\" content=\"Sillas Elevadoras\" \/>\n<meta property=\"article:published_time\" content=\"2025-09-27T09:00:00+00:00\" \/>\n<meta property=\"article:modified_time\" content=\"2025-11-22T10:04:22+00:00\" \/>\n<meta property=\"og:image\" content=\"https:\/\/sillaselevadoras.es\/wp-content\/uploads\/2025\/10\/ChatGPT-Image-Nov-22-2025-10_58_22-AM-1024x683.png\" \/>\n\t<meta property=\"og:image:width\" content=\"1024\" \/>\n\t<meta property=\"og:image:height\" content=\"683\" \/>\n\t<meta property=\"og:image:type\" content=\"image\/png\" \/>\n<meta name=\"author\" content=\"Maria\" \/>\n<meta name=\"twitter:card\" content=\"summary_large_image\" \/>\n<meta name=\"twitter:label1\" content=\"Escrit per\" \/>\n\t<meta name=\"twitter:data1\" content=\"Maria\" \/>\n\t<meta name=\"twitter:label2\" content=\"Temps estimat de lectura\" \/>\n\t<meta name=\"twitter:data2\" content=\"8 minuts\" \/>\n<script type=\"application\/ld+json\" class=\"yoast-schema-graph\">{\"@context\":\"https:\\\/\\\/schema.org\",\"@graph\":[{\"@type\":\"Article\",\"@id\":\"https:\\\/\\\/sillaselevadoras.es\\\/2025\\\/09\\\/27\\\/sillas-salvaescaleras-vuelta-a-la-rutina\\\/#article\",\"isPartOf\":{\"@id\":\"https:\\\/\\\/sillaselevadoras.es\\\/2025\\\/09\\\/27\\\/sillas-salvaescaleras-vuelta-a-la-rutina\\\/\"},\"author\":{\"name\":\"Maria\",\"@id\":\"https:\\\/\\\/sillaselevadoras.es\\\/#\\\/schema\\\/person\\\/590cb06f8ea2349a9d10c73c7a3fae7f\"},\"headline\":\"Sillas salvaescaleras: vuelta a la rutina\",\"datePublished\":\"2025-09-27T09:00:00+00:00\",\"dateModified\":\"2025-11-22T10:04:22+00:00\",\"mainEntityOfPage\":{\"@id\":\"https:\\\/\\\/sillaselevadoras.es\\\/2025\\\/09\\\/27\\\/sillas-salvaescaleras-vuelta-a-la-rutina\\\/\"},\"wordCount\":1659,\"publisher\":{\"@id\":\"https:\\\/\\\/sillaselevadoras.es\\\/#organization\"},\"image\":{\"@id\":\"https:\\\/\\\/sillaselevadoras.es\\\/2025\\\/09\\\/27\\\/sillas-salvaescaleras-vuelta-a-la-rutina\\\/#primaryimage\"},\"thumbnailUrl\":\"https:\\\/\\\/sillaselevadoras.es\\\/wp-content\\\/uploads\\\/2025\\\/10\\\/ChatGPT-Image-Nov-22-2025-10_58_22-AM.png\",\"articleSection\":[\"Sin categor\u00eda\"],\"inLanguage\":\"ca\"},{\"@type\":\"WebPage\",\"@id\":\"https:\\\/\\\/sillaselevadoras.es\\\/2025\\\/09\\\/27\\\/sillas-salvaescaleras-vuelta-a-la-rutina\\\/\",\"url\":\"https:\\\/\\\/sillaselevadoras.es\\\/2025\\\/09\\\/27\\\/sillas-salvaescaleras-vuelta-a-la-rutina\\\/\",\"name\":\"Sillas salvaescaleras: vuelta a la rutina\",\"isPartOf\":{\"@id\":\"https:\\\/\\\/sillaselevadoras.es\\\/#website\"},\"primaryImageOfPage\":{\"@id\":\"https:\\\/\\\/sillaselevadoras.es\\\/2025\\\/09\\\/27\\\/sillas-salvaescaleras-vuelta-a-la-rutina\\\/#primaryimage\"},\"image\":{\"@id\":\"https:\\\/\\\/sillaselevadoras.es\\\/2025\\\/09\\\/27\\\/sillas-salvaescaleras-vuelta-a-la-rutina\\\/#primaryimage\"},\"thumbnailUrl\":\"https:\\\/\\\/sillaselevadoras.es\\\/wp-content\\\/uploads\\\/2025\\\/10\\\/ChatGPT-Image-Nov-22-2025-10_58_22-AM.png\",\"datePublished\":\"2025-09-27T09:00:00+00:00\",\"dateModified\":\"2025-11-22T10:04:22+00:00\",\"description\":\"Descubre c\u00f3mo la silla salvaescaleras puede ayudarte a retomar la rutina diaria con seguridad, autonom\u00eda y bienestar en casa.\",\"breadcrumb\":{\"@id\":\"https:\\\/\\\/sillaselevadoras.es\\\/2025\\\/09\\\/27\\\/sillas-salvaescaleras-vuelta-a-la-rutina\\\/#breadcrumb\"},\"inLanguage\":\"ca\",\"potentialAction\":[{\"@type\":\"ReadAction\",\"target\":[\"https:\\\/\\\/sillaselevadoras.es\\\/2025\\\/09\\\/27\\\/sillas-salvaescaleras-vuelta-a-la-rutina\\\/\"]}]},{\"@type\":\"ImageObject\",\"inLanguage\":\"ca\",\"@id\":\"https:\\\/\\\/sillaselevadoras.es\\\/2025\\\/09\\\/27\\\/sillas-salvaescaleras-vuelta-a-la-rutina\\\/#primaryimage\",\"url\":\"https:\\\/\\\/sillaselevadoras.es\\\/wp-content\\\/uploads\\\/2025\\\/10\\\/ChatGPT-Image-Nov-22-2025-10_58_22-AM.png\",\"contentUrl\":\"https:\\\/\\\/sillaselevadoras.es\\\/wp-content\\\/uploads\\\/2025\\\/10\\\/ChatGPT-Image-Nov-22-2025-10_58_22-AM.png\",\"width\":1536,\"height\":1024},{\"@type\":\"BreadcrumbList\",\"@id\":\"https:\\\/\\\/sillaselevadoras.es\\\/2025\\\/09\\\/27\\\/sillas-salvaescaleras-vuelta-a-la-rutina\\\/#breadcrumb\",\"itemListElement\":[{\"@type\":\"ListItem\",\"position\":1,\"name\":\"Portada\",\"item\":\"https:\\\/\\\/sillaselevadoras.es\\\/\"},{\"@type\":\"ListItem\",\"position\":2,\"name\":\"Sillas salvaescaleras: vuelta a la rutina\"}]},{\"@type\":\"WebSite\",\"@id\":\"https:\\\/\\\/sillaselevadoras.es\\\/#website\",\"url\":\"https:\\\/\\\/sillaselevadoras.es\\\/\",\"name\":\"Sillas Elevadoras\",\"description\":\"Sillas salvaescaleras\",\"publisher\":{\"@id\":\"https:\\\/\\\/sillaselevadoras.es\\\/#organization\"},\"potentialAction\":[{\"@type\":\"SearchAction\",\"target\":{\"@type\":\"EntryPoint\",\"urlTemplate\":\"https:\\\/\\\/sillaselevadoras.es\\\/?s={search_term_string}\"},\"query-input\":{\"@type\":\"PropertyValueSpecification\",\"valueRequired\":true,\"valueName\":\"search_term_string\"}}],\"inLanguage\":\"ca\"},{\"@type\":\"Organization\",\"@id\":\"https:\\\/\\\/sillaselevadoras.es\\\/#organization\",\"name\":\"Sillas Elevadoras\",\"url\":\"https:\\\/\\\/sillaselevadoras.es\\\/\",\"logo\":{\"@type\":\"ImageObject\",\"inLanguage\":\"ca\",\"@id\":\"https:\\\/\\\/sillaselevadoras.es\\\/#\\\/schema\\\/logo\\\/image\\\/\",\"url\":\"https:\\\/\\\/sillaselevadoras.es\\\/wp-content\\\/uploads\\\/2023\\\/12\\\/Sillas-elevadoras-Logo-72-ppp-1.png\",\"contentUrl\":\"https:\\\/\\\/sillaselevadoras.es\\\/wp-content\\\/uploads\\\/2023\\\/12\\\/Sillas-elevadoras-Logo-72-ppp-1.png\",\"width\":842,\"height\":596,\"caption\":\"Sillas Elevadoras\"},\"image\":{\"@id\":\"https:\\\/\\\/sillaselevadoras.es\\\/#\\\/schema\\\/logo\\\/image\\\/\"}},{\"@type\":\"Person\",\"@id\":\"https:\\\/\\\/sillaselevadoras.es\\\/#\\\/schema\\\/person\\\/590cb06f8ea2349a9d10c73c7a3fae7f\",\"name\":\"Maria\",\"image\":{\"@type\":\"ImageObject\",\"inLanguage\":\"ca\",\"@id\":\"https:\\\/\\\/secure.gravatar.com\\\/avatar\\\/8f3d95313af2e174e75a281493f4511eb2b8217150d937dfcd60313a9c85d91e?s=96&d=mm&r=g\",\"url\":\"https:\\\/\\\/secure.gravatar.com\\\/avatar\\\/8f3d95313af2e174e75a281493f4511eb2b8217150d937dfcd60313a9c85d91e?s=96&d=mm&r=g\",\"contentUrl\":\"https:\\\/\\\/secure.gravatar.com\\\/avatar\\\/8f3d95313af2e174e75a281493f4511eb2b8217150d937dfcd60313a9c85d91e?s=96&d=mm&r=g\",\"caption\":\"Maria\"},\"url\":\"https:\\\/\\\/sillaselevadoras.es\\\/ca\\\/author\\\/maria\\\/\"}]}<\/script>\n<!-- \/ Yoast SEO Premium plugin. -->","yoast_head_json":{"title":"Cadira salvaescales: tornada a la rutina","description":"Descobreix com la cadira salvaescales et pot ajudar a reprendre la rutina di\u00e0ria amb seguretat, autonomia i benestar a casa.","robots":{"index":"index","follow":"follow","max-snippet":"max-snippet:-1","max-image-preview":"max-image-preview:large","max-video-preview":"max-video-preview:-1"},"canonical":"https:\/\/sillaselevadoras.es\/ca\/2025\/09\/27\/escales-salva-tornada-a-la-rutina\/","og_locale":"ca_ES","og_type":"article","og_title":"Sillas salvaescaleras: vuelta a la rutina","og_description":"Descubre c\u00f3mo la silla salvaescaleras puede ayudarte a retomar la rutina diaria con seguridad, autonom\u00eda y bienestar en casa.","og_url":"https:\/\/sillaselevadoras.es\/ca\/2025\/09\/27\/escales-salva-tornada-a-la-rutina\/","og_site_name":"Sillas Elevadoras","article_published_time":"2025-09-27T09:00:00+00:00","article_modified_time":"2025-11-22T10:04:22+00:00","og_image":[{"width":1024,"height":683,"url":"https:\/\/sillaselevadoras.es\/wp-content\/uploads\/2025\/10\/ChatGPT-Image-Nov-22-2025-10_58_22-AM-1024x683.png","type":"image\/png"}],"author":"Maria","twitter_card":"summary_large_image","twitter_misc":{"Escrit per":"Maria","Temps estimat de lectura":"8 minuts"},"schema":{"@context":"https:\/\/schema.org","@graph":[{"@type":"Article","@id":"https:\/\/sillaselevadoras.es\/2025\/09\/27\/sillas-salvaescaleras-vuelta-a-la-rutina\/#article","isPartOf":{"@id":"https:\/\/sillaselevadoras.es\/2025\/09\/27\/sillas-salvaescaleras-vuelta-a-la-rutina\/"},"author":{"name":"Maria","@id":"https:\/\/sillaselevadoras.es\/#\/schema\/person\/590cb06f8ea2349a9d10c73c7a3fae7f"},"headline":"Sillas salvaescaleras: vuelta a la rutina","datePublished":"2025-09-27T09:00:00+00:00","dateModified":"2025-11-22T10:04:22+00:00","mainEntityOfPage":{"@id":"https:\/\/sillaselevadoras.es\/2025\/09\/27\/sillas-salvaescaleras-vuelta-a-la-rutina\/"},"wordCount":1659,"publisher":{"@id":"https:\/\/sillaselevadoras.es\/#organization"},"image":{"@id":"https:\/\/sillaselevadoras.es\/2025\/09\/27\/sillas-salvaescaleras-vuelta-a-la-rutina\/#primaryimage"},"thumbnailUrl":"https:\/\/sillaselevadoras.es\/wp-content\/uploads\/2025\/10\/ChatGPT-Image-Nov-22-2025-10_58_22-AM.png","articleSection":["Sin categor\u00eda"],"inLanguage":"ca"},{"@type":"WebPage","@id":"https:\/\/sillaselevadoras.es\/2025\/09\/27\/sillas-salvaescaleras-vuelta-a-la-rutina\/","url":"https:\/\/sillaselevadoras.es\/2025\/09\/27\/sillas-salvaescaleras-vuelta-a-la-rutina\/","name":"Cadira salvaescales: tornada a la rutina","isPartOf":{"@id":"https:\/\/sillaselevadoras.es\/#website"},"primaryImageOfPage":{"@id":"https:\/\/sillaselevadoras.es\/2025\/09\/27\/sillas-salvaescaleras-vuelta-a-la-rutina\/#primaryimage"},"image":{"@id":"https:\/\/sillaselevadoras.es\/2025\/09\/27\/sillas-salvaescaleras-vuelta-a-la-rutina\/#primaryimage"},"thumbnailUrl":"https:\/\/sillaselevadoras.es\/wp-content\/uploads\/2025\/10\/ChatGPT-Image-Nov-22-2025-10_58_22-AM.png","datePublished":"2025-09-27T09:00:00+00:00","dateModified":"2025-11-22T10:04:22+00:00","description":"Descobreix com la cadira salvaescales et pot ajudar a reprendre la rutina di\u00e0ria amb seguretat, autonomia i benestar a casa.","breadcrumb":{"@id":"https:\/\/sillaselevadoras.es\/2025\/09\/27\/sillas-salvaescaleras-vuelta-a-la-rutina\/#breadcrumb"},"inLanguage":"ca","potentialAction":[{"@type":"ReadAction","target":["https:\/\/sillaselevadoras.es\/2025\/09\/27\/sillas-salvaescaleras-vuelta-a-la-rutina\/"]}]},{"@type":"ImageObject","inLanguage":"ca","@id":"https:\/\/sillaselevadoras.es\/2025\/09\/27\/sillas-salvaescaleras-vuelta-a-la-rutina\/#primaryimage","url":"https:\/\/sillaselevadoras.es\/wp-content\/uploads\/2025\/10\/ChatGPT-Image-Nov-22-2025-10_58_22-AM.png","contentUrl":"https:\/\/sillaselevadoras.es\/wp-content\/uploads\/2025\/10\/ChatGPT-Image-Nov-22-2025-10_58_22-AM.png","width":1536,"height":1024},{"@type":"BreadcrumbList","@id":"https:\/\/sillaselevadoras.es\/2025\/09\/27\/sillas-salvaescaleras-vuelta-a-la-rutina\/#breadcrumb","itemListElement":[{"@type":"ListItem","position":1,"name":"Portada","item":"https:\/\/sillaselevadoras.es\/"},{"@type":"ListItem","position":2,"name":"Sillas salvaescaleras: vuelta a la rutina"}]},{"@type":"WebSite","@id":"https:\/\/sillaselevadoras.es\/#website","url":"https:\/\/sillaselevadoras.es\/","name":"Cadira salvaescales","description":"Cadiretes salvaescales","publisher":{"@id":"https:\/\/sillaselevadoras.es\/#organization"},"potentialAction":[{"@type":"SearchAction","target":{"@type":"EntryPoint","urlTemplate":"https:\/\/sillaselevadoras.es\/?s={search_term_string}"},"query-input":{"@type":"PropertyValueSpecification","valueRequired":true,"valueName":"search_term_string"}}],"inLanguage":"ca"},{"@type":"Organization","@id":"https:\/\/sillaselevadoras.es\/#organization","name":"Cadira salvaescales","url":"https:\/\/sillaselevadoras.es\/","logo":{"@type":"ImageObject","inLanguage":"ca","@id":"https:\/\/sillaselevadoras.es\/#\/schema\/logo\/image\/","url":"https:\/\/sillaselevadoras.es\/wp-content\/uploads\/2023\/12\/Sillas-elevadoras-Logo-72-ppp-1.png","contentUrl":"https:\/\/sillaselevadoras.es\/wp-content\/uploads\/2023\/12\/Sillas-elevadoras-Logo-72-ppp-1.png","width":842,"height":596,"caption":"Sillas Elevadoras"},"image":{"@id":"https:\/\/sillaselevadoras.es\/#\/schema\/logo\/image\/"}},{"@type":"Person","@id":"https:\/\/sillaselevadoras.es\/#\/schema\/person\/590cb06f8ea2349a9d10c73c7a3fae7f","name":"Maria","image":{"@type":"ImageObject","inLanguage":"ca","@id":"https:\/\/secure.gravatar.com\/avatar\/8f3d95313af2e174e75a281493f4511eb2b8217150d937dfcd60313a9c85d91e?s=96&d=mm&r=g","url":"https:\/\/secure.gravatar.com\/avatar\/8f3d95313af2e174e75a281493f4511eb2b8217150d937dfcd60313a9c85d91e?s=96&d=mm&r=g","contentUrl":"https:\/\/secure.gravatar.com\/avatar\/8f3d95313af2e174e75a281493f4511eb2b8217150d937dfcd60313a9c85d91e?s=96&d=mm&r=g","caption":"Maria"},"url":"https:\/\/sillaselevadoras.es\/ca\/author\/maria\/"}]}},"_links":{"self":[{"href":"https:\/\/sillaselevadoras.es\/ca\/wp-json\/wp\/v2\/posts\/2814","targetHints":{"allow":["GET"]}}],"collection":[{"href":"https:\/\/sillaselevadoras.es\/ca\/wp-json\/wp\/v2\/posts"}],"about":[{"href":"https:\/\/sillaselevadoras.es\/ca\/wp-json\/wp\/v2\/types\/post"}],"author":[{"embeddable":true,"href":"https:\/\/sillaselevadoras.es\/ca\/wp-json\/wp\/v2\/users\/2"}],"replies":[{"embeddable":true,"href":"https:\/\/sillaselevadoras.es\/ca\/wp-json\/wp\/v2\/comments?post=2814"}],"version-history":[{"count":5,"href":"https:\/\/sillaselevadoras.es\/ca\/wp-json\/wp\/v2\/posts\/2814\/revisions"}],"predecessor-version":[{"id":2823,"href":"https:\/\/sillaselevadoras.es\/ca\/wp-json\/wp\/v2\/posts\/2814\/revisions\/2823"}],"wp:featuredmedia":[{"embeddable":true,"href":"https:\/\/sillaselevadoras.es\/ca\/wp-json\/wp\/v2\/media\/2822"}],"wp:attachment":[{"href":"https:\/\/sillaselevadoras.es\/ca\/wp-json\/wp\/v2\/media?parent=2814"}],"wp:term":[{"taxonomy":"category","embeddable":true,"href":"https:\/\/sillaselevadoras.es\/ca\/wp-json\/wp\/v2\/categories?post=2814"},{"taxonomy":"post_tag","embeddable":true,"href":"https:\/\/sillaselevadoras.es\/ca\/wp-json\/wp\/v2\/tags?post=2814"}],"curies":[{"name":"wp","href":"https:\/\/api.w.org\/{rel}","templated":true}]}}