{"id":2826,"date":"2025-10-11T11:00:18","date_gmt":"2025-10-11T09:00:18","guid":{"rendered":"https:\/\/sillaselevadoras.es\/?p=2826"},"modified":"2025-11-22T14:45:59","modified_gmt":"2025-11-22T13:45:59","slug":"cadira-salvaescales-la-importancia-de-laccessibilitat","status":"publish","type":"post","link":"https:\/\/sillaselevadoras.es\/ca\/2025\/10\/11\/sillas-salvaescaleras-la-importancia-de-la-accesibilidad\/","title":{"rendered":"Cadira salvaescales: la import\u00e0ncia de l'accessibilitat"},"content":{"rendered":"<div data-elementor-type=\"wp-post\" data-elementor-id=\"2826\" class=\"elementor elementor-2826\" data-elementor-post-type=\"post\">\n\t\t\t\t<div class=\"elementor-element elementor-element-a2457ab e-flex e-con-boxed e-con e-parent\" data-id=\"a2457ab\" data-element_type=\"container\" data-e-type=\"container\">\n\t\t\t\t\t<div class=\"e-con-inner\">\n\t\t\t\t<div class=\"elementor-element elementor-element-180b646c elementor-widget elementor-widget-text-editor\" data-id=\"180b646c\" data-element_type=\"widget\" data-e-type=\"widget\" data-widget_type=\"text-editor.default\">\n\t\t\t\t<div class=\"elementor-widget-container\">\n\t\t\t\t\t\t\t\t\t<p data-start=\"487\" data-end=\"1008\">L'accessibilitat \u00e9s un dret fonamental i garantir-la en tots els espais p\u00fablics \u00e9s clau perqu\u00e8 qualsevol persona pugui despla\u00e7ar-se amb autonomia. Des del primer moment, \u00e9s important recon\u00e8ixer que una <strong data-start=\"703\" data-end=\"727\">Cadira salvaescales<\/strong> no nom\u00e9s facilita la mobilitat, sin\u00f3 que tamb\u00e9 millora la qualitat de vida de les persones que tenen dificultats per pujar i baixar escales. Avui dia, tant en l'\u00e0mbit dom\u00e8stic com en edificis p\u00fablics, l'accessibilitat continua sent un repte pendent que hem d'afrontar de forma decidida.<\/p>\n<hr data-start=\"1010\" data-end=\"1013\" \/>\n<h2 data-start=\"1015\" data-end=\"1085\"><strong data-start=\"1018\" data-end=\"1085\">Per qu\u00e8 l'accessibilitat en espais p\u00fablics \u00e9s imprescindible<\/strong><\/h2>\n<p data-start=\"1087\" data-end=\"1562\">L'accessibilitat en espais p\u00fablics \u00e9s essencial per assegurar que totes les persones puguin moure's amb llibertat. La manca d'adaptacions afecta la gent gran, a les persones amb mobilitat redu\u00efda i a qualsevol que necessiti suport per despla\u00e7ar-se. Quan un edifici, ajuntament, biblioteca o centre sanitari no disposa de solucions com rampes, ascensors o <strong data-start=\"1458\" data-end=\"1483\">cadires salvaescales<\/strong>, la participaci\u00f3 social de molts ciutadans es redueix de forma involunt\u00e0ria.<\/p>\n<hr data-start=\"1564\" data-end=\"1567\" \/>\n<h2 data-start=\"1569\" data-end=\"1619\"><strong data-start=\"1572\" data-end=\"1619\">El salvaescales com a soluci\u00f3 clau<\/strong><\/h2>\n<p data-start=\"1621\" data-end=\"2168\">Tot i que solemos relacionar l'accessibilitat amb rampes i ascensors, la <strong data-start=\"1692\" data-end=\"1716\">Cadira salvaescales<\/strong> \u00e9s una alternativa fonamental quan l'estructura de l'edifici no permet obres de gran envergadura. En centres hist\u00f2rics, comunitats antigues o espais p\u00fablics amb escales estretes, aquestes solucions aporten mobilitat sense alterar l'arquitectura existent.<br data-start=\"1982\" data-end=\"1985\" \/>Les <strong data-start=\"1989\" data-end=\"2014\">cadires salvaescales<\/strong> Les actuals s'adapten a trams rectes, corbs i escales amb diversos nivells, garantint l'accessibilitat en entorns on semblava impossible millorar-la.<\/p>\n<hr data-start=\"2170\" data-end=\"2173\" \/>\n<h2 data-start=\"2175\" data-end=\"2237\"><strong data-start=\"2178\" data-end=\"2237\">Accessibilitat universal: una responsabilitat compartida<\/strong><\/h2>\n<p data-start=\"2239\" data-end=\"2715\">L'accessibilitat s'ha d'entendre com un comprom\u00eds social. No \u00e9s un extra ni un favor; \u00e9s una mesura necess\u00e0ria perqu\u00e8 qualsevol persona pugui gaudir plenament dels espais p\u00fablics.<br data-start=\"2423\" data-end=\"2426\" \/>Instal\u00b7lar una <strong data-start=\"2439\" data-end=\"2463\">Cadira salvaescales<\/strong> en un edifici p\u00fablic transmet un missatge d'igualtat i empatia. Organismes oficials, com l'IMSERSO o el portal <strong data-start=\"2581\" data-end=\"2599\">mayores.gob.es<\/strong>, destaquen cont\u00ednuament la import\u00e0ncia d'eliminar barreres arquitect\u00f2niques per afavorir la participaci\u00f3 social.<\/p>\n<p data-start=\"2717\" data-end=\"2805\">Enlla\u00e7 extern <a class=\"decorated-link\" href=\"https:\/\/www.mayores.gob.es\" target=\"_new\" rel=\"noopener\" data-start=\"2733\" data-end=\"2759\">https:\/\/www.mayores.gob.es<\/a><br data-start=\"2759\" data-end=\"2762\" \/>Enlla\u00e7 intern: <a class=\"decorated-link\" href=\"https:\/\/sillaselevadoras.es\/ca\/\" target=\"_new\" rel=\"noopener\" data-start=\"2778\" data-end=\"2805\">https:\/\/sillaselevadoras.es<\/a><\/p>\n<hr data-start=\"2807\" data-end=\"2810\" \/>\n<h2 data-start=\"2812\" data-end=\"2884\"><strong data-start=\"2815\" data-end=\"2884\">Beneficis d'instal\u00b7lar cadires salvaescales en espais p\u00fablics<\/strong><\/h2>\n<p data-start=\"2886\" data-end=\"3577\">Els beneficis d'aquestes instal\u00b7lacions s\u00f3n nombrosos. El primer \u00e9s la inclusi\u00f3 social real: eliminar l'obstacle de les escales permet que persones amb mobilitat redu\u00efda accedeixin a tr\u00e0mits essencials sense dependre de tercers.<br data-start=\"3117\" data-end=\"3120\" \/>A m\u00e9s, les <strong data-start=\"3132\" data-end=\"3165\">cadira salvaescales barata<\/strong> s\u00f3n perfectes per a edificis on un ascensor no \u00e9s viable per motius estructurals o econ\u00f2mics.<br data-start=\"3265\" data-end=\"3268\" \/>Tamb\u00e9 milloren la imatge institucional: un espai accessible demostra responsabilitat i sensibilitat envers les necessitats reals de la poblaci\u00f3.<br data-start=\"3416\" data-end=\"3419\" \/>Finalment, la seguretat \u00e9s clau: els models actuals compten amb cintur\u00f3, arrencada suau, fre autom\u00e0tic i bateries que funcionen fins i tot sense corrent.<\/p>\n<hr data-start=\"3579\" data-end=\"3582\" \/>\n<h2 data-start=\"3584\" data-end=\"3634\"><strong data-start=\"3587\" data-end=\"3634\">Un espai p\u00fablic accessible ha de ser un lloc on tothom, independentment de les seves capacitats f\u00edsiques o cognitives, pugui circular, participar i gaudir amb seguretat i autonomia. Aix\u00f2 implica tenir en compte una s\u00e8rie de caracter\u00edstiques clau:\n\n*   **Accessibilitat f\u00edsica:**\n    *   **Rampes i elevadors:** Per superar desnivells, alternatius o complementaris a les escales.\n    *   **Paviments llisos i antilliscants:** Sense obstacles, amb bon drenatge i que evitin caigudes.\n    *   **Ample de pas suficient:** Per a cadires de rodes, cotxets, caminadors i grups de persones.\n    *   **Senyalitzaci\u00f3 clara i contrastada:** Tant visual com t\u00e0ctil (paviments podot\u00e0ctils) per guiar a persones amb discapacitat visual.\n    *   **Mobiliari urb\u00e0 accessible:** Bancs amb recolzabra\u00e7os, zones d'aparcament per a cadires de rodes, fonts a diferents al\u00e7ades.\n    *   **Aparcament reservat:** Proper a l'acc\u00e9s i ben senyalitzat.\n\n*   **Accessibilitat sensorial i cognitiva:**\n    *   **Informaci\u00f3 clara i senzilla:** Utilitzant un llenguatge f\u00e0cil de comprendre, amb pictogrames i suport visual.\n    *   **Bon il\u00b7luminaci\u00f3:** Evitant enlluernaments i zones fosques.\n    *   **Control del soroll:** Minimitzant el soroll ambiental excessiu.\n    *   **Espais tranquils:** Zones per a persones que necessiten un entorn menys estimulant.\n    *   **Senyalitzaci\u00f3 t\u00e0ctil i sonora:** Per a persones amb discapacitat visual o auditiva.\n\n*   **Seguretat i comoditat:**\n    *   **Bona visibilitat:** Disseny obert que permeti veure els voltants per a una sensaci\u00f3 de seguretat.\n    *   **Zones d'ombra:** Especialment importants en climes c\u00e0lids.\n    *   **Sanitaris accessibles:** Ben ubicats i equipats.\n    *   **Punts de descans:** Bancs i zones per seure distribu\u00efts per tot l'espai.\n\n*   **Inclusivitat i participaci\u00f3:**\n    *   **Disseny universal:** Pensat des del principi perqu\u00e8 sigui \u00fatil per a la majoria de persones, amb la m\u00ednima necessitat de modificacions.\n    *   **Possibilitats d'interacci\u00f3 social:** Espais que fomentin la trobada i la coexist\u00e8ncia.\n    *   **Accessibilitat a la informaci\u00f3:** Panells informatius, mapes i itineraris accessibles.\n\nEn resum, un espai p\u00fablic accessible \u00e9s un espai dissenyat pensant en la diversitat humana, on la comoditat, la seguretat i la capacitat de gaudi siguin universals.<\/strong><\/h2>\n<p data-start=\"3636\" data-end=\"4047\">Un entorn accessible ha de comptar amb rampes adequades, ascensors amplis, senyal\u00e8tica clara, paviments antilliscants i, quan les escales no es puguin evitar, <strong data-start=\"3800\" data-end=\"3825\">cadires salvaescales<\/strong> que permetin un acc\u00e9s segur a qualsevol planta.<br data-start=\"3875\" data-end=\"3878\" \/>En molts ajuntaments, centres culturals o edificis administratius, els <strong data-start=\"3955\" data-end=\"3988\">cadira salvaescales barata<\/strong> esdevenen l'opci\u00f3 m\u00e9s r\u00e0pida, fiable i assequible.<\/p>\n<hr data-start=\"4049\" data-end=\"4052\" \/>\n<h2 data-start=\"4054\" data-end=\"4112\"><strong data-start=\"4057\" data-end=\"4112\">Exemples reals de millora amb cadires salvaescales<\/strong><\/h2>\n<p data-start=\"4114\" data-end=\"4538\">Nombreux sont les petites municipalit\u00e9s, les centres sociaux, les biblioth\u00e8ques et les centres de sant\u00e9 dot\u00e9s de limitations structurelles qui ont choisi d'installer un <strong data-start=\"4253\" data-end=\"4277\">Cadira salvaescales<\/strong> per garantir l'acc\u00e9s a tots els usuaris.<br data-start=\"4325\" data-end=\"4328\" \/>En edificis amb diversos nivells o trams interns \u2014com ara auditoris, jutjats o centres c\u00edvics\u2014 tamb\u00e9 s'utilitzen per salvar difer\u00e8ncies d'al\u00e7ada, aportant seguretat i autonomia a aquells que m\u00e9s ho necessiten.<\/p>\n<hr data-start=\"4540\" data-end=\"4543\" \/>\n<h2 data-start=\"4545\" data-end=\"4581\"><strong data-start=\"4548\" data-end=\"4581\">Imatges (amb alt optimitzat)<\/strong><\/h2>\n<div>\u00a0<\/div>\n<p data-start=\"4583\" data-end=\"4735\"><br data-start=\"4684\" data-end=\"4687\" \/><em data-start=\"4687\" data-end=\"4735\">alt=\u00bbcadira salvaescales en edifici p\u00fablic\u00bb<\/em><\/p>\n<div>\u00a0<\/div>\n<p data-start=\"4737\" data-end=\"4897\"><br data-start=\"4846\" data-end=\"4849\" \/><em data-start=\"4849\" data-end=\"4897\">\u00bbcadira salvaescales per a accessibilitat\u00bb<\/em><\/p>\n<hr data-start=\"4899\" data-end=\"4902\" \/>\n<h2 data-start=\"4904\" data-end=\"4959\"><strong data-start=\"4907\" data-end=\"4959\">Conclusi\u00f3: avan\u00e7ar cap a una societat accessible<\/strong><\/h2>\n<p data-start=\"4961\" data-end=\"5338\">L'accessibilitat ha de ser un pilar b\u00e0sic en qualsevol espai p\u00fablic. Instal\u00b7lar una <strong data-start=\"5046\" data-end=\"5070\">Cadira salvaescales<\/strong> en edificis amb escales no nom\u00e9s facilita l'acc\u00e9s, sin\u00f3 que demostra una aposta clara per la igualtat i la inclusi\u00f3. Per millorar la mobilitat i autonomia de qui m\u00e9s ho necessita, aquestes solucions continuen sent imprescindibles en qualsevol entorn p\u00fablic.<\/p>\t\t\t\t\t\t\t\t<\/div>\n\t\t\t\t<\/div>\n\t\t\t\t\t<\/div>\n\t\t\t\t<\/div>\n\t\t<div class=\"elementor-element elementor-element-0f5511a e-flex e-con-boxed e-con e-parent\" data-id=\"0f5511a\" data-element_type=\"container\" data-e-type=\"container\">\n\t\t\t\t\t<div class=\"e-con-inner\">\n\t\t<div class=\"elementor-element elementor-element-9773086 e-con-full e-flex e-con e-child\" data-id=\"9773086\" data-element_type=\"container\" data-e-type=\"container\">\n\t\t\t\t<div class=\"elementor-element elementor-element-ff56dfe elementor-widget elementor-widget-image\" data-id=\"ff56dfe\" data-element_type=\"widget\" data-e-type=\"widget\" data-widget_type=\"image.default\">\n\t\t\t\t<div class=\"elementor-widget-container\">\n\t\t\t\t\t\t\t\t\t\t\t\t\t\t\t<img fetchpriority=\"high\" decoding=\"async\" width=\"800\" height=\"538\" src=\"https:\/\/sillaselevadoras.es\/wp-content\/uploads\/2024\/05\/Access_BDD_Outdoor-14-1024x689.jpg\" class=\"attachment-large size-large wp-image-2366\" alt=\"\" srcset=\"https:\/\/sillaselevadoras.es\/wp-content\/uploads\/2024\/05\/Access_BDD_Outdoor-14-1024x689.jpg 1024w, https:\/\/sillaselevadoras.es\/wp-content\/uploads\/2024\/05\/Access_BDD_Outdoor-14-300x202.jpg 300w, https:\/\/sillaselevadoras.es\/wp-content\/uploads\/2024\/05\/Access_BDD_Outdoor-14-768x517.jpg 768w, https:\/\/sillaselevadoras.es\/wp-content\/uploads\/2024\/05\/Access_BDD_Outdoor-14-1536x1034.jpg 1536w, https:\/\/sillaselevadoras.es\/wp-content\/uploads\/2024\/05\/Access_BDD_Outdoor-14-2048x1378.jpg 2048w, https:\/\/sillaselevadoras.es\/wp-content\/uploads\/2024\/05\/Access_BDD_Outdoor-14-18x12.jpg 18w\" sizes=\"(max-width: 800px) 100vw, 800px\" \/>\t\t\t\t\t\t\t\t\t\t\t\t\t\t\t<\/div>\n\t\t\t\t<\/div>\n\t\t\t\t<\/div>\n\t\t<div class=\"elementor-element elementor-element-739021d e-con-full e-flex e-con e-child\" data-id=\"739021d\" data-element_type=\"container\" data-e-type=\"container\">\n\t\t<div class=\"elementor-element elementor-element-d83b567 e-con-full e-flex e-con e-child\" data-id=\"d83b567\" data-element_type=\"container\" data-e-type=\"container\">\n\t\t\t\t<div class=\"elementor-element elementor-element-138379a elementor-widget elementor-widget-image\" data-id=\"138379a\" data-element_type=\"widget\" data-e-type=\"widget\" data-widget_type=\"image.default\">\n\t\t\t\t<div class=\"elementor-widget-container\">\n\t\t\t\t\t\t\t\t\t\t\t\t\t\t\t<img decoding=\"async\" width=\"800\" height=\"534\" src=\"https:\/\/sillaselevadoras.es\/wp-content\/uploads\/2024\/05\/Access_BDD_Outdoor-16-1024x683.jpg\" class=\"attachment-large size-large wp-image-2364\" alt=\"\" srcset=\"https:\/\/sillaselevadoras.es\/wp-content\/uploads\/2024\/05\/Access_BDD_Outdoor-16-1024x683.jpg 1024w, https:\/\/sillaselevadoras.es\/wp-content\/uploads\/2024\/05\/Access_BDD_Outdoor-16-300x200.jpg 300w, https:\/\/sillaselevadoras.es\/wp-content\/uploads\/2024\/05\/Access_BDD_Outdoor-16-768x513.jpg 768w, https:\/\/sillaselevadoras.es\/wp-content\/uploads\/2024\/05\/Access_BDD_Outdoor-16-1536x1025.jpg 1536w, https:\/\/sillaselevadoras.es\/wp-content\/uploads\/2024\/05\/Access_BDD_Outdoor-16-2048x1367.jpg 2048w, https:\/\/sillaselevadoras.es\/wp-content\/uploads\/2024\/05\/Access_BDD_Outdoor-16-18x12.jpg 18w\" sizes=\"(max-width: 800px) 100vw, 800px\" \/>\t\t\t\t\t\t\t\t\t\t\t\t\t\t\t<\/div>\n\t\t\t\t<\/div>\n\t\t\t\t<\/div>\n\t\t\t\t<\/div>\n\t\t\t\t\t<\/div>\n\t\t\t\t<\/div>\n\t\t<div class=\"elementor-element elementor-element-1e1c085 e-flex e-con-boxed e-con e-parent\" data-id=\"1e1c085\" data-element_type=\"container\" data-e-type=\"container\">\n\t\t\t\t\t<div class=\"e-con-inner\">\n\t\t\t\t\t<\/div>\n\t\t\t\t<\/div>\n\t\t\t\t<\/div>","protected":false},"excerpt":{"rendered":"<p>La accesibilidad es un derecho fundamental, y garantizarla en todos los espacios p\u00fablicos es clave para que cualquier persona pueda desplazarse con autonom\u00eda. Desde el primer momento, es importante reconocer que una silla salvaescaleras no solo facilita la movilidad, sino que tambi\u00e9n mejora la calidad de vida de quienes tienen dificultades para subir y bajar [&hellip;]<\/p>\n","protected":false},"author":2,"featured_media":2832,"comment_status":"closed","ping_status":"open","sticky":false,"template":"","format":"standard","meta":{"_yoast_wpseo_focuskw":"sillas salvaescaleras","_yoast_wpseo_title":"Sillas salvaescaleras: la importancia de la accesibilidad","_yoast_wpseo_metadesc":"La accesibilidad en espacios p\u00fablicos es esencial para una sociedad inclusiva. Descubre c\u00f3mo la silla salvaescaleras la puede mejorar.","_yoast_wpseo_meta-robots-noindex":"","_yoast_wpseo_canonical":"","_yoast_wpseo_opengraph-title":"","_yoast_wpseo_opengraph-description":"","_yoast_wpseo_opengraph-image":"","_yoast_wpseo_twitter-title":"","_yoast_wpseo_twitter-description":"","footnotes":""},"categories":[1],"tags":[],"class_list":["post-2826","post","type-post","status-publish","format-standard","has-post-thumbnail","hentry","category-sin-categoria"],"yoast_head":"<!-- This site is optimized with the Yoast SEO Premium plugin v27.5 (Yoast SEO v27.5) - https:\/\/yoast.com\/product\/yoast-seo-premium-wordpress\/ -->\n<title>Sillas salvaescaleras: la importancia de la accesibilidad<\/title>\n<meta name=\"description\" content=\"La accesibilidad en espacios p\u00fablicos es esencial para una sociedad inclusiva. Descubre c\u00f3mo la silla salvaescaleras la puede mejorar.\" \/>\n<meta name=\"robots\" content=\"index, follow, max-snippet:-1, max-image-preview:large, max-video-preview:-1\" \/>\n<link rel=\"canonical\" href=\"https:\/\/sillaselevadoras.es\/ca\/2025\/10\/11\/cadira-salvaescales-la-importancia-de-laccessibilitat\/\" \/>\n<meta property=\"og:locale\" content=\"ca_ES\" \/>\n<meta property=\"og:type\" content=\"article\" \/>\n<meta property=\"og:title\" content=\"Sillas salvaescaleras: la importancia de la accesibilidad\" \/>\n<meta property=\"og:description\" content=\"La accesibilidad en espacios p\u00fablicos es esencial para una sociedad inclusiva. Descubre c\u00f3mo la silla salvaescaleras la puede mejorar.\" \/>\n<meta property=\"og:url\" content=\"https:\/\/sillaselevadoras.es\/ca\/2025\/10\/11\/cadira-salvaescales-la-importancia-de-laccessibilitat\/\" \/>\n<meta property=\"og:site_name\" content=\"Sillas Elevadoras\" \/>\n<meta property=\"article:published_time\" content=\"2025-10-11T09:00:18+00:00\" \/>\n<meta property=\"article:modified_time\" content=\"2025-11-22T13:45:59+00:00\" \/>\n<meta property=\"og:image\" content=\"https:\/\/sillaselevadoras.es\/wp-content\/uploads\/2025\/10\/ChatGPT-Image-Nov-22-2025-02_45_26-PM-1024x683.png\" \/>\n\t<meta property=\"og:image:width\" content=\"1024\" \/>\n\t<meta property=\"og:image:height\" content=\"683\" \/>\n\t<meta property=\"og:image:type\" content=\"image\/png\" \/>\n<meta name=\"author\" content=\"Maria\" \/>\n<meta name=\"twitter:card\" content=\"summary_large_image\" \/>\n<meta name=\"twitter:label1\" content=\"Escrit per\" \/>\n\t<meta name=\"twitter:data1\" content=\"Maria\" \/>\n\t<meta name=\"twitter:label2\" content=\"Temps estimat de lectura\" \/>\n\t<meta name=\"twitter:data2\" content=\"4 minuts\" \/>\n<script type=\"application\/ld+json\" class=\"yoast-schema-graph\">{\"@context\":\"https:\\\/\\\/schema.org\",\"@graph\":[{\"@type\":\"Article\",\"@id\":\"https:\\\/\\\/sillaselevadoras.es\\\/2025\\\/10\\\/11\\\/sillas-salvaescaleras-la-importancia-de-la-accesibilidad\\\/#article\",\"isPartOf\":{\"@id\":\"https:\\\/\\\/sillaselevadoras.es\\\/2025\\\/10\\\/11\\\/sillas-salvaescaleras-la-importancia-de-la-accesibilidad\\\/\"},\"author\":{\"name\":\"Maria\",\"@id\":\"https:\\\/\\\/sillaselevadoras.es\\\/#\\\/schema\\\/person\\\/590cb06f8ea2349a9d10c73c7a3fae7f\"},\"headline\":\"Sillas salvaescaleras: la importancia de la accesibilidad\",\"datePublished\":\"2025-10-11T09:00:18+00:00\",\"dateModified\":\"2025-11-22T13:45:59+00:00\",\"mainEntityOfPage\":{\"@id\":\"https:\\\/\\\/sillaselevadoras.es\\\/2025\\\/10\\\/11\\\/sillas-salvaescaleras-la-importancia-de-la-accesibilidad\\\/\"},\"wordCount\":681,\"publisher\":{\"@id\":\"https:\\\/\\\/sillaselevadoras.es\\\/#organization\"},\"image\":{\"@id\":\"https:\\\/\\\/sillaselevadoras.es\\\/2025\\\/10\\\/11\\\/sillas-salvaescaleras-la-importancia-de-la-accesibilidad\\\/#primaryimage\"},\"thumbnailUrl\":\"https:\\\/\\\/sillaselevadoras.es\\\/wp-content\\\/uploads\\\/2025\\\/10\\\/ChatGPT-Image-Nov-22-2025-02_45_26-PM.png\",\"articleSection\":[\"Sin categor\u00eda\"],\"inLanguage\":\"ca\"},{\"@type\":\"WebPage\",\"@id\":\"https:\\\/\\\/sillaselevadoras.es\\\/2025\\\/10\\\/11\\\/sillas-salvaescaleras-la-importancia-de-la-accesibilidad\\\/\",\"url\":\"https:\\\/\\\/sillaselevadoras.es\\\/2025\\\/10\\\/11\\\/sillas-salvaescaleras-la-importancia-de-la-accesibilidad\\\/\",\"name\":\"Sillas salvaescaleras: la importancia de la accesibilidad\",\"isPartOf\":{\"@id\":\"https:\\\/\\\/sillaselevadoras.es\\\/#website\"},\"primaryImageOfPage\":{\"@id\":\"https:\\\/\\\/sillaselevadoras.es\\\/2025\\\/10\\\/11\\\/sillas-salvaescaleras-la-importancia-de-la-accesibilidad\\\/#primaryimage\"},\"image\":{\"@id\":\"https:\\\/\\\/sillaselevadoras.es\\\/2025\\\/10\\\/11\\\/sillas-salvaescaleras-la-importancia-de-la-accesibilidad\\\/#primaryimage\"},\"thumbnailUrl\":\"https:\\\/\\\/sillaselevadoras.es\\\/wp-content\\\/uploads\\\/2025\\\/10\\\/ChatGPT-Image-Nov-22-2025-02_45_26-PM.png\",\"datePublished\":\"2025-10-11T09:00:18+00:00\",\"dateModified\":\"2025-11-22T13:45:59+00:00\",\"description\":\"La accesibilidad en espacios p\u00fablicos es esencial para una sociedad inclusiva. Descubre c\u00f3mo la silla salvaescaleras la puede mejorar.\",\"breadcrumb\":{\"@id\":\"https:\\\/\\\/sillaselevadoras.es\\\/2025\\\/10\\\/11\\\/sillas-salvaescaleras-la-importancia-de-la-accesibilidad\\\/#breadcrumb\"},\"inLanguage\":\"ca\",\"potentialAction\":[{\"@type\":\"ReadAction\",\"target\":[\"https:\\\/\\\/sillaselevadoras.es\\\/2025\\\/10\\\/11\\\/sillas-salvaescaleras-la-importancia-de-la-accesibilidad\\\/\"]}]},{\"@type\":\"ImageObject\",\"inLanguage\":\"ca\",\"@id\":\"https:\\\/\\\/sillaselevadoras.es\\\/2025\\\/10\\\/11\\\/sillas-salvaescaleras-la-importancia-de-la-accesibilidad\\\/#primaryimage\",\"url\":\"https:\\\/\\\/sillaselevadoras.es\\\/wp-content\\\/uploads\\\/2025\\\/10\\\/ChatGPT-Image-Nov-22-2025-02_45_26-PM.png\",\"contentUrl\":\"https:\\\/\\\/sillaselevadoras.es\\\/wp-content\\\/uploads\\\/2025\\\/10\\\/ChatGPT-Image-Nov-22-2025-02_45_26-PM.png\",\"width\":1536,\"height\":1024},{\"@type\":\"BreadcrumbList\",\"@id\":\"https:\\\/\\\/sillaselevadoras.es\\\/2025\\\/10\\\/11\\\/sillas-salvaescaleras-la-importancia-de-la-accesibilidad\\\/#breadcrumb\",\"itemListElement\":[{\"@type\":\"ListItem\",\"position\":1,\"name\":\"Portada\",\"item\":\"https:\\\/\\\/sillaselevadoras.es\\\/\"},{\"@type\":\"ListItem\",\"position\":2,\"name\":\"Sillas salvaescaleras: la importancia de la accesibilidad\"}]},{\"@type\":\"WebSite\",\"@id\":\"https:\\\/\\\/sillaselevadoras.es\\\/#website\",\"url\":\"https:\\\/\\\/sillaselevadoras.es\\\/\",\"name\":\"Sillas Elevadoras\",\"description\":\"Sillas salvaescaleras\",\"publisher\":{\"@id\":\"https:\\\/\\\/sillaselevadoras.es\\\/#organization\"},\"potentialAction\":[{\"@type\":\"SearchAction\",\"target\":{\"@type\":\"EntryPoint\",\"urlTemplate\":\"https:\\\/\\\/sillaselevadoras.es\\\/?s={search_term_string}\"},\"query-input\":{\"@type\":\"PropertyValueSpecification\",\"valueRequired\":true,\"valueName\":\"search_term_string\"}}],\"inLanguage\":\"ca\"},{\"@type\":\"Organization\",\"@id\":\"https:\\\/\\\/sillaselevadoras.es\\\/#organization\",\"name\":\"Sillas Elevadoras\",\"url\":\"https:\\\/\\\/sillaselevadoras.es\\\/\",\"logo\":{\"@type\":\"ImageObject\",\"inLanguage\":\"ca\",\"@id\":\"https:\\\/\\\/sillaselevadoras.es\\\/#\\\/schema\\\/logo\\\/image\\\/\",\"url\":\"https:\\\/\\\/sillaselevadoras.es\\\/wp-content\\\/uploads\\\/2023\\\/12\\\/Sillas-elevadoras-Logo-72-ppp-1.png\",\"contentUrl\":\"https:\\\/\\\/sillaselevadoras.es\\\/wp-content\\\/uploads\\\/2023\\\/12\\\/Sillas-elevadoras-Logo-72-ppp-1.png\",\"width\":842,\"height\":596,\"caption\":\"Sillas Elevadoras\"},\"image\":{\"@id\":\"https:\\\/\\\/sillaselevadoras.es\\\/#\\\/schema\\\/logo\\\/image\\\/\"}},{\"@type\":\"Person\",\"@id\":\"https:\\\/\\\/sillaselevadoras.es\\\/#\\\/schema\\\/person\\\/590cb06f8ea2349a9d10c73c7a3fae7f\",\"name\":\"Maria\",\"image\":{\"@type\":\"ImageObject\",\"inLanguage\":\"ca\",\"@id\":\"https:\\\/\\\/secure.gravatar.com\\\/avatar\\\/8f3d95313af2e174e75a281493f4511eb2b8217150d937dfcd60313a9c85d91e?s=96&d=mm&r=g\",\"url\":\"https:\\\/\\\/secure.gravatar.com\\\/avatar\\\/8f3d95313af2e174e75a281493f4511eb2b8217150d937dfcd60313a9c85d91e?s=96&d=mm&r=g\",\"contentUrl\":\"https:\\\/\\\/secure.gravatar.com\\\/avatar\\\/8f3d95313af2e174e75a281493f4511eb2b8217150d937dfcd60313a9c85d91e?s=96&d=mm&r=g\",\"caption\":\"Maria\"},\"url\":\"https:\\\/\\\/sillaselevadoras.es\\\/ca\\\/author\\\/maria\\\/\"}]}<\/script>\n<!-- \/ Yoast SEO Premium plugin. -->","yoast_head_json":{"title":"Cadira salvaescales: la import\u00e0ncia de l'accessibilitat","description":"L'accessibilitat en espais p\u00fablics \u00e9s essencial per a una societat inclusiva. Descobreix com la cadira salvaescales la pot millorar.","robots":{"index":"index","follow":"follow","max-snippet":"max-snippet:-1","max-image-preview":"max-image-preview:large","max-video-preview":"max-video-preview:-1"},"canonical":"https:\/\/sillaselevadoras.es\/ca\/2025\/10\/11\/cadira-salvaescales-la-importancia-de-laccessibilitat\/","og_locale":"ca_ES","og_type":"article","og_title":"Sillas salvaescaleras: la importancia de la accesibilidad","og_description":"La accesibilidad en espacios p\u00fablicos es esencial para una sociedad inclusiva. Descubre c\u00f3mo la silla salvaescaleras la puede mejorar.","og_url":"https:\/\/sillaselevadoras.es\/ca\/2025\/10\/11\/cadira-salvaescales-la-importancia-de-laccessibilitat\/","og_site_name":"Sillas Elevadoras","article_published_time":"2025-10-11T09:00:18+00:00","article_modified_time":"2025-11-22T13:45:59+00:00","og_image":[{"width":1024,"height":683,"url":"https:\/\/sillaselevadoras.es\/wp-content\/uploads\/2025\/10\/ChatGPT-Image-Nov-22-2025-02_45_26-PM-1024x683.png","type":"image\/png"}],"author":"Maria","twitter_card":"summary_large_image","twitter_misc":{"Escrit per":"Maria","Temps estimat de lectura":"4 minuts"},"schema":{"@context":"https:\/\/schema.org","@graph":[{"@type":"Article","@id":"https:\/\/sillaselevadoras.es\/2025\/10\/11\/sillas-salvaescaleras-la-importancia-de-la-accesibilidad\/#article","isPartOf":{"@id":"https:\/\/sillaselevadoras.es\/2025\/10\/11\/sillas-salvaescaleras-la-importancia-de-la-accesibilidad\/"},"author":{"name":"Maria","@id":"https:\/\/sillaselevadoras.es\/#\/schema\/person\/590cb06f8ea2349a9d10c73c7a3fae7f"},"headline":"Sillas salvaescaleras: la importancia de la accesibilidad","datePublished":"2025-10-11T09:00:18+00:00","dateModified":"2025-11-22T13:45:59+00:00","mainEntityOfPage":{"@id":"https:\/\/sillaselevadoras.es\/2025\/10\/11\/sillas-salvaescaleras-la-importancia-de-la-accesibilidad\/"},"wordCount":681,"publisher":{"@id":"https:\/\/sillaselevadoras.es\/#organization"},"image":{"@id":"https:\/\/sillaselevadoras.es\/2025\/10\/11\/sillas-salvaescaleras-la-importancia-de-la-accesibilidad\/#primaryimage"},"thumbnailUrl":"https:\/\/sillaselevadoras.es\/wp-content\/uploads\/2025\/10\/ChatGPT-Image-Nov-22-2025-02_45_26-PM.png","articleSection":["Sin categor\u00eda"],"inLanguage":"ca"},{"@type":"WebPage","@id":"https:\/\/sillaselevadoras.es\/2025\/10\/11\/sillas-salvaescaleras-la-importancia-de-la-accesibilidad\/","url":"https:\/\/sillaselevadoras.es\/2025\/10\/11\/sillas-salvaescaleras-la-importancia-de-la-accesibilidad\/","name":"Cadira salvaescales: la import\u00e0ncia de l'accessibilitat","isPartOf":{"@id":"https:\/\/sillaselevadoras.es\/#website"},"primaryImageOfPage":{"@id":"https:\/\/sillaselevadoras.es\/2025\/10\/11\/sillas-salvaescaleras-la-importancia-de-la-accesibilidad\/#primaryimage"},"image":{"@id":"https:\/\/sillaselevadoras.es\/2025\/10\/11\/sillas-salvaescaleras-la-importancia-de-la-accesibilidad\/#primaryimage"},"thumbnailUrl":"https:\/\/sillaselevadoras.es\/wp-content\/uploads\/2025\/10\/ChatGPT-Image-Nov-22-2025-02_45_26-PM.png","datePublished":"2025-10-11T09:00:18+00:00","dateModified":"2025-11-22T13:45:59+00:00","description":"L'accessibilitat en espais p\u00fablics \u00e9s essencial per a una societat inclusiva. Descobreix com la cadira salvaescales la pot millorar.","breadcrumb":{"@id":"https:\/\/sillaselevadoras.es\/2025\/10\/11\/sillas-salvaescaleras-la-importancia-de-la-accesibilidad\/#breadcrumb"},"inLanguage":"ca","potentialAction":[{"@type":"ReadAction","target":["https:\/\/sillaselevadoras.es\/2025\/10\/11\/sillas-salvaescaleras-la-importancia-de-la-accesibilidad\/"]}]},{"@type":"ImageObject","inLanguage":"ca","@id":"https:\/\/sillaselevadoras.es\/2025\/10\/11\/sillas-salvaescaleras-la-importancia-de-la-accesibilidad\/#primaryimage","url":"https:\/\/sillaselevadoras.es\/wp-content\/uploads\/2025\/10\/ChatGPT-Image-Nov-22-2025-02_45_26-PM.png","contentUrl":"https:\/\/sillaselevadoras.es\/wp-content\/uploads\/2025\/10\/ChatGPT-Image-Nov-22-2025-02_45_26-PM.png","width":1536,"height":1024},{"@type":"BreadcrumbList","@id":"https:\/\/sillaselevadoras.es\/2025\/10\/11\/sillas-salvaescaleras-la-importancia-de-la-accesibilidad\/#breadcrumb","itemListElement":[{"@type":"ListItem","position":1,"name":"Portada","item":"https:\/\/sillaselevadoras.es\/"},{"@type":"ListItem","position":2,"name":"Sillas salvaescaleras: la importancia de la accesibilidad"}]},{"@type":"WebSite","@id":"https:\/\/sillaselevadoras.es\/#website","url":"https:\/\/sillaselevadoras.es\/","name":"Cadira salvaescales","description":"Cadiretes salvaescales","publisher":{"@id":"https:\/\/sillaselevadoras.es\/#organization"},"potentialAction":[{"@type":"SearchAction","target":{"@type":"EntryPoint","urlTemplate":"https:\/\/sillaselevadoras.es\/?s={search_term_string}"},"query-input":{"@type":"PropertyValueSpecification","valueRequired":true,"valueName":"search_term_string"}}],"inLanguage":"ca"},{"@type":"Organization","@id":"https:\/\/sillaselevadoras.es\/#organization","name":"Cadira salvaescales","url":"https:\/\/sillaselevadoras.es\/","logo":{"@type":"ImageObject","inLanguage":"ca","@id":"https:\/\/sillaselevadoras.es\/#\/schema\/logo\/image\/","url":"https:\/\/sillaselevadoras.es\/wp-content\/uploads\/2023\/12\/Sillas-elevadoras-Logo-72-ppp-1.png","contentUrl":"https:\/\/sillaselevadoras.es\/wp-content\/uploads\/2023\/12\/Sillas-elevadoras-Logo-72-ppp-1.png","width":842,"height":596,"caption":"Sillas Elevadoras"},"image":{"@id":"https:\/\/sillaselevadoras.es\/#\/schema\/logo\/image\/"}},{"@type":"Person","@id":"https:\/\/sillaselevadoras.es\/#\/schema\/person\/590cb06f8ea2349a9d10c73c7a3fae7f","name":"Maria","image":{"@type":"ImageObject","inLanguage":"ca","@id":"https:\/\/secure.gravatar.com\/avatar\/8f3d95313af2e174e75a281493f4511eb2b8217150d937dfcd60313a9c85d91e?s=96&d=mm&r=g","url":"https:\/\/secure.gravatar.com\/avatar\/8f3d95313af2e174e75a281493f4511eb2b8217150d937dfcd60313a9c85d91e?s=96&d=mm&r=g","contentUrl":"https:\/\/secure.gravatar.com\/avatar\/8f3d95313af2e174e75a281493f4511eb2b8217150d937dfcd60313a9c85d91e?s=96&d=mm&r=g","caption":"Maria"},"url":"https:\/\/sillaselevadoras.es\/ca\/author\/maria\/"}]}},"_links":{"self":[{"href":"https:\/\/sillaselevadoras.es\/ca\/wp-json\/wp\/v2\/posts\/2826","targetHints":{"allow":["GET"]}}],"collection":[{"href":"https:\/\/sillaselevadoras.es\/ca\/wp-json\/wp\/v2\/posts"}],"about":[{"href":"https:\/\/sillaselevadoras.es\/ca\/wp-json\/wp\/v2\/types\/post"}],"author":[{"embeddable":true,"href":"https:\/\/sillaselevadoras.es\/ca\/wp-json\/wp\/v2\/users\/2"}],"replies":[{"embeddable":true,"href":"https:\/\/sillaselevadoras.es\/ca\/wp-json\/wp\/v2\/comments?post=2826"}],"version-history":[{"count":4,"href":"https:\/\/sillaselevadoras.es\/ca\/wp-json\/wp\/v2\/posts\/2826\/revisions"}],"predecessor-version":[{"id":2831,"href":"https:\/\/sillaselevadoras.es\/ca\/wp-json\/wp\/v2\/posts\/2826\/revisions\/2831"}],"wp:featuredmedia":[{"embeddable":true,"href":"https:\/\/sillaselevadoras.es\/ca\/wp-json\/wp\/v2\/media\/2832"}],"wp:attachment":[{"href":"https:\/\/sillaselevadoras.es\/ca\/wp-json\/wp\/v2\/media?parent=2826"}],"wp:term":[{"taxonomy":"category","embeddable":true,"href":"https:\/\/sillaselevadoras.es\/ca\/wp-json\/wp\/v2\/categories?post=2826"},{"taxonomy":"post_tag","embeddable":true,"href":"https:\/\/sillaselevadoras.es\/ca\/wp-json\/wp\/v2\/tags?post=2826"}],"curies":[{"name":"wp","href":"https:\/\/api.w.org\/{rel}","templated":true}]}}