{"id":2839,"date":"2025-11-08T11:00:39","date_gmt":"2025-11-08T10:00:39","guid":{"rendered":"https:\/\/sillaselevadoras.es\/?p=2839"},"modified":"2025-11-22T14:55:56","modified_gmt":"2025-11-22T13:55:56","slug":"manteniment-cadires-salvaescales-amb-el-fred","status":"publish","type":"post","link":"https:\/\/sillaselevadoras.es\/ca\/2025\/11\/08\/sillas-salvaescaleras-mantenimiento-con-el-frio\/","title":{"rendered":"Cadires salvaescales: manteniment amb el fred"},"content":{"rendered":"\t\t<div data-elementor-type=\"wp-post\" data-elementor-id=\"2839\" class=\"elementor elementor-2839\" data-elementor-post-type=\"post\">\n\t\t\t\t<div class=\"elementor-element elementor-element-a2457ab e-flex e-con-boxed e-con e-parent\" data-id=\"a2457ab\" data-element_type=\"container\" data-e-type=\"container\">\n\t\t\t\t\t<div class=\"e-con-inner\">\n\t\t\t\t<div class=\"elementor-element elementor-element-180b646c elementor-widget elementor-widget-text-editor\" data-id=\"180b646c\" data-element_type=\"widget\" data-e-type=\"widget\" data-widget_type=\"text-editor.default\">\n\t\t\t\t<div class=\"elementor-widget-container\">\n\t\t\t\t\t\t\t\t\t<article class=\"text-token-text-primary w-full focus:outline-none [--shadow-height:45px] has-data-writing-block:pointer-events-none has-data-writing-block:-mt-(--shadow-height) has-data-writing-block:pt-(--shadow-height) [&amp;:has([data-writing-block])&gt;*]:pointer-events-auto [content-visibility:auto] supports-[content-visibility:auto]:[contain-intrinsic-size:auto_100lvh] scroll-mt-[calc(var(--header-height)+min(200px,max(70px,20svh)))]\" dir=\"auto\" tabindex=\"-1\" data-turn-id=\"852e79d1-0783-4467-8c4f-f4cfddd2045c\" data-testid=\"conversation-turn-2\" data-scroll-anchor=\"false\" data-turn=\"assistant\">\n<div class=\"text-base my-auto mx-auto [--thread-content-margin:--spacing(4)] thread-sm:[--thread-content-margin:--spacing(6)] thread-lg:[--thread-content-margin:--spacing(16)] px-(--thread-content-margin)\">\n<div class=\"[--thread-content-max-width:40rem] thread-lg:[--thread-content-max-width:48rem] mx-auto max-w-(--thread-content-max-width) flex-1 group\/turn-messages focus-visible:outline-hidden relative flex w-full min-w-0 flex-col agent-turn\" tabindex=\"-1\">\n<div class=\"flex max-w-full flex-col grow\">\n<div class=\"min-h-8 text-message relative flex w-full flex-col items-end gap-2 text-start break-words whitespace-normal [.text-message+&amp;]:mt-1\" dir=\"auto\" data-message-author-role=\"assistant\" data-message-id=\"e6a7df54-6bef-4bb3-9f50-642986c8e0ca\" data-message-model-slug=\"gpt-5-1\">\n<div class=\"flex w-full flex-col gap-1 empty:hidden first:pt-[1px]\">\n<div class=\"streaming-animation markdown prose dark:prose-invert w-full break-words dark markdown-new-styling\">\n<h1 data-start=\"195\" data-end=\"266\"><strong data-start=\"197\" data-end=\"266\">Sillas salvaescaleras: C\u00f3mo protegerlas y mantenerlas en invierno<\/strong><\/h1>\n<p data-start=\"268\" data-end=\"742\">El invierno puede afectar al rendimiento de una <em data-start=\"316\" data-end=\"338\">silla salvaescaleras<\/em>, especialmente cuando las temperaturas bajan y la humedad aumenta. Por eso, es importante conocer c\u00f3mo actuar para mantenerla en perfectas condiciones y garantizar la seguridad en casa. En los meses m\u00e1s fr\u00edos, una <em data-start=\"553\" data-end=\"575\">silla salvaescaleras<\/em> puede sufrir peque\u00f1as alteraciones en bater\u00eda, motor y riel, por lo que conviene aplicar unos cuidados b\u00e1sicos que alarguen su vida \u00fatil y eviten aver\u00edas inesperadas.<\/p>\n<p data-start=\"744\" data-end=\"880\">A continuaci\u00f3n, te explicamos c\u00f3mo proteger y mantener tu <em data-start=\"802\" data-end=\"824\">silla salvaescaleras<\/em> durante el invierno con consejos sencillos y efectivos.<\/p>\n<hr data-start=\"882\" data-end=\"885\" \/>\n<h2 data-start=\"887\" data-end=\"939\"><strong data-start=\"890\" data-end=\"939\">Efectos del fr\u00edo en las sillas salvaescaleras<\/strong><\/h2>\n<p data-start=\"941\" data-end=\"1129\">El fr\u00edo puede causar problemas en distintos componentes de las <em data-start=\"1004\" data-end=\"1027\">sillas salvaescaleras<\/em>. Estas situaciones son habituales cuando las instalaciones est\u00e1n en exteriores o zonas poco aisladas.<\/p>\n<h3 data-start=\"1131\" data-end=\"1190\"><strong data-start=\"1135\" data-end=\"1190\">Descenso de temperatura y rendimiento de la bater\u00eda<\/strong><\/h3>\n<p data-start=\"1191\" data-end=\"1417\">Las bater\u00edas tienden a perder capacidad cuando baja la temperatura. Una <em data-start=\"1263\" data-end=\"1285\">silla salvaescaleras<\/em> que funciona perfectamente en oto\u00f1o puede mostrar menos autonom\u00eda en invierno. Mantenerla en zonas protegidas reduce este desgaste.<\/p>\n<h3 data-start=\"1419\" data-end=\"1446\"><strong data-start=\"1423\" data-end=\"1446\">Humedad y corrosi\u00f3n<\/strong><\/h3>\n<p data-start=\"1447\" data-end=\"1653\">Lluvia, nieve o humedad elevada pueden afectar al riel y a conexiones el\u00e9ctricas. Incluso las <em data-start=\"1541\" data-end=\"1572\">sillas salvaescaleras baratas<\/em> requieren un mantenimiento adecuado para evitar acumulaci\u00f3n de agua y corrosi\u00f3n.<\/p>\n<h3 data-start=\"1655\" data-end=\"1701\"><strong data-start=\"1659\" data-end=\"1701\">Cambios de velocidad o peque\u00f1os ruidos<\/strong><\/h3>\n<p data-start=\"1702\" data-end=\"1899\">En d\u00edas muy fr\u00edos, el aceite interno puede espesarse y provocar un peque\u00f1o retraso en el inicio del movimiento. No suele ser grave, pero s\u00ed un signo de que conviene revisar lubricaciones y ajustes.<\/p>\n<hr data-start=\"1901\" data-end=\"1904\" \/>\n<h2 data-start=\"1906\" data-end=\"1962\"><strong data-start=\"1909\" data-end=\"1962\">C\u00f3mo mantener tu silla salvaescaleras en invierno<\/strong><\/h2>\n<h3 data-start=\"1964\" data-end=\"2020\"><strong data-start=\"1968\" data-end=\"2020\">1. Protege la instalaci\u00f3n si est\u00e1 en el exterior<\/strong><\/h3>\n<p data-start=\"2021\" data-end=\"2264\">Si tu <em data-start=\"2027\" data-end=\"2049\">silla salvaescaleras<\/em> est\u00e1 instalada fuera, usa una funda impermeable dise\u00f1ada para proteger maquinaria. Esto evita humedad, hielo y suciedad excesiva.<br data-start=\"2179\" data-end=\"2182\" \/>Adem\u00e1s, comprueba que el \u00e1rea del riel est\u00e9 siempre libre de nieve, hojas o hielo.<\/p>\n<h3 data-start=\"2266\" data-end=\"2313\"><strong data-start=\"2270\" data-end=\"2313\">2. Revisa la bater\u00eda con m\u00e1s frecuencia<\/strong><\/h3>\n<p data-start=\"2314\" data-end=\"2391\">Durante el fr\u00edo, una bater\u00eda puede perder carga r\u00e1pidamente. Es recomendable:<\/p>\n<ul data-start=\"2393\" data-end=\"2605\">\n<li data-start=\"2393\" data-end=\"2470\">\n<p data-start=\"2395\" data-end=\"2470\">Dejar la <em data-start=\"2404\" data-end=\"2426\">silla salvaescaleras<\/em> siempre estacionada en su punto de carga.<\/p>\n<\/li>\n<li data-start=\"2471\" data-end=\"2545\">\n<p data-start=\"2473\" data-end=\"2545\">Comprobar, una vez por semana, que el cargador funciona correctamente.<\/p>\n<\/li>\n<li data-start=\"2546\" data-end=\"2605\">\n<p data-start=\"2548\" data-end=\"2605\">Evitar exposiciones prolongadas a temperaturas bajo cero.<\/p>\n<\/li>\n<\/ul>\n<h3 data-start=\"2607\" data-end=\"2638\"><strong data-start=\"2611\" data-end=\"2638\">3. Lubricaci\u00f3n del riel<\/strong><\/h3>\n<p data-start=\"2639\" data-end=\"2800\">Mant\u00e9n el riel limpio y lubricado para evitar que el fr\u00edo espese los aceites y dificulte el movimiento. Siempre utiliza productos recomendados por el fabricante.<\/p>\n<h3 data-start=\"2802\" data-end=\"2849\"><strong data-start=\"2806\" data-end=\"2849\">4. Evita cambios bruscos de temperatura<\/strong><\/h3>\n<p data-start=\"2850\" data-end=\"3070\">Si la escalera est\u00e1 en un porche o garaje, intenta mantener una temperatura lo m\u00e1s estable posible. Los cambios bruscos afectan especialmente a <em data-start=\"2994\" data-end=\"3025\">sillas salvaescaleras baratas<\/em>, cuyos componentes pueden ser m\u00e1s sensibles.<\/p>\n<h3 data-start=\"3072\" data-end=\"3114\"><strong data-start=\"3076\" data-end=\"3114\">5. Realiza una revisi\u00f3n preventiva<\/strong><\/h3>\n<p data-start=\"3115\" data-end=\"3187\">Antes del invierno o en pleno fr\u00edo, una revisi\u00f3n t\u00e9cnica puede detectar:<\/p>\n<ul data-start=\"3189\" data-end=\"3299\">\n<li data-start=\"3189\" data-end=\"3210\">\n<p data-start=\"3191\" data-end=\"3210\">Fallos de bater\u00eda<\/p>\n<\/li>\n<li data-start=\"3211\" data-end=\"3233\">\n<p data-start=\"3213\" data-end=\"3233\">Problemas de motor<\/p>\n<\/li>\n<li data-start=\"3234\" data-end=\"3262\">\n<p data-start=\"3236\" data-end=\"3262\">Deterioro en el tapizado<\/p>\n<\/li>\n<li data-start=\"3263\" data-end=\"3299\">\n<p data-start=\"3265\" data-end=\"3299\">Conexiones afectadas por humedad<\/p>\n<\/li>\n<\/ul>\n<p data-start=\"3301\" data-end=\"3420\">Puedes solicitar informaci\u00f3n adicional o servicios profesionales en sitios especializados como <strong data-start=\"3396\" data-end=\"3419\">sillaselevadoras.es<\/strong>.<\/p>\n<hr data-start=\"3422\" data-end=\"3425\" \/>\n<h2 data-start=\"3427\" data-end=\"3485\"><strong data-start=\"3430\" data-end=\"3485\">Consejos adicionales para un uso seguro en invierno<\/strong><\/h2>\n<ul data-start=\"3487\" data-end=\"3700\">\n<li data-start=\"3487\" data-end=\"3537\">\n<p data-start=\"3489\" data-end=\"3537\">Limpia el asiento y reposabrazos regularmente.<\/p>\n<\/li>\n<li data-start=\"3538\" data-end=\"3598\">\n<p data-start=\"3540\" data-end=\"3598\">Comprueba que el cintur\u00f3n de seguridad no tenga humedad.<\/p>\n<\/li>\n<li data-start=\"3599\" data-end=\"3655\">\n<p data-start=\"3601\" data-end=\"3655\">Evita el uso si notas ruidos extra\u00f1os o vibraciones.<\/p>\n<\/li>\n<li data-start=\"3656\" data-end=\"3700\">\n<p data-start=\"3658\" data-end=\"3700\">Mant\u00e9n un uso suave, sin cargas pesadas.<\/p>\n<\/li>\n<\/ul>\n<p data-start=\"3702\" data-end=\"3872\">Si deseas m\u00e1s recursos sobre movilidad segura para personas mayores, puedes consultar instituciones como <strong data-start=\"3807\" data-end=\"3825\">mayores.gob.es<\/strong>, que ofrecen recomendaciones \u00fatiles y fiables.<\/p>\n<hr data-start=\"3874\" data-end=\"3877\" \/>\n<h2 data-start=\"3879\" data-end=\"3907\"><strong data-start=\"3882\" data-end=\"3907\">Im\u00e1genes recomendadas<\/strong><\/h2>\n<p data-start=\"3909\" data-end=\"4007\"><em data-start=\"3909\" data-end=\"4007\">(No se han generado im\u00e1genes, pero se incluyen para completar el art\u00edculo seg\u00fan requisitos SEO.)<\/em><\/p>\n<div>\u00a0<\/div>\n<div>\u00a0<\/div>\n<hr data-start=\"4271\" data-end=\"4274\" \/>\n<h2 data-start=\"4276\" data-end=\"4372\"><strong data-start=\"4279\" data-end=\"4372\">Conclusi\u00f3n: Cuidar una silla salvaescaleras en invierno garantiza seguridad y durabilidad<\/strong><\/h2>\n<p data-start=\"4374\" data-end=\"4923\">Proteger tu <em data-start=\"4386\" data-end=\"4408\">silla salvaescaleras<\/em> durante el invierno no solo alarga su vida \u00fatil, sino que asegura un funcionamiento estable y seguro cada d\u00eda. Con peque\u00f1as acciones como revisar la bater\u00eda, protegerla del fr\u00edo y realizar un mantenimiento peri\u00f3dico, disfrutar\u00e1s de un equipo fiable incluso en las \u00e9pocas m\u00e1s duras. Las <em data-start=\"4695\" data-end=\"4718\">sillas salvaescaleras<\/em> est\u00e1n dise\u00f1adas para acompa\u00f1ar tu movilidad, pero cuidarlas es fundamental para garantizar su rendimiento. Las <em data-start=\"4830\" data-end=\"4861\">sillas salvaescaleras baratas<\/em> tambi\u00e9n pueden durar muchos a\u00f1os si se siguen estos consejos.<\/p>\n<p data-start=\"4925\" data-end=\"5018\">Si quieres mejorar tu movilidad y tu calidad de vida, te animamos a confiar en especialistas.<\/p>\n<hr data-start=\"5020\" data-end=\"5023\" \/>\n<p data-start=\"5025\" data-end=\"5304\"><strong data-start=\"5025\" data-end=\"5077\">Tu soluci\u00f3n en movilidad con sillaselevadoras.es<\/strong><br data-start=\"5077\" data-end=\"5080\" \/>En <strong data-start=\"5083\" data-end=\"5106\">sillaselevadoras.es<\/strong> sabemos lo importante que es poder moverse con libertad y seguridad dentro de tu propia casa. Por eso, te ofrecemos las mejores sillas salvaescaleras adaptadas a tus necesidades y espacio. \ud83c\udfe1\u2b06\ufe0f\u2b07\ufe0f<\/p>\n<p data-start=\"5306\" data-end=\"5595\">Comprar una silla salvaescaleras con nosotros es apostar por calidad, profesionalidad y un servicio que te acompa\u00f1a desde la visita t\u00e9cnica hasta mucho despu\u00e9s de la instalaci\u00f3n. Realizaremos un estudio personalizado gratuito para valorar tu escalera y recomendarte el modelo m\u00e1s adecuado.<\/p>\n<p data-start=\"5597\" data-end=\"5868\">Con sillaselevadoras.es dispondr\u00e1s de:<br data-start=\"5635\" data-end=\"5638\" \/>\ud83d\udd39 Instalaci\u00f3n r\u00e1pida, limpia y sin molestias.<br data-start=\"5684\" data-end=\"5687\" \/>\ud83d\udd39 Productos certificados y con garant\u00eda total.<br data-start=\"5734\" data-end=\"5737\" \/>\ud83d\udd39 Servicio postventa y mantenimiento para tu tranquilidad.<br data-start=\"5796\" data-end=\"5799\" \/>\ud83d\udd39 Facilidades de pago flexibles y alquiler temporal si lo necesitas.<\/p>\n<p data-start=\"5870\" data-end=\"6090\" data-is-last-node=\"\" data-is-only-node=\"\">No dejes que las escaleras limiten tu independencia. Contacta hoy con sillaselevadoras.es y descubre c\u00f3mo podemos mejorar tu calidad de vida con una soluci\u00f3n a medida. Tu bienestar y seguridad son nuestra prioridad. \ud83d\udcde\ud83d\udc99<\/p>\n<\/div>\n<\/div>\n<\/div>\n<\/div>\n<div class=\"z-0 flex min-h-[46px] justify-start\">\u00a0<\/div>\n<\/div>\n<\/div>\n<\/article>\n<article class=\"text-token-text-primary w-full focus:outline-none [--shadow-height:45px] has-data-writing-block:pointer-events-none has-data-writing-block:-mt-(--shadow-height) has-data-writing-block:pt-(--shadow-height) [&amp;:has([data-writing-block])&gt;*]:pointer-events-auto scroll-mt-(--header-height)\" dir=\"auto\" tabindex=\"-1\" data-turn-id=\"f9280bb7-0f55-436d-b3c6-62ce6f54ae1c\" data-testid=\"conversation-turn-3\" data-scroll-anchor=\"false\" data-turn=\"user\">\n<h5 class=\"sr-only\">\u00a0<\/h5>\n<\/article>\t\t\t\t\t\t\t\t<\/div>\n\t\t\t\t<\/div>\n\t\t\t\t\t<\/div>\n\t\t\t\t<\/div>\n\t\t<div class=\"elementor-element elementor-element-0f5511a e-flex e-con-boxed e-con e-parent\" data-id=\"0f5511a\" data-element_type=\"container\" data-e-type=\"container\">\n\t\t\t\t\t<div class=\"e-con-inner\">\n\t\t<div class=\"elementor-element elementor-element-9773086 e-con-full e-flex e-con e-child\" data-id=\"9773086\" data-element_type=\"container\" data-e-type=\"container\">\n\t\t\t\t<div class=\"elementor-element elementor-element-ff56dfe elementor-widget elementor-widget-image\" data-id=\"ff56dfe\" data-element_type=\"widget\" data-e-type=\"widget\" data-widget_type=\"image.default\">\n\t\t\t\t<div class=\"elementor-widget-container\">\n\t\t\t\t\t\t\t\t\t\t\t\t\t\t\t<img fetchpriority=\"high\" decoding=\"async\" width=\"800\" height=\"538\" src=\"https:\/\/sillaselevadoras.es\/wp-content\/uploads\/2024\/05\/Access_BDD_Outdoor-14-1024x689.jpg\" class=\"attachment-large size-large wp-image-2366\" alt=\"\" srcset=\"https:\/\/sillaselevadoras.es\/wp-content\/uploads\/2024\/05\/Access_BDD_Outdoor-14-1024x689.jpg 1024w, https:\/\/sillaselevadoras.es\/wp-content\/uploads\/2024\/05\/Access_BDD_Outdoor-14-300x202.jpg 300w, https:\/\/sillaselevadoras.es\/wp-content\/uploads\/2024\/05\/Access_BDD_Outdoor-14-768x517.jpg 768w, https:\/\/sillaselevadoras.es\/wp-content\/uploads\/2024\/05\/Access_BDD_Outdoor-14-1536x1034.jpg 1536w, https:\/\/sillaselevadoras.es\/wp-content\/uploads\/2024\/05\/Access_BDD_Outdoor-14-2048x1378.jpg 2048w, https:\/\/sillaselevadoras.es\/wp-content\/uploads\/2024\/05\/Access_BDD_Outdoor-14-18x12.jpg 18w\" sizes=\"(max-width: 800px) 100vw, 800px\" \/>\t\t\t\t\t\t\t\t\t\t\t\t\t\t\t<\/div>\n\t\t\t\t<\/div>\n\t\t\t\t<\/div>\n\t\t<div class=\"elementor-element elementor-element-739021d e-con-full e-flex e-con e-child\" data-id=\"739021d\" data-element_type=\"container\" data-e-type=\"container\">\n\t\t<div class=\"elementor-element elementor-element-d83b567 e-con-full e-flex e-con e-child\" data-id=\"d83b567\" data-element_type=\"container\" data-e-type=\"container\">\n\t\t\t\t<div class=\"elementor-element elementor-element-138379a elementor-widget elementor-widget-image\" data-id=\"138379a\" data-element_type=\"widget\" data-e-type=\"widget\" data-widget_type=\"image.default\">\n\t\t\t\t<div class=\"elementor-widget-container\">\n\t\t\t\t\t\t\t\t\t\t\t\t\t\t\t<img decoding=\"async\" width=\"800\" height=\"534\" src=\"https:\/\/sillaselevadoras.es\/wp-content\/uploads\/2024\/05\/Access_BDD_Outdoor-16-1024x683.jpg\" class=\"attachment-large size-large wp-image-2364\" alt=\"\" srcset=\"https:\/\/sillaselevadoras.es\/wp-content\/uploads\/2024\/05\/Access_BDD_Outdoor-16-1024x683.jpg 1024w, https:\/\/sillaselevadoras.es\/wp-content\/uploads\/2024\/05\/Access_BDD_Outdoor-16-300x200.jpg 300w, https:\/\/sillaselevadoras.es\/wp-content\/uploads\/2024\/05\/Access_BDD_Outdoor-16-768x513.jpg 768w, https:\/\/sillaselevadoras.es\/wp-content\/uploads\/2024\/05\/Access_BDD_Outdoor-16-1536x1025.jpg 1536w, https:\/\/sillaselevadoras.es\/wp-content\/uploads\/2024\/05\/Access_BDD_Outdoor-16-2048x1367.jpg 2048w, https:\/\/sillaselevadoras.es\/wp-content\/uploads\/2024\/05\/Access_BDD_Outdoor-16-18x12.jpg 18w\" sizes=\"(max-width: 800px) 100vw, 800px\" \/>\t\t\t\t\t\t\t\t\t\t\t\t\t\t\t<\/div>\n\t\t\t\t<\/div>\n\t\t\t\t<\/div>\n\t\t\t\t<\/div>\n\t\t\t\t\t<\/div>\n\t\t\t\t<\/div>\n\t\t<div class=\"elementor-element elementor-element-1e1c085 e-flex e-con-boxed e-con e-parent\" data-id=\"1e1c085\" data-element_type=\"container\" data-e-type=\"container\">\n\t\t\t\t\t<div class=\"e-con-inner\">\n\t\t\t\t\t<\/div>\n\t\t\t\t<\/div>\n\t\t\t\t<\/div>\n\t\t","protected":false},"excerpt":{"rendered":"<p>Sillas salvaescaleras: C\u00f3mo protegerlas y mantenerlas en invierno El invierno puede afectar al rendimiento de una silla salvaescaleras, especialmente cuando las temperaturas bajan y la humedad aumenta. Por eso, es importante conocer c\u00f3mo actuar para mantenerla en perfectas condiciones y garantizar la seguridad en casa. En los meses m\u00e1s fr\u00edos, una silla salvaescaleras puede sufrir [&hellip;]<\/p>\n","protected":false},"author":2,"featured_media":2844,"comment_status":"closed","ping_status":"open","sticky":false,"template":"","format":"standard","meta":{"_yoast_wpseo_focuskw":"sillas salvaescaleras","_yoast_wpseo_title":"Sillas salvaescaleras: mantenimiento con el fr\u00edo","_yoast_wpseo_metadesc":"Mant\u00e9n tu silla salvaescaleras en perfecto estado durante el fr\u00edo con consejos pr\u00e1cticos para evitar aver\u00edas en invierno.","_yoast_wpseo_meta-robots-noindex":"","_yoast_wpseo_canonical":"","_yoast_wpseo_opengraph-title":"","_yoast_wpseo_opengraph-description":"","_yoast_wpseo_opengraph-image":"","_yoast_wpseo_twitter-title":"","_yoast_wpseo_twitter-description":"","footnotes":""},"categories":[1],"tags":[],"class_list":["post-2839","post","type-post","status-publish","format-standard","has-post-thumbnail","hentry","category-sin-categoria"],"yoast_head":"<!-- This site is optimized with the Yoast SEO Premium plugin v27.5 (Yoast SEO v27.5) - https:\/\/yoast.com\/product\/yoast-seo-premium-wordpress\/ -->\n<title>Sillas salvaescaleras: mantenimiento con el fr\u00edo<\/title>\n<meta name=\"description\" content=\"Mant\u00e9n tu silla salvaescaleras en perfecto estado durante el fr\u00edo con consejos pr\u00e1cticos para evitar aver\u00edas en invierno.\" \/>\n<meta name=\"robots\" content=\"index, follow, max-snippet:-1, max-image-preview:large, max-video-preview:-1\" \/>\n<link rel=\"canonical\" href=\"https:\/\/sillaselevadoras.es\/ca\/2025\/11\/08\/manteniment-cadires-salvaescales-amb-el-fred\/\" \/>\n<meta property=\"og:locale\" content=\"ca_ES\" \/>\n<meta property=\"og:type\" content=\"article\" \/>\n<meta property=\"og:title\" content=\"Sillas salvaescaleras: mantenimiento con el frio\" \/>\n<meta property=\"og:description\" content=\"Mant\u00e9n tu silla salvaescaleras en perfecto estado durante el fr\u00edo con consejos pr\u00e1cticos para evitar aver\u00edas en invierno.\" \/>\n<meta property=\"og:url\" content=\"https:\/\/sillaselevadoras.es\/ca\/2025\/11\/08\/manteniment-cadires-salvaescales-amb-el-fred\/\" \/>\n<meta property=\"og:site_name\" content=\"Sillas Elevadoras\" \/>\n<meta property=\"article:published_time\" content=\"2025-11-08T10:00:39+00:00\" \/>\n<meta property=\"article:modified_time\" content=\"2025-11-22T13:55:56+00:00\" \/>\n<meta property=\"og:image\" content=\"https:\/\/sillaselevadoras.es\/wp-content\/uploads\/2025\/11\/ChatGPT-Image-Nov-22-2025-02_55_15-PM-1024x683.png\" \/>\n\t<meta property=\"og:image:width\" content=\"1024\" \/>\n\t<meta property=\"og:image:height\" content=\"683\" \/>\n\t<meta property=\"og:image:type\" content=\"image\/png\" \/>\n<meta name=\"author\" content=\"Maria\" \/>\n<meta name=\"twitter:card\" content=\"summary_large_image\" \/>\n<meta name=\"twitter:label1\" content=\"Escrit per\" \/>\n\t<meta name=\"twitter:data1\" content=\"Maria\" \/>\n\t<meta name=\"twitter:label2\" content=\"Temps estimat de lectura\" \/>\n\t<meta name=\"twitter:data2\" content=\"5 minuts\" \/>\n<script type=\"application\/ld+json\" class=\"yoast-schema-graph\">{\"@context\":\"https:\\\/\\\/schema.org\",\"@graph\":[{\"@type\":\"Article\",\"@id\":\"https:\\\/\\\/sillaselevadoras.es\\\/2025\\\/11\\\/08\\\/sillas-salvaescaleras-mantenimiento-con-el-frio\\\/#article\",\"isPartOf\":{\"@id\":\"https:\\\/\\\/sillaselevadoras.es\\\/2025\\\/11\\\/08\\\/sillas-salvaescaleras-mantenimiento-con-el-frio\\\/\"},\"author\":{\"name\":\"Maria\",\"@id\":\"https:\\\/\\\/sillaselevadoras.es\\\/#\\\/schema\\\/person\\\/590cb06f8ea2349a9d10c73c7a3fae7f\"},\"headline\":\"Sillas salvaescaleras: mantenimiento con el frio\",\"datePublished\":\"2025-11-08T10:00:39+00:00\",\"dateModified\":\"2025-11-22T13:55:56+00:00\",\"mainEntityOfPage\":{\"@id\":\"https:\\\/\\\/sillaselevadoras.es\\\/2025\\\/11\\\/08\\\/sillas-salvaescaleras-mantenimiento-con-el-frio\\\/\"},\"wordCount\":867,\"publisher\":{\"@id\":\"https:\\\/\\\/sillaselevadoras.es\\\/#organization\"},\"image\":{\"@id\":\"https:\\\/\\\/sillaselevadoras.es\\\/2025\\\/11\\\/08\\\/sillas-salvaescaleras-mantenimiento-con-el-frio\\\/#primaryimage\"},\"thumbnailUrl\":\"https:\\\/\\\/sillaselevadoras.es\\\/wp-content\\\/uploads\\\/2025\\\/11\\\/ChatGPT-Image-Nov-22-2025-02_55_15-PM.png\",\"articleSection\":[\"Sin categor\u00eda\"],\"inLanguage\":\"ca\"},{\"@type\":\"WebPage\",\"@id\":\"https:\\\/\\\/sillaselevadoras.es\\\/2025\\\/11\\\/08\\\/sillas-salvaescaleras-mantenimiento-con-el-frio\\\/\",\"url\":\"https:\\\/\\\/sillaselevadoras.es\\\/2025\\\/11\\\/08\\\/sillas-salvaescaleras-mantenimiento-con-el-frio\\\/\",\"name\":\"Sillas salvaescaleras: mantenimiento con el fr\u00edo\",\"isPartOf\":{\"@id\":\"https:\\\/\\\/sillaselevadoras.es\\\/#website\"},\"primaryImageOfPage\":{\"@id\":\"https:\\\/\\\/sillaselevadoras.es\\\/2025\\\/11\\\/08\\\/sillas-salvaescaleras-mantenimiento-con-el-frio\\\/#primaryimage\"},\"image\":{\"@id\":\"https:\\\/\\\/sillaselevadoras.es\\\/2025\\\/11\\\/08\\\/sillas-salvaescaleras-mantenimiento-con-el-frio\\\/#primaryimage\"},\"thumbnailUrl\":\"https:\\\/\\\/sillaselevadoras.es\\\/wp-content\\\/uploads\\\/2025\\\/11\\\/ChatGPT-Image-Nov-22-2025-02_55_15-PM.png\",\"datePublished\":\"2025-11-08T10:00:39+00:00\",\"dateModified\":\"2025-11-22T13:55:56+00:00\",\"description\":\"Mant\u00e9n tu silla salvaescaleras en perfecto estado durante el fr\u00edo con consejos pr\u00e1cticos para evitar aver\u00edas en invierno.\",\"breadcrumb\":{\"@id\":\"https:\\\/\\\/sillaselevadoras.es\\\/2025\\\/11\\\/08\\\/sillas-salvaescaleras-mantenimiento-con-el-frio\\\/#breadcrumb\"},\"inLanguage\":\"ca\",\"potentialAction\":[{\"@type\":\"ReadAction\",\"target\":[\"https:\\\/\\\/sillaselevadoras.es\\\/2025\\\/11\\\/08\\\/sillas-salvaescaleras-mantenimiento-con-el-frio\\\/\"]}]},{\"@type\":\"ImageObject\",\"inLanguage\":\"ca\",\"@id\":\"https:\\\/\\\/sillaselevadoras.es\\\/2025\\\/11\\\/08\\\/sillas-salvaescaleras-mantenimiento-con-el-frio\\\/#primaryimage\",\"url\":\"https:\\\/\\\/sillaselevadoras.es\\\/wp-content\\\/uploads\\\/2025\\\/11\\\/ChatGPT-Image-Nov-22-2025-02_55_15-PM.png\",\"contentUrl\":\"https:\\\/\\\/sillaselevadoras.es\\\/wp-content\\\/uploads\\\/2025\\\/11\\\/ChatGPT-Image-Nov-22-2025-02_55_15-PM.png\",\"width\":1536,\"height\":1024},{\"@type\":\"BreadcrumbList\",\"@id\":\"https:\\\/\\\/sillaselevadoras.es\\\/2025\\\/11\\\/08\\\/sillas-salvaescaleras-mantenimiento-con-el-frio\\\/#breadcrumb\",\"itemListElement\":[{\"@type\":\"ListItem\",\"position\":1,\"name\":\"Portada\",\"item\":\"https:\\\/\\\/sillaselevadoras.es\\\/\"},{\"@type\":\"ListItem\",\"position\":2,\"name\":\"Sillas salvaescaleras: mantenimiento con el frio\"}]},{\"@type\":\"WebSite\",\"@id\":\"https:\\\/\\\/sillaselevadoras.es\\\/#website\",\"url\":\"https:\\\/\\\/sillaselevadoras.es\\\/\",\"name\":\"Sillas Elevadoras\",\"description\":\"Sillas salvaescaleras\",\"publisher\":{\"@id\":\"https:\\\/\\\/sillaselevadoras.es\\\/#organization\"},\"potentialAction\":[{\"@type\":\"SearchAction\",\"target\":{\"@type\":\"EntryPoint\",\"urlTemplate\":\"https:\\\/\\\/sillaselevadoras.es\\\/?s={search_term_string}\"},\"query-input\":{\"@type\":\"PropertyValueSpecification\",\"valueRequired\":true,\"valueName\":\"search_term_string\"}}],\"inLanguage\":\"ca\"},{\"@type\":\"Organization\",\"@id\":\"https:\\\/\\\/sillaselevadoras.es\\\/#organization\",\"name\":\"Sillas Elevadoras\",\"url\":\"https:\\\/\\\/sillaselevadoras.es\\\/\",\"logo\":{\"@type\":\"ImageObject\",\"inLanguage\":\"ca\",\"@id\":\"https:\\\/\\\/sillaselevadoras.es\\\/#\\\/schema\\\/logo\\\/image\\\/\",\"url\":\"https:\\\/\\\/sillaselevadoras.es\\\/wp-content\\\/uploads\\\/2023\\\/12\\\/Sillas-elevadoras-Logo-72-ppp-1.png\",\"contentUrl\":\"https:\\\/\\\/sillaselevadoras.es\\\/wp-content\\\/uploads\\\/2023\\\/12\\\/Sillas-elevadoras-Logo-72-ppp-1.png\",\"width\":842,\"height\":596,\"caption\":\"Sillas Elevadoras\"},\"image\":{\"@id\":\"https:\\\/\\\/sillaselevadoras.es\\\/#\\\/schema\\\/logo\\\/image\\\/\"}},{\"@type\":\"Person\",\"@id\":\"https:\\\/\\\/sillaselevadoras.es\\\/#\\\/schema\\\/person\\\/590cb06f8ea2349a9d10c73c7a3fae7f\",\"name\":\"Maria\",\"image\":{\"@type\":\"ImageObject\",\"inLanguage\":\"ca\",\"@id\":\"https:\\\/\\\/secure.gravatar.com\\\/avatar\\\/8f3d95313af2e174e75a281493f4511eb2b8217150d937dfcd60313a9c85d91e?s=96&d=mm&r=g\",\"url\":\"https:\\\/\\\/secure.gravatar.com\\\/avatar\\\/8f3d95313af2e174e75a281493f4511eb2b8217150d937dfcd60313a9c85d91e?s=96&d=mm&r=g\",\"contentUrl\":\"https:\\\/\\\/secure.gravatar.com\\\/avatar\\\/8f3d95313af2e174e75a281493f4511eb2b8217150d937dfcd60313a9c85d91e?s=96&d=mm&r=g\",\"caption\":\"Maria\"},\"url\":\"https:\\\/\\\/sillaselevadoras.es\\\/ca\\\/author\\\/maria\\\/\"}]}<\/script>\n<!-- \/ Yoast SEO Premium plugin. -->","yoast_head_json":{"title":"Cadires salvaescales: manteniment amb el fred","description":"Mant\u00e9 la teva cadira salvaescales en perfecte estat durant el fred amb consells pr\u00e0ctics per evitar avaries a l'hivern.","robots":{"index":"index","follow":"follow","max-snippet":"max-snippet:-1","max-image-preview":"max-image-preview:large","max-video-preview":"max-video-preview:-1"},"canonical":"https:\/\/sillaselevadoras.es\/ca\/2025\/11\/08\/manteniment-cadires-salvaescales-amb-el-fred\/","og_locale":"ca_ES","og_type":"article","og_title":"Sillas salvaescaleras: mantenimiento con el frio","og_description":"Mant\u00e9n tu silla salvaescaleras en perfecto estado durante el fr\u00edo con consejos pr\u00e1cticos para evitar aver\u00edas en invierno.","og_url":"https:\/\/sillaselevadoras.es\/ca\/2025\/11\/08\/manteniment-cadires-salvaescales-amb-el-fred\/","og_site_name":"Sillas Elevadoras","article_published_time":"2025-11-08T10:00:39+00:00","article_modified_time":"2025-11-22T13:55:56+00:00","og_image":[{"width":1024,"height":683,"url":"https:\/\/sillaselevadoras.es\/wp-content\/uploads\/2025\/11\/ChatGPT-Image-Nov-22-2025-02_55_15-PM-1024x683.png","type":"image\/png"}],"author":"Maria","twitter_card":"summary_large_image","twitter_misc":{"Escrit per":"Maria","Temps estimat de lectura":"5 minuts"},"schema":{"@context":"https:\/\/schema.org","@graph":[{"@type":"Article","@id":"https:\/\/sillaselevadoras.es\/2025\/11\/08\/sillas-salvaescaleras-mantenimiento-con-el-frio\/#article","isPartOf":{"@id":"https:\/\/sillaselevadoras.es\/2025\/11\/08\/sillas-salvaescaleras-mantenimiento-con-el-frio\/"},"author":{"name":"Maria","@id":"https:\/\/sillaselevadoras.es\/#\/schema\/person\/590cb06f8ea2349a9d10c73c7a3fae7f"},"headline":"Sillas salvaescaleras: mantenimiento con el frio","datePublished":"2025-11-08T10:00:39+00:00","dateModified":"2025-11-22T13:55:56+00:00","mainEntityOfPage":{"@id":"https:\/\/sillaselevadoras.es\/2025\/11\/08\/sillas-salvaescaleras-mantenimiento-con-el-frio\/"},"wordCount":867,"publisher":{"@id":"https:\/\/sillaselevadoras.es\/#organization"},"image":{"@id":"https:\/\/sillaselevadoras.es\/2025\/11\/08\/sillas-salvaescaleras-mantenimiento-con-el-frio\/#primaryimage"},"thumbnailUrl":"https:\/\/sillaselevadoras.es\/wp-content\/uploads\/2025\/11\/ChatGPT-Image-Nov-22-2025-02_55_15-PM.png","articleSection":["Sin categor\u00eda"],"inLanguage":"ca"},{"@type":"WebPage","@id":"https:\/\/sillaselevadoras.es\/2025\/11\/08\/sillas-salvaescaleras-mantenimiento-con-el-frio\/","url":"https:\/\/sillaselevadoras.es\/2025\/11\/08\/sillas-salvaescaleras-mantenimiento-con-el-frio\/","name":"Cadires salvaescales: manteniment amb el fred","isPartOf":{"@id":"https:\/\/sillaselevadoras.es\/#website"},"primaryImageOfPage":{"@id":"https:\/\/sillaselevadoras.es\/2025\/11\/08\/sillas-salvaescaleras-mantenimiento-con-el-frio\/#primaryimage"},"image":{"@id":"https:\/\/sillaselevadoras.es\/2025\/11\/08\/sillas-salvaescaleras-mantenimiento-con-el-frio\/#primaryimage"},"thumbnailUrl":"https:\/\/sillaselevadoras.es\/wp-content\/uploads\/2025\/11\/ChatGPT-Image-Nov-22-2025-02_55_15-PM.png","datePublished":"2025-11-08T10:00:39+00:00","dateModified":"2025-11-22T13:55:56+00:00","description":"Mant\u00e9 la teva cadira salvaescales en perfecte estat durant el fred amb consells pr\u00e0ctics per evitar avaries a l'hivern.","breadcrumb":{"@id":"https:\/\/sillaselevadoras.es\/2025\/11\/08\/sillas-salvaescaleras-mantenimiento-con-el-frio\/#breadcrumb"},"inLanguage":"ca","potentialAction":[{"@type":"ReadAction","target":["https:\/\/sillaselevadoras.es\/2025\/11\/08\/sillas-salvaescaleras-mantenimiento-con-el-frio\/"]}]},{"@type":"ImageObject","inLanguage":"ca","@id":"https:\/\/sillaselevadoras.es\/2025\/11\/08\/sillas-salvaescaleras-mantenimiento-con-el-frio\/#primaryimage","url":"https:\/\/sillaselevadoras.es\/wp-content\/uploads\/2025\/11\/ChatGPT-Image-Nov-22-2025-02_55_15-PM.png","contentUrl":"https:\/\/sillaselevadoras.es\/wp-content\/uploads\/2025\/11\/ChatGPT-Image-Nov-22-2025-02_55_15-PM.png","width":1536,"height":1024},{"@type":"BreadcrumbList","@id":"https:\/\/sillaselevadoras.es\/2025\/11\/08\/sillas-salvaescaleras-mantenimiento-con-el-frio\/#breadcrumb","itemListElement":[{"@type":"ListItem","position":1,"name":"Portada","item":"https:\/\/sillaselevadoras.es\/"},{"@type":"ListItem","position":2,"name":"Sillas salvaescaleras: mantenimiento con el frio"}]},{"@type":"WebSite","@id":"https:\/\/sillaselevadoras.es\/#website","url":"https:\/\/sillaselevadoras.es\/","name":"Cadira salvaescales","description":"Cadiretes salvaescales","publisher":{"@id":"https:\/\/sillaselevadoras.es\/#organization"},"potentialAction":[{"@type":"SearchAction","target":{"@type":"EntryPoint","urlTemplate":"https:\/\/sillaselevadoras.es\/?s={search_term_string}"},"query-input":{"@type":"PropertyValueSpecification","valueRequired":true,"valueName":"search_term_string"}}],"inLanguage":"ca"},{"@type":"Organization","@id":"https:\/\/sillaselevadoras.es\/#organization","name":"Cadira salvaescales","url":"https:\/\/sillaselevadoras.es\/","logo":{"@type":"ImageObject","inLanguage":"ca","@id":"https:\/\/sillaselevadoras.es\/#\/schema\/logo\/image\/","url":"https:\/\/sillaselevadoras.es\/wp-content\/uploads\/2023\/12\/Sillas-elevadoras-Logo-72-ppp-1.png","contentUrl":"https:\/\/sillaselevadoras.es\/wp-content\/uploads\/2023\/12\/Sillas-elevadoras-Logo-72-ppp-1.png","width":842,"height":596,"caption":"Sillas Elevadoras"},"image":{"@id":"https:\/\/sillaselevadoras.es\/#\/schema\/logo\/image\/"}},{"@type":"Person","@id":"https:\/\/sillaselevadoras.es\/#\/schema\/person\/590cb06f8ea2349a9d10c73c7a3fae7f","name":"Maria","image":{"@type":"ImageObject","inLanguage":"ca","@id":"https:\/\/secure.gravatar.com\/avatar\/8f3d95313af2e174e75a281493f4511eb2b8217150d937dfcd60313a9c85d91e?s=96&d=mm&r=g","url":"https:\/\/secure.gravatar.com\/avatar\/8f3d95313af2e174e75a281493f4511eb2b8217150d937dfcd60313a9c85d91e?s=96&d=mm&r=g","contentUrl":"https:\/\/secure.gravatar.com\/avatar\/8f3d95313af2e174e75a281493f4511eb2b8217150d937dfcd60313a9c85d91e?s=96&d=mm&r=g","caption":"Maria"},"url":"https:\/\/sillaselevadoras.es\/ca\/author\/maria\/"}]}},"_links":{"self":[{"href":"https:\/\/sillaselevadoras.es\/ca\/wp-json\/wp\/v2\/posts\/2839","targetHints":{"allow":["GET"]}}],"collection":[{"href":"https:\/\/sillaselevadoras.es\/ca\/wp-json\/wp\/v2\/posts"}],"about":[{"href":"https:\/\/sillaselevadoras.es\/ca\/wp-json\/wp\/v2\/types\/post"}],"author":[{"embeddable":true,"href":"https:\/\/sillaselevadoras.es\/ca\/wp-json\/wp\/v2\/users\/2"}],"replies":[{"embeddable":true,"href":"https:\/\/sillaselevadoras.es\/ca\/wp-json\/wp\/v2\/comments?post=2839"}],"version-history":[{"count":4,"href":"https:\/\/sillaselevadoras.es\/ca\/wp-json\/wp\/v2\/posts\/2839\/revisions"}],"predecessor-version":[{"id":2843,"href":"https:\/\/sillaselevadoras.es\/ca\/wp-json\/wp\/v2\/posts\/2839\/revisions\/2843"}],"wp:featuredmedia":[{"embeddable":true,"href":"https:\/\/sillaselevadoras.es\/ca\/wp-json\/wp\/v2\/media\/2844"}],"wp:attachment":[{"href":"https:\/\/sillaselevadoras.es\/ca\/wp-json\/wp\/v2\/media?parent=2839"}],"wp:term":[{"taxonomy":"category","embeddable":true,"href":"https:\/\/sillaselevadoras.es\/ca\/wp-json\/wp\/v2\/categories?post=2839"},{"taxonomy":"post_tag","embeddable":true,"href":"https:\/\/sillaselevadoras.es\/ca\/wp-json\/wp\/v2\/tags?post=2839"}],"curies":[{"name":"wp","href":"https:\/\/api.w.org\/{rel}","templated":true}]}}