{"id":3007,"date":"2026-04-26T21:40:06","date_gmt":"2026-04-26T19:40:06","guid":{"rendered":"https:\/\/sillaselevadoras.es\/2026\/04\/26\/precio-silla-elevadora-2026\/"},"modified":"2026-04-26T21:40:06","modified_gmt":"2026-04-26T19:40:06","slug":"precio-silla-elevadora-2026","status":"publish","type":"post","link":"https:\/\/sillaselevadoras.es\/ca\/2026\/04\/26\/precio-silla-elevadora-2026\/","title":{"rendered":"Precio Silla Elevadora 2026: Gu\u00eda Completa Recta y Curva"},"content":{"rendered":"<figure class=\"wp-block-image size-large\"><img fetchpriority=\"high\" decoding=\"async\" width=\"1200\" height=\"1200\" src=\"https:\/\/sillaselevadoras.es\/wp-content\/uploads\/2024\/02\/silla-elevadora-homeglide.jpg\" alt=\"Silla elevadora HomeGlide instalada en una vivienda\" class=\"wp-image-916\" srcset=\"https:\/\/sillaselevadoras.es\/wp-content\/uploads\/2024\/02\/silla-elevadora-homeglide.jpg 1200w, https:\/\/sillaselevadoras.es\/wp-content\/uploads\/2024\/02\/silla-elevadora-homeglide-300x300.jpg 300w, https:\/\/sillaselevadoras.es\/wp-content\/uploads\/2024\/02\/silla-elevadora-homeglide-1024x1024.jpg 1024w, https:\/\/sillaselevadoras.es\/wp-content\/uploads\/2024\/02\/silla-elevadora-homeglide-150x150.jpg 150w, https:\/\/sillaselevadoras.es\/wp-content\/uploads\/2024\/02\/silla-elevadora-homeglide-768x768.jpg 768w, https:\/\/sillaselevadoras.es\/wp-content\/uploads\/2024\/02\/silla-elevadora-homeglide-12x12.jpg 12w\" sizes=\"(max-width: 1200px) 100vw, 1200px\" \/><\/figure>\n\n\n\n<p>Si est\u00e1s considerando instalar una silla elevadora en tu casa, lo primero que querr\u00e1s saber es cu\u00e1nto cuesta. En esta gu\u00eda completa actualizada para 2026 te explicamos todos los factores que determinan el precio, los rangos reales de mercado, las subvenciones disponibles en Catalu\u00f1a que pueden reducir significativamente la inversi\u00f3n, y c\u00f3mo conseguir un presupuesto ajustado a tu caso concreto.<\/p>\n\n\n<h2 class=\"wp-block-heading\">Factores que determinan el precio de una silla elevadora<\/h2>\n\n<p>El precio final de una silla elevadora no es un n\u00famero fijo. Depende de varios factores t\u00e9cnicos y de personalizaci\u00f3n que conviene entender antes de pedir presupuestos. En Sillas Elevadoras llevamos m\u00e1s de 15 a\u00f1os instalando equipos en toda Catalu\u00f1a, y en este tiempo hemos identificado los seis factores que m\u00e1s impacto tienen en el precio final.<\/p>\n\n\n<h3 class=\"wp-block-heading\">1. Tipo de escalera: recta o curva<\/h3>\n\n<p>El factor m\u00e1s determinante. Una silla elevadora para escalera recta utiliza un ra\u00edl de aluminio est\u00e1ndar que se fabrica en serie y se corta a medida en el momento de la instalaci\u00f3n. Este proceso es relativamente econ\u00f3mico y r\u00e1pido. En cambio, una silla elevadora para escalera curva requiere un ra\u00edl completamente fabricado a medida en f\u00e1brica, siguiendo la geometr\u00eda exacta de la escalera. El proceso de medici\u00f3n tridimensional, fabricaci\u00f3n e instalaci\u00f3n encarece notablemente el producto, pero ofrece una soluci\u00f3n espec\u00edfica para tu vivienda.<\/p>\n\n\n<h3 class=\"wp-block-heading\">2. Longitud del recorrido<\/h3>\n\n<p>A mayor longitud de ra\u00edl, mayor precio. Un tramo recto de planta baja a primer piso (aproximadamente 3-4 metros de ra\u00edl) tiene un coste base. Si necesitas cubrir dos pisos completos, la cantidad de ra\u00edl se duplica y tambi\u00e9n lo hace el coste de los componentes de soporte. En escaleras de tres o m\u00e1s plantas con paradas intermedias, el precio escala proporcionalmente.<\/p>\n\n\n<h3 class=\"wp-block-heading\">3. Modelo y prestaciones<\/h3>\n\n<p>Trabajamos con tres modelos principales para escaleras rectas y un modelo para curvas:<\/p>\n\n\n<ul class=\"wp-block-list\">\n<li><strong>HomeGlide<\/strong>: el modelo est\u00e1ndar para escaleras rectas interiores. C\u00f3modo, seguro, con instalaci\u00f3n r\u00e1pida.<\/li>\n<li><strong>HomeGlide Extra<\/strong>: para escaleras rectas con mayor confort. Asiento ajustable, reposapi\u00e9s con plegado autom\u00e1tico.<\/li>\n<li><strong>HomeGlide Exterior<\/strong>: espec\u00edfico para escaleras al aire libre. Materiales tratados contra la intemperie.<\/li>\n<li><strong>Flow X<\/strong>: para escaleras curvas, con replanos, giros de 90\u00b0 o 180\u00b0, y escaleras de caracol.<\/li>\n<\/ul>\n\n\n<h3 class=\"wp-block-heading\">4. Personalizaci\u00f3n est\u00e9tica<\/h3>\n\n<p>El color del ra\u00edl, el tapizado del asiento (tela o piel sint\u00e9tica), el color de la silla y el tipo de mando influyen en el precio final. Las opciones est\u00e1ndar est\u00e1n incluidas; los acabados premium tienen un sobrecoste moderado.<\/p>\n\n\n<h3 class=\"wp-block-heading\">5. Tipo de instalaci\u00f3n y accesibilidad<\/h3>\n\n<p>Una instalaci\u00f3n est\u00e1ndar sobre una escalera de hormig\u00f3n o madera tiene el coste base. Si la escalera es de m\u00e1rmol, granito o piedra, los anclajes son espec\u00edficos y la instalaci\u00f3n requiere herramientas especiales. Si hay dif\u00edcil acceso al lugar (escaleras muy estrechas, falta de espacio para maniobrar), tambi\u00e9n puede afectar al precio.<\/p>\n\n\n<h3 class=\"wp-block-heading\">6. Opciones avanzadas<\/h3>\n\n<p>El ra\u00edl abatible al final del recorrido, el sistema de plegado autom\u00e1tico del asiento, las paradas intermedias programables, los mandos a distancia adicionales o la bater\u00eda de larga duraci\u00f3n son extras opcionales que se valoran caso por caso.<\/p>\n\n\n\n<figure class=\"wp-block-image size-large\"><img decoding=\"async\" width=\"1200\" height=\"800\" src=\"https:\/\/sillaselevadoras.es\/wp-content\/uploads\/2025\/03\/silla-salvaescaleras-flow-X-10-68b.jpg\" alt=\"Silla elevadora Flow X para escaleras curvas\" class=\"wp-image-2451\" srcset=\"https:\/\/sillaselevadoras.es\/wp-content\/uploads\/2025\/03\/silla-salvaescaleras-flow-X-10-68b.jpg 1200w, https:\/\/sillaselevadoras.es\/wp-content\/uploads\/2025\/03\/silla-salvaescaleras-flow-X-10-68b-300x200.jpg 300w, https:\/\/sillaselevadoras.es\/wp-content\/uploads\/2025\/03\/silla-salvaescaleras-flow-X-10-68b-1024x683.jpg 1024w, https:\/\/sillaselevadoras.es\/wp-content\/uploads\/2025\/03\/silla-salvaescaleras-flow-X-10-68b-768x512.jpg 768w, https:\/\/sillaselevadoras.es\/wp-content\/uploads\/2025\/03\/silla-salvaescaleras-flow-X-10-68b-18x12.jpg 18w\" sizes=\"(max-width: 1200px) 100vw, 1200px\" \/><\/figure>\n\n\n<h2 class=\"wp-block-heading\">Rangos de precio orientativos en 2026<\/h2>\n\n<p>Antes de seguir, una advertencia importante: cualquier precio publicado en internet es solo orientativo. El precio real solo se puede determinar tras una visita t\u00e9cnica que mida tu escalera y verifique el modelo m\u00e1s adecuado.<\/p>\n\n\n<h3 class=\"wp-block-heading\">Silla elevadora recta interior<\/h3>\n\n<p>El precio orientativo de mercado para una silla elevadora recta interior con instalaci\u00f3n incluida se sit\u00faa entre 2.500 \u20ac y 4.000 \u20ac. Este rango cubre desde el modelo m\u00e1s sencillo en escaleras de un solo tramo hasta versiones con mayor confort en escaleras de dos plantas. La instalaci\u00f3n se realiza en un solo d\u00eda y no requiere obras.<\/p>\n\n\n<h3 class=\"wp-block-heading\">Silla elevadora curva con Flow X<\/h3>\n\n<p>Para escaleras curvas, con replanos o de caracol, el precio parte aproximadamente desde 6.000 \u20ac instalada para curvas sencillas. En escaleras de dos plantas con varias curvas o cambios de direcci\u00f3n, el precio es superior. Cada Flow X se fabrica a medida tras una medici\u00f3n tridimensional, por lo que cada presupuesto es \u00fanico.<\/p>\n\n\n<h2 class=\"wp-block-heading\">Subvenciones disponibles en Catalu\u00f1a 2026<\/h2>\n\n<p>Una de las claves para reducir el coste real de la instalaci\u00f3n son las subvenciones p\u00fablicas. En Catalu\u00f1a existen varias l\u00edneas activas en 2026.<\/p>\n\n\n<h3 class=\"wp-block-heading\">PUA \u2014 Prestaci\u00f3 Universal d&#8217;Accessibilitat<\/h3>\n\n<p>Es la principal ayuda en Catalu\u00f1a, gestionada por el Departament de Drets Socials de la Generalitat. El importe m\u00e1ximo es de <strong>4.250 \u20ac<\/strong> para silla elevadora con instalaci\u00f3n fija (c\u00f3digo 712). El requisito principal es tener reconocida una discapacidad igual o superior al 33%. La tramitaci\u00f3n se realiza online en web.gencat.cat y la resoluci\u00f3n llega en aproximadamente 60 d\u00edas h\u00e1biles.<\/p>\n\n\n<h3 class=\"wp-block-heading\">Ag\u00e8ncia de l&#8217;Habitatge de Catalunya<\/h3>\n\n<p>Para mayores de 65 a\u00f1os o personas con dependencia reconocida, esta ayuda cubre hasta el 75% del coste con un m\u00e1ximo de <strong>6.000 \u20ac<\/strong> en viviendas unifamiliares. Se tramita en habitatge.gencat.cat.<\/p>\n\n\n<h3 class=\"wp-block-heading\">Consorci de l&#8217;Habitatge de Barcelona<\/h3>\n\n<p>Para residentes en la ciudad de Barcelona, las ayudas pueden alcanzar hasta los <strong>14.000 \u20ac<\/strong> para instalaciones que beneficien a m\u00faltiples vecinos en zonas comunes.<\/p>\n\n\n<h2 class=\"wp-block-heading\">Financiaci\u00f3n 0% hasta 72 meses<\/h2>\n\n<p>Ofrecemos financiaci\u00f3n sin intereses hasta 72 meses en todos nuestros modelos. Combinado con las subvenciones disponibles, la silla elevadora se convierte en una inversi\u00f3n accesible para la mayor\u00eda de hogares.<\/p>\n\n\n<h2 class=\"wp-block-heading\">Mantenimiento y garant\u00eda<\/h2>\n\n<p>El mantenimiento anual oscila entre <strong>150 \u20ac y 350 \u20ac al a\u00f1o<\/strong> dependiendo del modelo. Todas nuestras sillas elevadoras incluyen <strong>3 a\u00f1os de garant\u00eda<\/strong> completa en piezas y mano de obra.<\/p>\n\n\n<h2 class=\"wp-block-heading\">C\u00f3mo conseguir un presupuesto ajustado a tu caso<\/h2>\n\n<p>Para darte un precio orientativo solo necesitamos un v\u00eddeo de tu escalera grabado con tu m\u00f3vil. Env\u00edalo por WhatsApp al <strong>609 314 500<\/strong> y te respondemos en menos de 1 hora. Para el presupuesto definitivo realizamos una visita t\u00e9cnica gratuita y sin compromiso.<\/p>\n\n\n<h2 class=\"wp-block-heading\">Conclusi\u00f3n<\/h2>\n\n<p>El precio de una silla elevadora en 2026 depende fundamentalmente del tipo de escalera (recta o curva), del modelo elegido y de las opciones de personalizaci\u00f3n. Para escaleras rectas, el rango orientativo es de 2.500-4.000 \u20ac; para curvas, parte desde aproximadamente 6.000 \u20ac. Combinando subvenciones (hasta 4.250 \u20ac PUA, hasta 6.000 \u20ac AHC) con financiaci\u00f3n 0% a 72 meses, la inversi\u00f3n real puede reducirse significativamente. Si tienes dudas, cont\u00e1ctanos sin compromiso al 609 314 500.<\/p>","protected":false},"excerpt":{"rendered":"<p>Si est\u00e1s considerando instalar una silla elevadora en tu casa, lo primero que querr\u00e1s saber es cu\u00e1nto cuesta. En esta gu\u00eda completa actualizada para 2026 te explicamos todos los factores que determinan el precio, los rangos reales de mercado, las subvenciones disponibles en Catalu\u00f1a que pueden reducir significativamente la inversi\u00f3n, y c\u00f3mo conseguir un presupuesto [&hellip;]<\/p>\n","protected":false},"author":1,"featured_media":916,"comment_status":"open","ping_status":"open","sticky":false,"template":"","format":"standard","meta":{"footnotes":""},"categories":[1],"tags":[],"class_list":["post-3007","post","type-post","status-publish","format-standard","has-post-thumbnail","hentry","category-sin-categoria"],"yoast_head":"<!-- This site is optimized with the Yoast SEO Premium plugin v27.4 (Yoast SEO v27.4) - https:\/\/yoast.com\/product\/yoast-seo-premium-wordpress\/ -->\n<title>Precio Silla Elevadora 2026: Gu\u00eda Completa Recta y Curva - Sillas Elevadoras<\/title>\n<meta name=\"robots\" content=\"index, follow, max-snippet:-1, max-image-preview:large, max-video-preview:-1\" \/>\n<link rel=\"canonical\" href=\"https:\/\/sillaselevadoras.es\/ca\/2026\/04\/26\/precio-silla-elevadora-2026\/\" \/>\n<meta property=\"og:locale\" content=\"ca_ES\" \/>\n<meta property=\"og:type\" content=\"article\" \/>\n<meta property=\"og:title\" content=\"Precio Silla Elevadora 2026: Gu\u00eda Completa Recta y Curva\" \/>\n<meta property=\"og:description\" content=\"Si est\u00e1s considerando instalar una silla elevadora en tu casa, lo primero que querr\u00e1s saber es cu\u00e1nto cuesta. En esta gu\u00eda completa actualizada para 2026 te explicamos todos los factores que determinan el precio, los rangos reales de mercado, las subvenciones disponibles en Catalu\u00f1a que pueden reducir significativamente la inversi\u00f3n, y c\u00f3mo conseguir un presupuesto [&hellip;]\" \/>\n<meta property=\"og:url\" content=\"https:\/\/sillaselevadoras.es\/ca\/2026\/04\/26\/precio-silla-elevadora-2026\/\" \/>\n<meta property=\"og:site_name\" content=\"Sillas Elevadoras\" \/>\n<meta property=\"article:published_time\" content=\"2026-04-26T19:40:06+00:00\" \/>\n<meta property=\"og:image\" content=\"https:\/\/sillaselevadoras.es\/wp-content\/uploads\/2024\/02\/silla-elevadora-homeglide.jpg\" \/>\n\t<meta property=\"og:image:width\" content=\"1200\" \/>\n\t<meta property=\"og:image:height\" content=\"1200\" \/>\n\t<meta property=\"og:image:type\" content=\"image\/jpeg\" \/>\n<meta name=\"author\" content=\"sillaselevadoras.admin\" \/>\n<meta name=\"twitter:card\" content=\"summary_large_image\" \/>\n<meta name=\"twitter:label1\" content=\"Escrit per\" \/>\n\t<meta name=\"twitter:data1\" content=\"sillaselevadoras.admin\" \/>\n\t<meta name=\"twitter:label2\" content=\"Temps estimat de lectura\" \/>\n\t<meta name=\"twitter:data2\" content=\"5 minuts\" \/>\n<script type=\"application\/ld+json\" class=\"yoast-schema-graph\">{\"@context\":\"https:\\\/\\\/schema.org\",\"@graph\":[{\"@type\":\"Article\",\"@id\":\"https:\\\/\\\/sillaselevadoras.es\\\/2026\\\/04\\\/26\\\/precio-silla-elevadora-2026\\\/#article\",\"isPartOf\":{\"@id\":\"https:\\\/\\\/sillaselevadoras.es\\\/2026\\\/04\\\/26\\\/precio-silla-elevadora-2026\\\/\"},\"author\":{\"name\":\"sillaselevadoras.admin\",\"@id\":\"https:\\\/\\\/sillaselevadoras.es\\\/#\\\/schema\\\/person\\\/577a2a9891af4a1cd05d82d381d1594c\"},\"headline\":\"Precio Silla Elevadora 2026: Gu\u00eda Completa Recta y Curva\",\"datePublished\":\"2026-04-26T19:40:06+00:00\",\"mainEntityOfPage\":{\"@id\":\"https:\\\/\\\/sillaselevadoras.es\\\/2026\\\/04\\\/26\\\/precio-silla-elevadora-2026\\\/\"},\"wordCount\":1077,\"commentCount\":0,\"publisher\":{\"@id\":\"https:\\\/\\\/sillaselevadoras.es\\\/#organization\"},\"image\":{\"@id\":\"https:\\\/\\\/sillaselevadoras.es\\\/2026\\\/04\\\/26\\\/precio-silla-elevadora-2026\\\/#primaryimage\"},\"thumbnailUrl\":\"https:\\\/\\\/sillaselevadoras.es\\\/wp-content\\\/uploads\\\/2024\\\/02\\\/silla-elevadora-homeglide.jpg\",\"articleSection\":[\"Sin categor\u00eda\"],\"inLanguage\":\"ca\",\"potentialAction\":[{\"@type\":\"CommentAction\",\"name\":\"Comment\",\"target\":[\"https:\\\/\\\/sillaselevadoras.es\\\/2026\\\/04\\\/26\\\/precio-silla-elevadora-2026\\\/#respond\"]}]},{\"@type\":\"WebPage\",\"@id\":\"https:\\\/\\\/sillaselevadoras.es\\\/2026\\\/04\\\/26\\\/precio-silla-elevadora-2026\\\/\",\"url\":\"https:\\\/\\\/sillaselevadoras.es\\\/2026\\\/04\\\/26\\\/precio-silla-elevadora-2026\\\/\",\"name\":\"Precio Silla Elevadora 2026: Gu\u00eda Completa Recta y Curva - Sillas Elevadoras\",\"isPartOf\":{\"@id\":\"https:\\\/\\\/sillaselevadoras.es\\\/#website\"},\"primaryImageOfPage\":{\"@id\":\"https:\\\/\\\/sillaselevadoras.es\\\/2026\\\/04\\\/26\\\/precio-silla-elevadora-2026\\\/#primaryimage\"},\"image\":{\"@id\":\"https:\\\/\\\/sillaselevadoras.es\\\/2026\\\/04\\\/26\\\/precio-silla-elevadora-2026\\\/#primaryimage\"},\"thumbnailUrl\":\"https:\\\/\\\/sillaselevadoras.es\\\/wp-content\\\/uploads\\\/2024\\\/02\\\/silla-elevadora-homeglide.jpg\",\"datePublished\":\"2026-04-26T19:40:06+00:00\",\"breadcrumb\":{\"@id\":\"https:\\\/\\\/sillaselevadoras.es\\\/2026\\\/04\\\/26\\\/precio-silla-elevadora-2026\\\/#breadcrumb\"},\"inLanguage\":\"ca\",\"potentialAction\":[{\"@type\":\"ReadAction\",\"target\":[\"https:\\\/\\\/sillaselevadoras.es\\\/2026\\\/04\\\/26\\\/precio-silla-elevadora-2026\\\/\"]}]},{\"@type\":\"ImageObject\",\"inLanguage\":\"ca\",\"@id\":\"https:\\\/\\\/sillaselevadoras.es\\\/2026\\\/04\\\/26\\\/precio-silla-elevadora-2026\\\/#primaryimage\",\"url\":\"https:\\\/\\\/sillaselevadoras.es\\\/wp-content\\\/uploads\\\/2024\\\/02\\\/silla-elevadora-homeglide.jpg\",\"contentUrl\":\"https:\\\/\\\/sillaselevadoras.es\\\/wp-content\\\/uploads\\\/2024\\\/02\\\/silla-elevadora-homeglide.jpg\",\"width\":1200,\"height\":1200},{\"@type\":\"BreadcrumbList\",\"@id\":\"https:\\\/\\\/sillaselevadoras.es\\\/2026\\\/04\\\/26\\\/precio-silla-elevadora-2026\\\/#breadcrumb\",\"itemListElement\":[{\"@type\":\"ListItem\",\"position\":1,\"name\":\"Portada\",\"item\":\"https:\\\/\\\/sillaselevadoras.es\\\/\"},{\"@type\":\"ListItem\",\"position\":2,\"name\":\"Precio Silla Elevadora 2026: Gu\u00eda Completa Recta y Curva\"}]},{\"@type\":\"WebSite\",\"@id\":\"https:\\\/\\\/sillaselevadoras.es\\\/#website\",\"url\":\"https:\\\/\\\/sillaselevadoras.es\\\/\",\"name\":\"Sillas Elevadoras\",\"description\":\"Sillas salvaescaleras\",\"publisher\":{\"@id\":\"https:\\\/\\\/sillaselevadoras.es\\\/#organization\"},\"potentialAction\":[{\"@type\":\"SearchAction\",\"target\":{\"@type\":\"EntryPoint\",\"urlTemplate\":\"https:\\\/\\\/sillaselevadoras.es\\\/?s={search_term_string}\"},\"query-input\":{\"@type\":\"PropertyValueSpecification\",\"valueRequired\":true,\"valueName\":\"search_term_string\"}}],\"inLanguage\":\"ca\"},{\"@type\":\"Organization\",\"@id\":\"https:\\\/\\\/sillaselevadoras.es\\\/#organization\",\"name\":\"Sillas Elevadoras\",\"url\":\"https:\\\/\\\/sillaselevadoras.es\\\/\",\"logo\":{\"@type\":\"ImageObject\",\"inLanguage\":\"ca\",\"@id\":\"https:\\\/\\\/sillaselevadoras.es\\\/#\\\/schema\\\/logo\\\/image\\\/\",\"url\":\"https:\\\/\\\/sillaselevadoras.es\\\/wp-content\\\/uploads\\\/2023\\\/12\\\/Sillas-elevadoras-Logo-72-ppp-1.png\",\"contentUrl\":\"https:\\\/\\\/sillaselevadoras.es\\\/wp-content\\\/uploads\\\/2023\\\/12\\\/Sillas-elevadoras-Logo-72-ppp-1.png\",\"width\":842,\"height\":596,\"caption\":\"Sillas Elevadoras\"},\"image\":{\"@id\":\"https:\\\/\\\/sillaselevadoras.es\\\/#\\\/schema\\\/logo\\\/image\\\/\"}},{\"@type\":\"Person\",\"@id\":\"https:\\\/\\\/sillaselevadoras.es\\\/#\\\/schema\\\/person\\\/577a2a9891af4a1cd05d82d381d1594c\",\"name\":\"sillaselevadoras.admin\",\"image\":{\"@type\":\"ImageObject\",\"inLanguage\":\"ca\",\"@id\":\"https:\\\/\\\/secure.gravatar.com\\\/avatar\\\/73293cdd23bc37941e498cdc88f237186cdfd22662de151bbf8ca129daa80c9b?s=96&d=mm&r=g\",\"url\":\"https:\\\/\\\/secure.gravatar.com\\\/avatar\\\/73293cdd23bc37941e498cdc88f237186cdfd22662de151bbf8ca129daa80c9b?s=96&d=mm&r=g\",\"contentUrl\":\"https:\\\/\\\/secure.gravatar.com\\\/avatar\\\/73293cdd23bc37941e498cdc88f237186cdfd22662de151bbf8ca129daa80c9b?s=96&d=mm&r=g\",\"caption\":\"sillaselevadoras.admin\"},\"sameAs\":[\"https:\\\/\\\/sillaselevadoras.nytelweb.es\"],\"url\":\"https:\\\/\\\/sillaselevadoras.es\\\/ca\\\/author\\\/sillaselevadoras-admin\\\/\"}]}<\/script>\n<!-- \/ Yoast SEO Premium plugin. -->","yoast_head_json":{"title":"Precio Silla Elevadora 2026: Gu\u00eda Completa Recta y Curva - Sillas Elevadoras","robots":{"index":"index","follow":"follow","max-snippet":"max-snippet:-1","max-image-preview":"max-image-preview:large","max-video-preview":"max-video-preview:-1"},"canonical":"https:\/\/sillaselevadoras.es\/ca\/2026\/04\/26\/precio-silla-elevadora-2026\/","og_locale":"ca_ES","og_type":"article","og_title":"Precio Silla Elevadora 2026: Gu\u00eda Completa Recta y Curva","og_description":"Si est\u00e1s considerando instalar una silla elevadora en tu casa, lo primero que querr\u00e1s saber es cu\u00e1nto cuesta. En esta gu\u00eda completa actualizada para 2026 te explicamos todos los factores que determinan el precio, los rangos reales de mercado, las subvenciones disponibles en Catalu\u00f1a que pueden reducir significativamente la inversi\u00f3n, y c\u00f3mo conseguir un presupuesto [&hellip;]","og_url":"https:\/\/sillaselevadoras.es\/ca\/2026\/04\/26\/precio-silla-elevadora-2026\/","og_site_name":"Sillas Elevadoras","article_published_time":"2026-04-26T19:40:06+00:00","og_image":[{"width":1200,"height":1200,"url":"https:\/\/sillaselevadoras.es\/wp-content\/uploads\/2024\/02\/silla-elevadora-homeglide.jpg","type":"image\/jpeg"}],"author":"sillaselevadoras.admin","twitter_card":"summary_large_image","twitter_misc":{"Escrit per":"sillaselevadoras.admin","Temps estimat de lectura":"5 minuts"},"schema":{"@context":"https:\/\/schema.org","@graph":[{"@type":"Article","@id":"https:\/\/sillaselevadoras.es\/2026\/04\/26\/precio-silla-elevadora-2026\/#article","isPartOf":{"@id":"https:\/\/sillaselevadoras.es\/2026\/04\/26\/precio-silla-elevadora-2026\/"},"author":{"name":"sillaselevadoras.admin","@id":"https:\/\/sillaselevadoras.es\/#\/schema\/person\/577a2a9891af4a1cd05d82d381d1594c"},"headline":"Precio Silla Elevadora 2026: Gu\u00eda Completa Recta y Curva","datePublished":"2026-04-26T19:40:06+00:00","mainEntityOfPage":{"@id":"https:\/\/sillaselevadoras.es\/2026\/04\/26\/precio-silla-elevadora-2026\/"},"wordCount":1077,"commentCount":0,"publisher":{"@id":"https:\/\/sillaselevadoras.es\/#organization"},"image":{"@id":"https:\/\/sillaselevadoras.es\/2026\/04\/26\/precio-silla-elevadora-2026\/#primaryimage"},"thumbnailUrl":"https:\/\/sillaselevadoras.es\/wp-content\/uploads\/2024\/02\/silla-elevadora-homeglide.jpg","articleSection":["Sin categor\u00eda"],"inLanguage":"ca","potentialAction":[{"@type":"CommentAction","name":"Comment","target":["https:\/\/sillaselevadoras.es\/2026\/04\/26\/precio-silla-elevadora-2026\/#respond"]}]},{"@type":"WebPage","@id":"https:\/\/sillaselevadoras.es\/2026\/04\/26\/precio-silla-elevadora-2026\/","url":"https:\/\/sillaselevadoras.es\/2026\/04\/26\/precio-silla-elevadora-2026\/","name":"Precio Silla Elevadora 2026: Gu\u00eda Completa Recta y Curva - Sillas Elevadoras","isPartOf":{"@id":"https:\/\/sillaselevadoras.es\/#website"},"primaryImageOfPage":{"@id":"https:\/\/sillaselevadoras.es\/2026\/04\/26\/precio-silla-elevadora-2026\/#primaryimage"},"image":{"@id":"https:\/\/sillaselevadoras.es\/2026\/04\/26\/precio-silla-elevadora-2026\/#primaryimage"},"thumbnailUrl":"https:\/\/sillaselevadoras.es\/wp-content\/uploads\/2024\/02\/silla-elevadora-homeglide.jpg","datePublished":"2026-04-26T19:40:06+00:00","breadcrumb":{"@id":"https:\/\/sillaselevadoras.es\/2026\/04\/26\/precio-silla-elevadora-2026\/#breadcrumb"},"inLanguage":"ca","potentialAction":[{"@type":"ReadAction","target":["https:\/\/sillaselevadoras.es\/2026\/04\/26\/precio-silla-elevadora-2026\/"]}]},{"@type":"ImageObject","inLanguage":"ca","@id":"https:\/\/sillaselevadoras.es\/2026\/04\/26\/precio-silla-elevadora-2026\/#primaryimage","url":"https:\/\/sillaselevadoras.es\/wp-content\/uploads\/2024\/02\/silla-elevadora-homeglide.jpg","contentUrl":"https:\/\/sillaselevadoras.es\/wp-content\/uploads\/2024\/02\/silla-elevadora-homeglide.jpg","width":1200,"height":1200},{"@type":"BreadcrumbList","@id":"https:\/\/sillaselevadoras.es\/2026\/04\/26\/precio-silla-elevadora-2026\/#breadcrumb","itemListElement":[{"@type":"ListItem","position":1,"name":"Portada","item":"https:\/\/sillaselevadoras.es\/"},{"@type":"ListItem","position":2,"name":"Precio Silla Elevadora 2026: Gu\u00eda Completa Recta y Curva"}]},{"@type":"WebSite","@id":"https:\/\/sillaselevadoras.es\/#website","url":"https:\/\/sillaselevadoras.es\/","name":"Sillas Elevadoras","description":"Sillas salvaescaleras","publisher":{"@id":"https:\/\/sillaselevadoras.es\/#organization"},"potentialAction":[{"@type":"SearchAction","target":{"@type":"EntryPoint","urlTemplate":"https:\/\/sillaselevadoras.es\/?s={search_term_string}"},"query-input":{"@type":"PropertyValueSpecification","valueRequired":true,"valueName":"search_term_string"}}],"inLanguage":"ca"},{"@type":"Organization","@id":"https:\/\/sillaselevadoras.es\/#organization","name":"Sillas Elevadoras","url":"https:\/\/sillaselevadoras.es\/","logo":{"@type":"ImageObject","inLanguage":"ca","@id":"https:\/\/sillaselevadoras.es\/#\/schema\/logo\/image\/","url":"https:\/\/sillaselevadoras.es\/wp-content\/uploads\/2023\/12\/Sillas-elevadoras-Logo-72-ppp-1.png","contentUrl":"https:\/\/sillaselevadoras.es\/wp-content\/uploads\/2023\/12\/Sillas-elevadoras-Logo-72-ppp-1.png","width":842,"height":596,"caption":"Sillas Elevadoras"},"image":{"@id":"https:\/\/sillaselevadoras.es\/#\/schema\/logo\/image\/"}},{"@type":"Person","@id":"https:\/\/sillaselevadoras.es\/#\/schema\/person\/577a2a9891af4a1cd05d82d381d1594c","name":"sillaselevadoras.admin","image":{"@type":"ImageObject","inLanguage":"ca","@id":"https:\/\/secure.gravatar.com\/avatar\/73293cdd23bc37941e498cdc88f237186cdfd22662de151bbf8ca129daa80c9b?s=96&d=mm&r=g","url":"https:\/\/secure.gravatar.com\/avatar\/73293cdd23bc37941e498cdc88f237186cdfd22662de151bbf8ca129daa80c9b?s=96&d=mm&r=g","contentUrl":"https:\/\/secure.gravatar.com\/avatar\/73293cdd23bc37941e498cdc88f237186cdfd22662de151bbf8ca129daa80c9b?s=96&d=mm&r=g","caption":"sillaselevadoras.admin"},"sameAs":["https:\/\/sillaselevadoras.nytelweb.es"],"url":"https:\/\/sillaselevadoras.es\/ca\/author\/sillaselevadoras-admin\/"}]}},"_links":{"self":[{"href":"https:\/\/sillaselevadoras.es\/ca\/wp-json\/wp\/v2\/posts\/3007","targetHints":{"allow":["GET"]}}],"collection":[{"href":"https:\/\/sillaselevadoras.es\/ca\/wp-json\/wp\/v2\/posts"}],"about":[{"href":"https:\/\/sillaselevadoras.es\/ca\/wp-json\/wp\/v2\/types\/post"}],"author":[{"embeddable":true,"href":"https:\/\/sillaselevadoras.es\/ca\/wp-json\/wp\/v2\/users\/1"}],"replies":[{"embeddable":true,"href":"https:\/\/sillaselevadoras.es\/ca\/wp-json\/wp\/v2\/comments?post=3007"}],"version-history":[{"count":0,"href":"https:\/\/sillaselevadoras.es\/ca\/wp-json\/wp\/v2\/posts\/3007\/revisions"}],"wp:featuredmedia":[{"embeddable":true,"href":"https:\/\/sillaselevadoras.es\/ca\/wp-json\/wp\/v2\/media\/916"}],"wp:attachment":[{"href":"https:\/\/sillaselevadoras.es\/ca\/wp-json\/wp\/v2\/media?parent=3007"}],"wp:term":[{"taxonomy":"category","embeddable":true,"href":"https:\/\/sillaselevadoras.es\/ca\/wp-json\/wp\/v2\/categories?post=3007"},{"taxonomy":"post_tag","embeddable":true,"href":"https:\/\/sillaselevadoras.es\/ca\/wp-json\/wp\/v2\/tags?post=3007"}],"curies":[{"name":"wp","href":"https:\/\/api.w.org\/{rel}","templated":true}]}}