{"id":3008,"date":"2026-04-26T21:43:34","date_gmt":"2026-04-26T19:43:34","guid":{"rendered":"https:\/\/sillaselevadoras.es\/2026\/04\/26\/subvenciones-sillas-elevadoras-cataluna-2026-completa\/"},"modified":"2026-04-26T21:43:34","modified_gmt":"2026-04-26T19:43:34","slug":"subvenciones-sillas-elevadoras-cataluna-2026-completa","status":"publish","type":"post","link":"https:\/\/sillaselevadoras.es\/ca\/2026\/04\/26\/subvenciones-sillas-elevadoras-cataluna-2026-completa\/","title":{"rendered":"Subvenciones Sillas Elevadoras Catalu\u00f1a 2026: Gu\u00eda Completa"},"content":{"rendered":"<figure class=\"wp-block-image size-large\"><img fetchpriority=\"high\" decoding=\"async\" width=\"1200\" height=\"800\" src=\"https:\/\/sillaselevadoras.es\/wp-content\/uploads\/2024\/02\/salvaescaleras-homeglide-exterior-1.jpg\" alt=\"Silla elevadora exterior con subvenci\u00f3n\" class=\"wp-image-698\" srcset=\"https:\/\/sillaselevadoras.es\/wp-content\/uploads\/2024\/02\/salvaescaleras-homeglide-exterior-1.jpg 1200w, https:\/\/sillaselevadoras.es\/wp-content\/uploads\/2024\/02\/salvaescaleras-homeglide-exterior-1-300x200.jpg 300w, https:\/\/sillaselevadoras.es\/wp-content\/uploads\/2024\/02\/salvaescaleras-homeglide-exterior-1-1024x683.jpg 1024w, https:\/\/sillaselevadoras.es\/wp-content\/uploads\/2024\/02\/salvaescaleras-homeglide-exterior-1-768x512.jpg 768w, https:\/\/sillaselevadoras.es\/wp-content\/uploads\/2024\/02\/salvaescaleras-homeglide-exterior-1-18x12.jpg 18w\" sizes=\"(max-width: 1200px) 100vw, 1200px\" \/><\/figure>\n\n\n\n<p>Las subvenciones pueden reducir significativamente el coste de instalaci\u00f3n de una silla elevadora. En Catalu\u00f1a, el panorama de ayudas para 2026 mantiene varias l\u00edneas activas que se pueden combinar para conseguir importes muy interesantes. En esta gu\u00eda completa te explicamos todas las subvenciones disponibles, los requisitos de cada una, los importes m\u00e1ximos y c\u00f3mo tramitarlas.<\/p>\n\n\n<h2 class=\"wp-block-heading\">1. PUA \u2014 Prestaci\u00f3 Universal d&#8217;Accessibilitat<\/h2>\n\n<p>La PUA es la principal ayuda auton\u00f3mica catalana para la adquisici\u00f3n e instalaci\u00f3n de productos de apoyo, gestionada por el Departament de Drets Socials de la Generalitat de Catalunya.<\/p>\n\n\n<h3 class=\"wp-block-heading\">Importes m\u00e1ximos<\/h3>\n\n<ul class=\"wp-block-list\">\n<li><strong>Silla elevadora con instalaci\u00f3n fija (c\u00f3digo 712)<\/strong>: hasta 4.250 \u20ac<\/li>\n<li><strong>Plataforma elevadora (c\u00f3digo 713)<\/strong>: hasta 8.750 \u20ac<\/li>\n<\/ul>\n\n\n<h3 class=\"wp-block-heading\">Requisitos<\/h3>\n\n<ul class=\"wp-block-list\">\n<li>Discapacidad reconocida igual o superior al <strong>33%<\/strong><\/li>\n<li>Empadronamiento en Catalu\u00f1a<\/li>\n<li>No superar determinados l\u00edmites de renta familiar<\/li>\n<li>Instalaci\u00f3n realizada por empresa homologada<\/li>\n<\/ul>\n\n\n<h3 class=\"wp-block-heading\">Documentaci\u00f3n necesaria<\/h3>\n\n<ul class=\"wp-block-list\">\n<li>Certificado de discapacidad vigente<\/li>\n<li>Presupuesto de la instalaci\u00f3n de empresa homologada<\/li>\n<li>DNI del solicitante<\/li>\n<li>Justificante de empadronamiento<\/li>\n<li>Declaraci\u00f3n de la renta del \u00faltimo ejercicio<\/li>\n<\/ul>\n\n\n<h3 class=\"wp-block-heading\">Tramitaci\u00f3n<\/h3>\n\n<p>La tramitaci\u00f3n de la PUA se realiza online en web.gencat.cat o presencialmente en las oficinas de la Generalitat. El plazo de resoluci\u00f3n es de aproximadamente 60 d\u00edas h\u00e1biles desde la presentaci\u00f3n completa del expediente. Una vez aprobada, se dispone de hasta 6 meses para realizar la instalaci\u00f3n.<\/p>\n\n\n\n<figure class=\"wp-block-image size-large\"><img decoding=\"async\" width=\"1200\" height=\"1200\" src=\"https:\/\/sillaselevadoras.es\/wp-content\/uploads\/2024\/02\/silla-elevadora-homeglide.jpg\" alt=\"Silla elevadora HomeGlide instalada con ayuda PUA\" class=\"wp-image-916\" srcset=\"https:\/\/sillaselevadoras.es\/wp-content\/uploads\/2024\/02\/silla-elevadora-homeglide.jpg 1200w, https:\/\/sillaselevadoras.es\/wp-content\/uploads\/2024\/02\/silla-elevadora-homeglide-300x300.jpg 300w, https:\/\/sillaselevadoras.es\/wp-content\/uploads\/2024\/02\/silla-elevadora-homeglide-1024x1024.jpg 1024w, https:\/\/sillaselevadoras.es\/wp-content\/uploads\/2024\/02\/silla-elevadora-homeglide-150x150.jpg 150w, https:\/\/sillaselevadoras.es\/wp-content\/uploads\/2024\/02\/silla-elevadora-homeglide-768x768.jpg 768w, https:\/\/sillaselevadoras.es\/wp-content\/uploads\/2024\/02\/silla-elevadora-homeglide-12x12.jpg 12w\" sizes=\"(max-width: 1200px) 100vw, 1200px\" \/><\/figure>\n\n\n<h2 class=\"wp-block-heading\">2. Ag\u00e8ncia de l&#8217;Habitatge de Catalunya (AHC)<\/h2>\n\n<p>La AHC ofrece ayudas para la rehabilitaci\u00f3n de viviendas, dentro de las cuales se contemplan las actuaciones de mejora de la accesibilidad. Es una alternativa interesante para mayores de 65 a\u00f1os o personas con dependencia que no tienen reconocida una discapacidad \u226533%.<\/p>\n\n\n<h3 class=\"wp-block-heading\">Importes y condiciones<\/h3>\n\n<ul class=\"wp-block-list\">\n<li>Hasta el <strong>75% del coste<\/strong> de la instalaci\u00f3n<\/li>\n<li>Importe m\u00e1ximo <strong>6.000 \u20ac<\/strong> en viviendas unifamiliares<\/li>\n<li>Importes superiores en edificios plurifamiliares con instalaci\u00f3n en zonas comunes<\/li>\n<\/ul>\n\n\n<h2 class=\"wp-block-heading\">3. Consorci de l&#8217;Habitatge de Barcelona<\/h2>\n\n<p>Si resides en la ciudad de Barcelona, esta es la ayuda m\u00e1s generosa que puedes solicitar. Las subvenciones del Consorci pueden alcanzar los <strong>14.000 \u20ac<\/strong> para instalaciones que beneficien a m\u00faltiples vecinos en zonas comunes (escaleras de comunidades, accesos, etc.).<\/p>\n\n\n\n<p>La tramitaci\u00f3n se realiza en consorcihabitatge.barcelona y suele requerir aprobaci\u00f3n previa de la junta de vecinos en caso de instalaciones comunitarias.<\/p>\n\n\n<h2 class=\"wp-block-heading\">4. Ayudas municipales en Catalu\u00f1a<\/h2>\n\n<p>Muchos ayuntamientos catalanes mantienen l\u00edneas propias de ayudas a la accesibilidad. Las m\u00e1s relevantes:<\/p>\n\n\n<ul class=\"wp-block-list\">\n<li><strong>Sabadell<\/strong>: programa municipal de accesibilidad con importes variables anuales<\/li>\n<li><strong>Terrassa<\/strong>: ayudas espec\u00edficas para personas mayores y con movilidad reducida<\/li>\n<li><strong>Badalona, L&#8217;Hospitalet, Matar\u00f3, Reus, Tarragona, Girona, Lleida<\/strong>: convocatorias peri\u00f3dicas que conviene consultar al ayuntamiento<\/li>\n<\/ul>\n\n\n<h2 class=\"wp-block-heading\">5. Deducciones fiscales en el IRPF<\/h2>\n\n<p>Las obras e instalaciones de adaptaci\u00f3n de la vivienda habitual para personas con discapacidad pueden dar derecho a deducciones en el IRPF tanto en el tramo estatal como en el auton\u00f3mico catal\u00e1n. Conviene consultar con un asesor fiscal para valorar el ahorro real en tu caso.<\/p>\n\n\n<h2 class=\"wp-block-heading\">C\u00f3mo combinar las ayudas<\/h2>\n\n<ul class=\"wp-block-list\">\n<li>La <strong>PUA es incompatible<\/strong> con otras prestaciones auton\u00f3micas para el mismo producto<\/li>\n<li>La <strong>PUA es compatible<\/strong> con ayudas municipales y deducciones fiscales<\/li>\n<li>La <strong>AHC es compatible<\/strong> con algunas ayudas municipales<\/li>\n<\/ul>\n\n\n<h2 class=\"wp-block-heading\">Plazos y calendario 2026<\/h2>\n\n<p>La PUA est\u00e1 abierta durante todo el a\u00f1o hasta agotar la partida presupuestaria. Las ayudas de l&#8217;Ag\u00e8ncia de l&#8217;Habitatge se publican habitualmente en el primer trimestre del a\u00f1o. Las convocatorias municipales tienen plazos espec\u00edficos. Recomendamos no esperar al \u00faltimo momento: las partidas se agotan antes del cierre de plazo en muchos casos.<\/p>\n\n\n<h2 class=\"wp-block-heading\">Te ayudamos con todos los tr\u00e1mites<\/h2>\n\n<p>Como empresa homologada para instalaci\u00f3n de sillas elevadoras en Catalu\u00f1a, conocemos a fondo todos los programas de subvenciones vigentes. Te ofrecemos asesoramiento gratuito sobre qu\u00e9 ayudas aplican en tu caso, documentaci\u00f3n t\u00e9cnica para los expedientes, presupuesto homologado y acompa\u00f1amiento durante toda la tramitaci\u00f3n. Ll\u00e1manos al <strong>609 314 500<\/strong> o env\u00edanos un v\u00eddeo de tu escalera por WhatsApp para empezar el proceso.<\/p>","protected":false},"excerpt":{"rendered":"<p>Las subvenciones pueden reducir significativamente el coste de instalaci\u00f3n de una silla elevadora. En Catalu\u00f1a, el panorama de ayudas para 2026 mantiene varias l\u00edneas activas que se pueden combinar para conseguir importes muy interesantes. En esta gu\u00eda completa te explicamos todas las subvenciones disponibles, los requisitos de cada una, los importes m\u00e1ximos y c\u00f3mo tramitarlas. [&hellip;]<\/p>\n","protected":false},"author":1,"featured_media":698,"comment_status":"open","ping_status":"open","sticky":false,"template":"","format":"standard","meta":{"footnotes":""},"categories":[1],"tags":[],"class_list":["post-3008","post","type-post","status-publish","format-standard","has-post-thumbnail","hentry","category-sin-categoria"],"yoast_head":"<!-- This site is optimized with the Yoast SEO Premium plugin v27.4 (Yoast SEO v27.4) - https:\/\/yoast.com\/product\/yoast-seo-premium-wordpress\/ -->\n<title>Subvenciones Sillas Elevadoras Catalu\u00f1a 2026: Gu\u00eda Completa - Sillas Elevadoras<\/title>\n<meta name=\"robots\" content=\"index, follow, max-snippet:-1, max-image-preview:large, max-video-preview:-1\" \/>\n<link rel=\"canonical\" href=\"https:\/\/sillaselevadoras.es\/ca\/2026\/04\/26\/subvenciones-sillas-elevadoras-cataluna-2026-completa\/\" \/>\n<meta property=\"og:locale\" content=\"ca_ES\" \/>\n<meta property=\"og:type\" content=\"article\" \/>\n<meta property=\"og:title\" content=\"Subvenciones Sillas Elevadoras Catalu\u00f1a 2026: Gu\u00eda Completa\" \/>\n<meta property=\"og:description\" content=\"Las subvenciones pueden reducir significativamente el coste de instalaci\u00f3n de una silla elevadora. En Catalu\u00f1a, el panorama de ayudas para 2026 mantiene varias l\u00edneas activas que se pueden combinar para conseguir importes muy interesantes. En esta gu\u00eda completa te explicamos todas las subvenciones disponibles, los requisitos de cada una, los importes m\u00e1ximos y c\u00f3mo tramitarlas. [&hellip;]\" \/>\n<meta property=\"og:url\" content=\"https:\/\/sillaselevadoras.es\/ca\/2026\/04\/26\/subvenciones-sillas-elevadoras-cataluna-2026-completa\/\" \/>\n<meta property=\"og:site_name\" content=\"Sillas Elevadoras\" \/>\n<meta property=\"article:published_time\" content=\"2026-04-26T19:43:34+00:00\" \/>\n<meta property=\"og:image\" content=\"https:\/\/sillaselevadoras.es\/wp-content\/uploads\/2024\/02\/salvaescaleras-homeglide-exterior-1.jpg\" \/>\n\t<meta property=\"og:image:width\" content=\"1200\" \/>\n\t<meta property=\"og:image:height\" content=\"800\" \/>\n\t<meta property=\"og:image:type\" content=\"image\/jpeg\" \/>\n<meta name=\"author\" content=\"sillaselevadoras.admin\" \/>\n<meta name=\"twitter:card\" content=\"summary_large_image\" \/>\n<meta name=\"twitter:label1\" content=\"Escrit per\" \/>\n\t<meta name=\"twitter:data1\" content=\"sillaselevadoras.admin\" \/>\n\t<meta name=\"twitter:label2\" content=\"Temps estimat de lectura\" \/>\n\t<meta name=\"twitter:data2\" content=\"3 minuts\" \/>\n<script type=\"application\/ld+json\" class=\"yoast-schema-graph\">{\"@context\":\"https:\\\/\\\/schema.org\",\"@graph\":[{\"@type\":\"Article\",\"@id\":\"https:\\\/\\\/sillaselevadoras.es\\\/2026\\\/04\\\/26\\\/subvenciones-sillas-elevadoras-cataluna-2026-completa\\\/#article\",\"isPartOf\":{\"@id\":\"https:\\\/\\\/sillaselevadoras.es\\\/2026\\\/04\\\/26\\\/subvenciones-sillas-elevadoras-cataluna-2026-completa\\\/\"},\"author\":{\"name\":\"sillaselevadoras.admin\",\"@id\":\"https:\\\/\\\/sillaselevadoras.es\\\/#\\\/schema\\\/person\\\/577a2a9891af4a1cd05d82d381d1594c\"},\"headline\":\"Subvenciones Sillas Elevadoras Catalu\u00f1a 2026: Gu\u00eda Completa\",\"datePublished\":\"2026-04-26T19:43:34+00:00\",\"mainEntityOfPage\":{\"@id\":\"https:\\\/\\\/sillaselevadoras.es\\\/2026\\\/04\\\/26\\\/subvenciones-sillas-elevadoras-cataluna-2026-completa\\\/\"},\"wordCount\":661,\"commentCount\":0,\"publisher\":{\"@id\":\"https:\\\/\\\/sillaselevadoras.es\\\/#organization\"},\"image\":{\"@id\":\"https:\\\/\\\/sillaselevadoras.es\\\/2026\\\/04\\\/26\\\/subvenciones-sillas-elevadoras-cataluna-2026-completa\\\/#primaryimage\"},\"thumbnailUrl\":\"https:\\\/\\\/sillaselevadoras.es\\\/wp-content\\\/uploads\\\/2024\\\/02\\\/salvaescaleras-homeglide-exterior-1.jpg\",\"articleSection\":[\"Sin categor\u00eda\"],\"inLanguage\":\"ca\",\"potentialAction\":[{\"@type\":\"CommentAction\",\"name\":\"Comment\",\"target\":[\"https:\\\/\\\/sillaselevadoras.es\\\/2026\\\/04\\\/26\\\/subvenciones-sillas-elevadoras-cataluna-2026-completa\\\/#respond\"]}]},{\"@type\":\"WebPage\",\"@id\":\"https:\\\/\\\/sillaselevadoras.es\\\/2026\\\/04\\\/26\\\/subvenciones-sillas-elevadoras-cataluna-2026-completa\\\/\",\"url\":\"https:\\\/\\\/sillaselevadoras.es\\\/2026\\\/04\\\/26\\\/subvenciones-sillas-elevadoras-cataluna-2026-completa\\\/\",\"name\":\"Subvenciones Sillas Elevadoras Catalu\u00f1a 2026: Gu\u00eda Completa - Sillas Elevadoras\",\"isPartOf\":{\"@id\":\"https:\\\/\\\/sillaselevadoras.es\\\/#website\"},\"primaryImageOfPage\":{\"@id\":\"https:\\\/\\\/sillaselevadoras.es\\\/2026\\\/04\\\/26\\\/subvenciones-sillas-elevadoras-cataluna-2026-completa\\\/#primaryimage\"},\"image\":{\"@id\":\"https:\\\/\\\/sillaselevadoras.es\\\/2026\\\/04\\\/26\\\/subvenciones-sillas-elevadoras-cataluna-2026-completa\\\/#primaryimage\"},\"thumbnailUrl\":\"https:\\\/\\\/sillaselevadoras.es\\\/wp-content\\\/uploads\\\/2024\\\/02\\\/salvaescaleras-homeglide-exterior-1.jpg\",\"datePublished\":\"2026-04-26T19:43:34+00:00\",\"breadcrumb\":{\"@id\":\"https:\\\/\\\/sillaselevadoras.es\\\/2026\\\/04\\\/26\\\/subvenciones-sillas-elevadoras-cataluna-2026-completa\\\/#breadcrumb\"},\"inLanguage\":\"ca\",\"potentialAction\":[{\"@type\":\"ReadAction\",\"target\":[\"https:\\\/\\\/sillaselevadoras.es\\\/2026\\\/04\\\/26\\\/subvenciones-sillas-elevadoras-cataluna-2026-completa\\\/\"]}]},{\"@type\":\"ImageObject\",\"inLanguage\":\"ca\",\"@id\":\"https:\\\/\\\/sillaselevadoras.es\\\/2026\\\/04\\\/26\\\/subvenciones-sillas-elevadoras-cataluna-2026-completa\\\/#primaryimage\",\"url\":\"https:\\\/\\\/sillaselevadoras.es\\\/wp-content\\\/uploads\\\/2024\\\/02\\\/salvaescaleras-homeglide-exterior-1.jpg\",\"contentUrl\":\"https:\\\/\\\/sillaselevadoras.es\\\/wp-content\\\/uploads\\\/2024\\\/02\\\/salvaescaleras-homeglide-exterior-1.jpg\",\"width\":1200,\"height\":800},{\"@type\":\"BreadcrumbList\",\"@id\":\"https:\\\/\\\/sillaselevadoras.es\\\/2026\\\/04\\\/26\\\/subvenciones-sillas-elevadoras-cataluna-2026-completa\\\/#breadcrumb\",\"itemListElement\":[{\"@type\":\"ListItem\",\"position\":1,\"name\":\"Portada\",\"item\":\"https:\\\/\\\/sillaselevadoras.es\\\/\"},{\"@type\":\"ListItem\",\"position\":2,\"name\":\"Subvenciones Sillas Elevadoras Catalu\u00f1a 2026: Gu\u00eda Completa\"}]},{\"@type\":\"WebSite\",\"@id\":\"https:\\\/\\\/sillaselevadoras.es\\\/#website\",\"url\":\"https:\\\/\\\/sillaselevadoras.es\\\/\",\"name\":\"Sillas Elevadoras\",\"description\":\"Sillas salvaescaleras\",\"publisher\":{\"@id\":\"https:\\\/\\\/sillaselevadoras.es\\\/#organization\"},\"potentialAction\":[{\"@type\":\"SearchAction\",\"target\":{\"@type\":\"EntryPoint\",\"urlTemplate\":\"https:\\\/\\\/sillaselevadoras.es\\\/?s={search_term_string}\"},\"query-input\":{\"@type\":\"PropertyValueSpecification\",\"valueRequired\":true,\"valueName\":\"search_term_string\"}}],\"inLanguage\":\"ca\"},{\"@type\":\"Organization\",\"@id\":\"https:\\\/\\\/sillaselevadoras.es\\\/#organization\",\"name\":\"Sillas Elevadoras\",\"url\":\"https:\\\/\\\/sillaselevadoras.es\\\/\",\"logo\":{\"@type\":\"ImageObject\",\"inLanguage\":\"ca\",\"@id\":\"https:\\\/\\\/sillaselevadoras.es\\\/#\\\/schema\\\/logo\\\/image\\\/\",\"url\":\"https:\\\/\\\/sillaselevadoras.es\\\/wp-content\\\/uploads\\\/2023\\\/12\\\/Sillas-elevadoras-Logo-72-ppp-1.png\",\"contentUrl\":\"https:\\\/\\\/sillaselevadoras.es\\\/wp-content\\\/uploads\\\/2023\\\/12\\\/Sillas-elevadoras-Logo-72-ppp-1.png\",\"width\":842,\"height\":596,\"caption\":\"Sillas Elevadoras\"},\"image\":{\"@id\":\"https:\\\/\\\/sillaselevadoras.es\\\/#\\\/schema\\\/logo\\\/image\\\/\"}},{\"@type\":\"Person\",\"@id\":\"https:\\\/\\\/sillaselevadoras.es\\\/#\\\/schema\\\/person\\\/577a2a9891af4a1cd05d82d381d1594c\",\"name\":\"sillaselevadoras.admin\",\"image\":{\"@type\":\"ImageObject\",\"inLanguage\":\"ca\",\"@id\":\"https:\\\/\\\/secure.gravatar.com\\\/avatar\\\/73293cdd23bc37941e498cdc88f237186cdfd22662de151bbf8ca129daa80c9b?s=96&d=mm&r=g\",\"url\":\"https:\\\/\\\/secure.gravatar.com\\\/avatar\\\/73293cdd23bc37941e498cdc88f237186cdfd22662de151bbf8ca129daa80c9b?s=96&d=mm&r=g\",\"contentUrl\":\"https:\\\/\\\/secure.gravatar.com\\\/avatar\\\/73293cdd23bc37941e498cdc88f237186cdfd22662de151bbf8ca129daa80c9b?s=96&d=mm&r=g\",\"caption\":\"sillaselevadoras.admin\"},\"sameAs\":[\"https:\\\/\\\/sillaselevadoras.nytelweb.es\"],\"url\":\"https:\\\/\\\/sillaselevadoras.es\\\/ca\\\/author\\\/sillaselevadoras-admin\\\/\"}]}<\/script>\n<!-- \/ Yoast SEO Premium plugin. -->","yoast_head_json":{"title":"Subvenciones Sillas Elevadoras Catalu\u00f1a 2026: Gu\u00eda Completa - Sillas Elevadoras","robots":{"index":"index","follow":"follow","max-snippet":"max-snippet:-1","max-image-preview":"max-image-preview:large","max-video-preview":"max-video-preview:-1"},"canonical":"https:\/\/sillaselevadoras.es\/ca\/2026\/04\/26\/subvenciones-sillas-elevadoras-cataluna-2026-completa\/","og_locale":"ca_ES","og_type":"article","og_title":"Subvenciones Sillas Elevadoras Catalu\u00f1a 2026: Gu\u00eda Completa","og_description":"Las subvenciones pueden reducir significativamente el coste de instalaci\u00f3n de una silla elevadora. En Catalu\u00f1a, el panorama de ayudas para 2026 mantiene varias l\u00edneas activas que se pueden combinar para conseguir importes muy interesantes. En esta gu\u00eda completa te explicamos todas las subvenciones disponibles, los requisitos de cada una, los importes m\u00e1ximos y c\u00f3mo tramitarlas. [&hellip;]","og_url":"https:\/\/sillaselevadoras.es\/ca\/2026\/04\/26\/subvenciones-sillas-elevadoras-cataluna-2026-completa\/","og_site_name":"Sillas Elevadoras","article_published_time":"2026-04-26T19:43:34+00:00","og_image":[{"width":1200,"height":800,"url":"https:\/\/sillaselevadoras.es\/wp-content\/uploads\/2024\/02\/salvaescaleras-homeglide-exterior-1.jpg","type":"image\/jpeg"}],"author":"sillaselevadoras.admin","twitter_card":"summary_large_image","twitter_misc":{"Escrit per":"sillaselevadoras.admin","Temps estimat de lectura":"3 minuts"},"schema":{"@context":"https:\/\/schema.org","@graph":[{"@type":"Article","@id":"https:\/\/sillaselevadoras.es\/2026\/04\/26\/subvenciones-sillas-elevadoras-cataluna-2026-completa\/#article","isPartOf":{"@id":"https:\/\/sillaselevadoras.es\/2026\/04\/26\/subvenciones-sillas-elevadoras-cataluna-2026-completa\/"},"author":{"name":"sillaselevadoras.admin","@id":"https:\/\/sillaselevadoras.es\/#\/schema\/person\/577a2a9891af4a1cd05d82d381d1594c"},"headline":"Subvenciones Sillas Elevadoras Catalu\u00f1a 2026: Gu\u00eda Completa","datePublished":"2026-04-26T19:43:34+00:00","mainEntityOfPage":{"@id":"https:\/\/sillaselevadoras.es\/2026\/04\/26\/subvenciones-sillas-elevadoras-cataluna-2026-completa\/"},"wordCount":661,"commentCount":0,"publisher":{"@id":"https:\/\/sillaselevadoras.es\/#organization"},"image":{"@id":"https:\/\/sillaselevadoras.es\/2026\/04\/26\/subvenciones-sillas-elevadoras-cataluna-2026-completa\/#primaryimage"},"thumbnailUrl":"https:\/\/sillaselevadoras.es\/wp-content\/uploads\/2024\/02\/salvaescaleras-homeglide-exterior-1.jpg","articleSection":["Sin categor\u00eda"],"inLanguage":"ca","potentialAction":[{"@type":"CommentAction","name":"Comment","target":["https:\/\/sillaselevadoras.es\/2026\/04\/26\/subvenciones-sillas-elevadoras-cataluna-2026-completa\/#respond"]}]},{"@type":"WebPage","@id":"https:\/\/sillaselevadoras.es\/2026\/04\/26\/subvenciones-sillas-elevadoras-cataluna-2026-completa\/","url":"https:\/\/sillaselevadoras.es\/2026\/04\/26\/subvenciones-sillas-elevadoras-cataluna-2026-completa\/","name":"Subvenciones Sillas Elevadoras Catalu\u00f1a 2026: Gu\u00eda Completa - Sillas Elevadoras","isPartOf":{"@id":"https:\/\/sillaselevadoras.es\/#website"},"primaryImageOfPage":{"@id":"https:\/\/sillaselevadoras.es\/2026\/04\/26\/subvenciones-sillas-elevadoras-cataluna-2026-completa\/#primaryimage"},"image":{"@id":"https:\/\/sillaselevadoras.es\/2026\/04\/26\/subvenciones-sillas-elevadoras-cataluna-2026-completa\/#primaryimage"},"thumbnailUrl":"https:\/\/sillaselevadoras.es\/wp-content\/uploads\/2024\/02\/salvaescaleras-homeglide-exterior-1.jpg","datePublished":"2026-04-26T19:43:34+00:00","breadcrumb":{"@id":"https:\/\/sillaselevadoras.es\/2026\/04\/26\/subvenciones-sillas-elevadoras-cataluna-2026-completa\/#breadcrumb"},"inLanguage":"ca","potentialAction":[{"@type":"ReadAction","target":["https:\/\/sillaselevadoras.es\/2026\/04\/26\/subvenciones-sillas-elevadoras-cataluna-2026-completa\/"]}]},{"@type":"ImageObject","inLanguage":"ca","@id":"https:\/\/sillaselevadoras.es\/2026\/04\/26\/subvenciones-sillas-elevadoras-cataluna-2026-completa\/#primaryimage","url":"https:\/\/sillaselevadoras.es\/wp-content\/uploads\/2024\/02\/salvaescaleras-homeglide-exterior-1.jpg","contentUrl":"https:\/\/sillaselevadoras.es\/wp-content\/uploads\/2024\/02\/salvaescaleras-homeglide-exterior-1.jpg","width":1200,"height":800},{"@type":"BreadcrumbList","@id":"https:\/\/sillaselevadoras.es\/2026\/04\/26\/subvenciones-sillas-elevadoras-cataluna-2026-completa\/#breadcrumb","itemListElement":[{"@type":"ListItem","position":1,"name":"Portada","item":"https:\/\/sillaselevadoras.es\/"},{"@type":"ListItem","position":2,"name":"Subvenciones Sillas Elevadoras Catalu\u00f1a 2026: Gu\u00eda Completa"}]},{"@type":"WebSite","@id":"https:\/\/sillaselevadoras.es\/#website","url":"https:\/\/sillaselevadoras.es\/","name":"Sillas Elevadoras","description":"Sillas salvaescaleras","publisher":{"@id":"https:\/\/sillaselevadoras.es\/#organization"},"potentialAction":[{"@type":"SearchAction","target":{"@type":"EntryPoint","urlTemplate":"https:\/\/sillaselevadoras.es\/?s={search_term_string}"},"query-input":{"@type":"PropertyValueSpecification","valueRequired":true,"valueName":"search_term_string"}}],"inLanguage":"ca"},{"@type":"Organization","@id":"https:\/\/sillaselevadoras.es\/#organization","name":"Sillas Elevadoras","url":"https:\/\/sillaselevadoras.es\/","logo":{"@type":"ImageObject","inLanguage":"ca","@id":"https:\/\/sillaselevadoras.es\/#\/schema\/logo\/image\/","url":"https:\/\/sillaselevadoras.es\/wp-content\/uploads\/2023\/12\/Sillas-elevadoras-Logo-72-ppp-1.png","contentUrl":"https:\/\/sillaselevadoras.es\/wp-content\/uploads\/2023\/12\/Sillas-elevadoras-Logo-72-ppp-1.png","width":842,"height":596,"caption":"Sillas Elevadoras"},"image":{"@id":"https:\/\/sillaselevadoras.es\/#\/schema\/logo\/image\/"}},{"@type":"Person","@id":"https:\/\/sillaselevadoras.es\/#\/schema\/person\/577a2a9891af4a1cd05d82d381d1594c","name":"sillaselevadoras.admin","image":{"@type":"ImageObject","inLanguage":"ca","@id":"https:\/\/secure.gravatar.com\/avatar\/73293cdd23bc37941e498cdc88f237186cdfd22662de151bbf8ca129daa80c9b?s=96&d=mm&r=g","url":"https:\/\/secure.gravatar.com\/avatar\/73293cdd23bc37941e498cdc88f237186cdfd22662de151bbf8ca129daa80c9b?s=96&d=mm&r=g","contentUrl":"https:\/\/secure.gravatar.com\/avatar\/73293cdd23bc37941e498cdc88f237186cdfd22662de151bbf8ca129daa80c9b?s=96&d=mm&r=g","caption":"sillaselevadoras.admin"},"sameAs":["https:\/\/sillaselevadoras.nytelweb.es"],"url":"https:\/\/sillaselevadoras.es\/ca\/author\/sillaselevadoras-admin\/"}]}},"_links":{"self":[{"href":"https:\/\/sillaselevadoras.es\/ca\/wp-json\/wp\/v2\/posts\/3008","targetHints":{"allow":["GET"]}}],"collection":[{"href":"https:\/\/sillaselevadoras.es\/ca\/wp-json\/wp\/v2\/posts"}],"about":[{"href":"https:\/\/sillaselevadoras.es\/ca\/wp-json\/wp\/v2\/types\/post"}],"author":[{"embeddable":true,"href":"https:\/\/sillaselevadoras.es\/ca\/wp-json\/wp\/v2\/users\/1"}],"replies":[{"embeddable":true,"href":"https:\/\/sillaselevadoras.es\/ca\/wp-json\/wp\/v2\/comments?post=3008"}],"version-history":[{"count":0,"href":"https:\/\/sillaselevadoras.es\/ca\/wp-json\/wp\/v2\/posts\/3008\/revisions"}],"wp:featuredmedia":[{"embeddable":true,"href":"https:\/\/sillaselevadoras.es\/ca\/wp-json\/wp\/v2\/media\/698"}],"wp:attachment":[{"href":"https:\/\/sillaselevadoras.es\/ca\/wp-json\/wp\/v2\/media?parent=3008"}],"wp:term":[{"taxonomy":"category","embeddable":true,"href":"https:\/\/sillaselevadoras.es\/ca\/wp-json\/wp\/v2\/categories?post=3008"},{"taxonomy":"post_tag","embeddable":true,"href":"https:\/\/sillaselevadoras.es\/ca\/wp-json\/wp\/v2\/tags?post=3008"}],"curies":[{"name":"wp","href":"https:\/\/api.w.org\/{rel}","templated":true}]}}