{"id":3011,"date":"2026-04-26T22:53:37","date_gmt":"2026-04-26T20:53:37","guid":{"rendered":"https:\/\/sillaselevadoras.es\/2026\/04\/26\/preu-cadira-elevadora-2026\/"},"modified":"2026-04-26T22:53:37","modified_gmt":"2026-04-26T20:53:37","slug":"preu-cadira-elevadora-2026","status":"publish","type":"post","link":"https:\/\/sillaselevadoras.es\/ca\/2026\/04\/26\/preu-cadira-elevadora-2026\/","title":{"rendered":"Preu Cadira Elevadora 2026: Guia Completa Recta i Corba"},"content":{"rendered":"<figure class=\"wp-block-image size-large\"><img fetchpriority=\"high\" decoding=\"async\" width=\"1200\" height=\"1200\" src=\"https:\/\/sillaselevadoras.es\/wp-content\/uploads\/2024\/02\/silla-elevadora-homeglide.jpg\" alt=\"Cadira elevadora HomeGlide instal\u00b7lada\" class=\"wp-image-916\" srcset=\"https:\/\/sillaselevadoras.es\/wp-content\/uploads\/2024\/02\/silla-elevadora-homeglide.jpg 1200w, https:\/\/sillaselevadoras.es\/wp-content\/uploads\/2024\/02\/silla-elevadora-homeglide-300x300.jpg 300w, https:\/\/sillaselevadoras.es\/wp-content\/uploads\/2024\/02\/silla-elevadora-homeglide-1024x1024.jpg 1024w, https:\/\/sillaselevadoras.es\/wp-content\/uploads\/2024\/02\/silla-elevadora-homeglide-150x150.jpg 150w, https:\/\/sillaselevadoras.es\/wp-content\/uploads\/2024\/02\/silla-elevadora-homeglide-768x768.jpg 768w, https:\/\/sillaselevadoras.es\/wp-content\/uploads\/2024\/02\/silla-elevadora-homeglide-12x12.jpg 12w\" sizes=\"(max-width: 1200px) 100vw, 1200px\" \/><\/figure>\n\n\n\n<p>Si est\u00e0s considerant instal\u00b7lar una cadira elevadora a casa, el primer que voldr\u00e0s saber \u00e9s quant costa. En aquesta guia completa actualitzada per a 2026 t expliquem tots els factors que determinen el preu, els rangs reals de mercat, les subvencions disponibles a Catalunya que poden reduir significativament la inversi\u00f3, i com aconseguir un pressupost ajustat al teu cas concret.<\/p>\n\n\n<h2 class=\"wp-block-heading\">Factors que determinen el preu d una cadira elevadora<\/h2>\n\n<p>El preu final d una cadira elevadora no \u00e9s un nombre fix. Dep\u00e8n de diversos factors t\u00e8cnics i de personalitzaci\u00f3. Portem m\u00e9s de 15 anys instal\u00b7lant equips a tot Catalunya i hem identificat els sis factors que m\u00e9s impacte tenen al preu final.<\/p>\n\n\n<h3 class=\"wp-block-heading\">1. Tipus d escala: recta o corba<\/h3>\n\n<p>El factor m\u00e9s determinant. Una cadira elevadora per a escala recta utilitza un ra\u00efl d alumini est\u00e0ndard que es fabrica en s\u00e8rie i es talla a mida. En canvi, una cadira elevadora per a escala corba requereix un ra\u00efl completament fabricat a mida a f\u00e0brica.<\/p>\n\n\n<h3 class=\"wp-block-heading\">2. Longitud del recorregut<\/h3>\n\n<p>A major longitud de ra\u00efl, major preu. Un tram recte de planta baixa a primer pis (aproximadament 3-4 metres de ra\u00efl) t\u00e9 un cost base.<\/p>\n\n\n<h3 class=\"wp-block-heading\">3. Model i prestacions<\/h3>\n\n<ul class=\"wp-block-list\">\n<li><strong>HomeGlide<\/strong>: el model est\u00e0ndard per a escales rectes interiors.<\/li>\n<li><strong>HomeGlide Extra<\/strong>: per a escales rectes amb major confort.<\/li>\n<li><strong>HomeGlide Exterior<\/strong>: espec\u00edfic per a escales a l aire lliure.<\/li>\n<li><strong>Flow X<\/strong>: per a escales corbes, amb replans, girs o de cargol.<\/li>\n<\/ul>\n\n\n<h3 class=\"wp-block-heading\">4. Personalitzaci\u00f3 est\u00e8tica<\/h3>\n\n<p>El color del ra\u00efl, la tapisseria del seient, el color de la cadira i el tipus de comandament influeixen al preu final.<\/p>\n\n\n<h3 class=\"wp-block-heading\">5. Tipus d instal\u00b7laci\u00f3 i accessibilitat<\/h3>\n\n<p>Una instal\u00b7laci\u00f3 est\u00e0ndard sobre una escala de formig\u00f3 o fusta t\u00e9 el cost base. Si l escala \u00e9s de marbre, granit o pedra, els ancoratges s\u00f3n espec\u00edfics.<\/p>\n\n\n<h3 class=\"wp-block-heading\">6. Opcions avan\u00e7ades<\/h3>\n\n<p>El ra\u00efl abatible al final del recorregut, el sistema de plegat autom\u00e0tic del seient, les parades interm\u00e8dies programables, els comandaments a dist\u00e0ncia addicionals o la bateria de llarga durada s\u00f3n extres opcionals.<\/p>\n\n\n\n<figure class=\"wp-block-image size-large\"><img decoding=\"async\" width=\"1200\" height=\"800\" src=\"https:\/\/sillaselevadoras.es\/wp-content\/uploads\/2025\/03\/silla-salvaescaleras-flow-X-10-68b.jpg\" alt=\"Cadira elevadora Flow X per a escales corbes\" class=\"wp-image-2451\" srcset=\"https:\/\/sillaselevadoras.es\/wp-content\/uploads\/2025\/03\/silla-salvaescaleras-flow-X-10-68b.jpg 1200w, https:\/\/sillaselevadoras.es\/wp-content\/uploads\/2025\/03\/silla-salvaescaleras-flow-X-10-68b-300x200.jpg 300w, https:\/\/sillaselevadoras.es\/wp-content\/uploads\/2025\/03\/silla-salvaescaleras-flow-X-10-68b-1024x683.jpg 1024w, https:\/\/sillaselevadoras.es\/wp-content\/uploads\/2025\/03\/silla-salvaescaleras-flow-X-10-68b-768x512.jpg 768w, https:\/\/sillaselevadoras.es\/wp-content\/uploads\/2025\/03\/silla-salvaescaleras-flow-X-10-68b-18x12.jpg 18w\" sizes=\"(max-width: 1200px) 100vw, 1200px\" \/><\/figure>\n\n\n<h2 class=\"wp-block-heading\">Rangs de preu orientatius el 2026<\/h2>\n<h3 class=\"wp-block-heading\">Cadira elevadora recta interior<\/h3>\n\n<p>El preu orientatiu de mercat per a una cadira elevadora recta interior amb instal\u00b7laci\u00f3 inclosa es situa entre 2.500 \u20ac i 4.000 \u20ac. La instal\u00b7laci\u00f3 es fa en un sol dia i no requereix obres.<\/p>\n\n\n<h3 class=\"wp-block-heading\">Cadira elevadora corba amb Flow X<\/h3>\n\n<p>Per a escales corbes, amb replans o de cargol, el preu parteix aproximadament des de 6.000 \u20ac instal\u00b7lada per a corbes senzilles. Cada Flow X es fabrica a mida.<\/p>\n\n\n<h2 class=\"wp-block-heading\">Subvencions disponibles a Catalunya 2026<\/h2>\n<h3 class=\"wp-block-heading\">PUA \u2014 Prestaci\u00f3 Universal d Accessibilitat<\/h3>\n\n<p>L import m\u00e0xim \u00e9s de <strong>4.250 \u20ac<\/strong> per a cadira elevadora amb instal\u00b7laci\u00f3 fixa (codi 712). El requisit principal \u00e9s tenir reconeguda una discapacitat igual o superior al 33%. Tramitaci\u00f3 a web.gencat.cat.<\/p>\n\n\n<h3 class=\"wp-block-heading\">Ag\u00e8ncia de l Habitatge de Catalunya<\/h3>\n\n<p>Per a majors de 65 anys o persones amb depend\u00e8ncia: fins al 75% del cost amb un m\u00e0xim de <strong>6.000 \u20ac<\/strong> en habitatges unifamiliars.<\/p>\n\n\n<h3 class=\"wp-block-heading\">Consorci de l Habitatge de Barcelona<\/h3>\n\n<p>Per a residents a Barcelona: fins als <strong>14.000 \u20ac<\/strong> per a instal\u00b7lacions que beneficiin m\u00faltiples ve\u00efns en zones comunes.<\/p>\n\n\n<h2 class=\"wp-block-heading\">Finan\u00e7ament 0% fins 72 mesos<\/h2>\n\n<p>Oferim finan\u00e7ament sense interessos fins 72 mesos en tots els nostres models. Combinat amb les subvencions, la cadira elevadora es converteix en una inversi\u00f3 accessible.<\/p>\n\n\n<h2 class=\"wp-block-heading\">Manteniment i garantia<\/h2>\n\n<p>El manteniment anual oscil\u00b7la entre <strong>150 \u20ac i 350 \u20ac l any<\/strong>. Totes les nostres cadires elevadores inclouen <strong>3 anys de garantia<\/strong> completa.<\/p>\n\n\n<h2 class=\"wp-block-heading\">Com aconseguir un pressupost ajustat al teu cas<\/h2>\n\n<p>Per donar-te un preu orientatiu nom\u00e9s necessitem un v\u00eddeo de la teva escala gravat amb el teu m\u00f2bil. Envia l per WhatsApp al <strong>609 314 500<\/strong>.<\/p>\n\n\n<h2 class=\"wp-block-heading\">Conclusi\u00f3<\/h2>\n\n<p>Per a escales rectes, el rang orientatiu \u00e9s de 2.500-4.000 \u20ac; per a corbes, parteix des d aproximadament 6.000 \u20ac. Combinant subvencions amb finan\u00e7ament 0% a 72 mesos, la inversi\u00f3 real pot reduir-se significativament. Truca ns al 609 314 500.<\/p>","protected":false},"excerpt":{"rendered":"<p>Si est\u00e0s considerant instal\u00b7lar una cadira elevadora a casa, el primer que voldr\u00e0s saber \u00e9s quant costa. En aquesta guia completa actualitzada per a 2026 t expliquem tots els factors que determinen el preu, els rangs reals de mercat, les subvencions disponibles a Catalunya que poden reduir significativament la inversi\u00f3, i com aconseguir un pressupost [&hellip;]<\/p>\n","protected":false},"author":1,"featured_media":916,"comment_status":"open","ping_status":"open","sticky":false,"template":"","format":"standard","meta":{"footnotes":""},"categories":[1],"tags":[],"class_list":["post-3011","post","type-post","status-publish","format-standard","has-post-thumbnail","hentry","category-sin-categoria"],"yoast_head":"<!-- This site is optimized with the Yoast SEO Premium plugin v27.4 (Yoast SEO v27.4) - https:\/\/yoast.com\/product\/yoast-seo-premium-wordpress\/ -->\n<title>Preu Cadira Elevadora 2026: Guia Completa Recta i Corba - Sillas Elevadoras<\/title>\n<meta name=\"robots\" content=\"index, follow, max-snippet:-1, max-image-preview:large, max-video-preview:-1\" \/>\n<link rel=\"canonical\" href=\"https:\/\/sillaselevadoras.es\/ca\/2026\/04\/26\/preu-cadira-elevadora-2026\/\" \/>\n<meta property=\"og:locale\" content=\"ca_ES\" \/>\n<meta property=\"og:type\" content=\"article\" \/>\n<meta property=\"og:title\" content=\"Preu Cadira Elevadora 2026: Guia Completa Recta i Corba\" \/>\n<meta property=\"og:description\" content=\"Si est\u00e0s considerant instal\u00b7lar una cadira elevadora a casa, el primer que voldr\u00e0s saber \u00e9s quant costa. En aquesta guia completa actualitzada per a 2026 t expliquem tots els factors que determinen el preu, els rangs reals de mercat, les subvencions disponibles a Catalunya que poden reduir significativament la inversi\u00f3, i com aconseguir un pressupost [&hellip;]\" \/>\n<meta property=\"og:url\" content=\"https:\/\/sillaselevadoras.es\/ca\/2026\/04\/26\/preu-cadira-elevadora-2026\/\" \/>\n<meta property=\"og:site_name\" content=\"Sillas Elevadoras\" \/>\n<meta property=\"article:published_time\" content=\"2026-04-26T20:53:37+00:00\" \/>\n<meta property=\"og:image\" content=\"https:\/\/sillaselevadoras.es\/wp-content\/uploads\/2024\/02\/silla-elevadora-homeglide.jpg\" \/>\n\t<meta property=\"og:image:width\" content=\"1200\" \/>\n\t<meta property=\"og:image:height\" content=\"1200\" \/>\n\t<meta property=\"og:image:type\" content=\"image\/jpeg\" \/>\n<meta name=\"author\" content=\"sillaselevadoras.admin\" \/>\n<meta name=\"twitter:card\" content=\"summary_large_image\" \/>\n<meta name=\"twitter:label1\" content=\"Escrit per\" \/>\n\t<meta name=\"twitter:data1\" content=\"sillaselevadoras.admin\" \/>\n\t<meta name=\"twitter:label2\" content=\"Temps estimat de lectura\" \/>\n\t<meta name=\"twitter:data2\" content=\"3 minuts\" \/>\n<script type=\"application\/ld+json\" class=\"yoast-schema-graph\">{\"@context\":\"https:\\\/\\\/schema.org\",\"@graph\":[{\"@type\":\"Article\",\"@id\":\"https:\\\/\\\/sillaselevadoras.es\\\/2026\\\/04\\\/26\\\/preu-cadira-elevadora-2026\\\/#article\",\"isPartOf\":{\"@id\":\"https:\\\/\\\/sillaselevadoras.es\\\/2026\\\/04\\\/26\\\/preu-cadira-elevadora-2026\\\/\"},\"author\":{\"name\":\"sillaselevadoras.admin\",\"@id\":\"https:\\\/\\\/sillaselevadoras.es\\\/#\\\/schema\\\/person\\\/577a2a9891af4a1cd05d82d381d1594c\"},\"headline\":\"Preu Cadira Elevadora 2026: Guia Completa Recta i Corba\",\"datePublished\":\"2026-04-26T20:53:37+00:00\",\"mainEntityOfPage\":{\"@id\":\"https:\\\/\\\/sillaselevadoras.es\\\/2026\\\/04\\\/26\\\/preu-cadira-elevadora-2026\\\/\"},\"wordCount\":652,\"commentCount\":0,\"publisher\":{\"@id\":\"https:\\\/\\\/sillaselevadoras.es\\\/#organization\"},\"image\":{\"@id\":\"https:\\\/\\\/sillaselevadoras.es\\\/2026\\\/04\\\/26\\\/preu-cadira-elevadora-2026\\\/#primaryimage\"},\"thumbnailUrl\":\"https:\\\/\\\/sillaselevadoras.es\\\/wp-content\\\/uploads\\\/2024\\\/02\\\/silla-elevadora-homeglide.jpg\",\"articleSection\":[\"Sin categor\u00eda\"],\"inLanguage\":\"ca\",\"potentialAction\":[{\"@type\":\"CommentAction\",\"name\":\"Comment\",\"target\":[\"https:\\\/\\\/sillaselevadoras.es\\\/2026\\\/04\\\/26\\\/preu-cadira-elevadora-2026\\\/#respond\"]}]},{\"@type\":\"WebPage\",\"@id\":\"https:\\\/\\\/sillaselevadoras.es\\\/2026\\\/04\\\/26\\\/preu-cadira-elevadora-2026\\\/\",\"url\":\"https:\\\/\\\/sillaselevadoras.es\\\/2026\\\/04\\\/26\\\/preu-cadira-elevadora-2026\\\/\",\"name\":\"Preu Cadira Elevadora 2026: Guia Completa Recta i Corba - Sillas Elevadoras\",\"isPartOf\":{\"@id\":\"https:\\\/\\\/sillaselevadoras.es\\\/#website\"},\"primaryImageOfPage\":{\"@id\":\"https:\\\/\\\/sillaselevadoras.es\\\/2026\\\/04\\\/26\\\/preu-cadira-elevadora-2026\\\/#primaryimage\"},\"image\":{\"@id\":\"https:\\\/\\\/sillaselevadoras.es\\\/2026\\\/04\\\/26\\\/preu-cadira-elevadora-2026\\\/#primaryimage\"},\"thumbnailUrl\":\"https:\\\/\\\/sillaselevadoras.es\\\/wp-content\\\/uploads\\\/2024\\\/02\\\/silla-elevadora-homeglide.jpg\",\"datePublished\":\"2026-04-26T20:53:37+00:00\",\"breadcrumb\":{\"@id\":\"https:\\\/\\\/sillaselevadoras.es\\\/2026\\\/04\\\/26\\\/preu-cadira-elevadora-2026\\\/#breadcrumb\"},\"inLanguage\":\"ca\",\"potentialAction\":[{\"@type\":\"ReadAction\",\"target\":[\"https:\\\/\\\/sillaselevadoras.es\\\/2026\\\/04\\\/26\\\/preu-cadira-elevadora-2026\\\/\"]}]},{\"@type\":\"ImageObject\",\"inLanguage\":\"ca\",\"@id\":\"https:\\\/\\\/sillaselevadoras.es\\\/2026\\\/04\\\/26\\\/preu-cadira-elevadora-2026\\\/#primaryimage\",\"url\":\"https:\\\/\\\/sillaselevadoras.es\\\/wp-content\\\/uploads\\\/2024\\\/02\\\/silla-elevadora-homeglide.jpg\",\"contentUrl\":\"https:\\\/\\\/sillaselevadoras.es\\\/wp-content\\\/uploads\\\/2024\\\/02\\\/silla-elevadora-homeglide.jpg\",\"width\":1200,\"height\":1200},{\"@type\":\"BreadcrumbList\",\"@id\":\"https:\\\/\\\/sillaselevadoras.es\\\/2026\\\/04\\\/26\\\/preu-cadira-elevadora-2026\\\/#breadcrumb\",\"itemListElement\":[{\"@type\":\"ListItem\",\"position\":1,\"name\":\"Portada\",\"item\":\"https:\\\/\\\/sillaselevadoras.es\\\/\"},{\"@type\":\"ListItem\",\"position\":2,\"name\":\"Preu Cadira Elevadora 2026: Guia Completa Recta i Corba\"}]},{\"@type\":\"WebSite\",\"@id\":\"https:\\\/\\\/sillaselevadoras.es\\\/#website\",\"url\":\"https:\\\/\\\/sillaselevadoras.es\\\/\",\"name\":\"Sillas Elevadoras\",\"description\":\"Sillas salvaescaleras\",\"publisher\":{\"@id\":\"https:\\\/\\\/sillaselevadoras.es\\\/#organization\"},\"potentialAction\":[{\"@type\":\"SearchAction\",\"target\":{\"@type\":\"EntryPoint\",\"urlTemplate\":\"https:\\\/\\\/sillaselevadoras.es\\\/?s={search_term_string}\"},\"query-input\":{\"@type\":\"PropertyValueSpecification\",\"valueRequired\":true,\"valueName\":\"search_term_string\"}}],\"inLanguage\":\"ca\"},{\"@type\":\"Organization\",\"@id\":\"https:\\\/\\\/sillaselevadoras.es\\\/#organization\",\"name\":\"Sillas Elevadoras\",\"url\":\"https:\\\/\\\/sillaselevadoras.es\\\/\",\"logo\":{\"@type\":\"ImageObject\",\"inLanguage\":\"ca\",\"@id\":\"https:\\\/\\\/sillaselevadoras.es\\\/#\\\/schema\\\/logo\\\/image\\\/\",\"url\":\"https:\\\/\\\/sillaselevadoras.es\\\/wp-content\\\/uploads\\\/2023\\\/12\\\/Sillas-elevadoras-Logo-72-ppp-1.png\",\"contentUrl\":\"https:\\\/\\\/sillaselevadoras.es\\\/wp-content\\\/uploads\\\/2023\\\/12\\\/Sillas-elevadoras-Logo-72-ppp-1.png\",\"width\":842,\"height\":596,\"caption\":\"Sillas Elevadoras\"},\"image\":{\"@id\":\"https:\\\/\\\/sillaselevadoras.es\\\/#\\\/schema\\\/logo\\\/image\\\/\"}},{\"@type\":\"Person\",\"@id\":\"https:\\\/\\\/sillaselevadoras.es\\\/#\\\/schema\\\/person\\\/577a2a9891af4a1cd05d82d381d1594c\",\"name\":\"sillaselevadoras.admin\",\"image\":{\"@type\":\"ImageObject\",\"inLanguage\":\"ca\",\"@id\":\"https:\\\/\\\/secure.gravatar.com\\\/avatar\\\/73293cdd23bc37941e498cdc88f237186cdfd22662de151bbf8ca129daa80c9b?s=96&d=mm&r=g\",\"url\":\"https:\\\/\\\/secure.gravatar.com\\\/avatar\\\/73293cdd23bc37941e498cdc88f237186cdfd22662de151bbf8ca129daa80c9b?s=96&d=mm&r=g\",\"contentUrl\":\"https:\\\/\\\/secure.gravatar.com\\\/avatar\\\/73293cdd23bc37941e498cdc88f237186cdfd22662de151bbf8ca129daa80c9b?s=96&d=mm&r=g\",\"caption\":\"sillaselevadoras.admin\"},\"sameAs\":[\"https:\\\/\\\/sillaselevadoras.nytelweb.es\"],\"url\":\"https:\\\/\\\/sillaselevadoras.es\\\/ca\\\/author\\\/sillaselevadoras-admin\\\/\"}]}<\/script>\n<!-- \/ Yoast SEO Premium plugin. -->","yoast_head_json":{"title":"Preu Cadira Elevadora 2026: Guia Completa Recta i Corba - Sillas Elevadoras","robots":{"index":"index","follow":"follow","max-snippet":"max-snippet:-1","max-image-preview":"max-image-preview:large","max-video-preview":"max-video-preview:-1"},"canonical":"https:\/\/sillaselevadoras.es\/ca\/2026\/04\/26\/preu-cadira-elevadora-2026\/","og_locale":"ca_ES","og_type":"article","og_title":"Preu Cadira Elevadora 2026: Guia Completa Recta i Corba","og_description":"Si est\u00e0s considerant instal\u00b7lar una cadira elevadora a casa, el primer que voldr\u00e0s saber \u00e9s quant costa. En aquesta guia completa actualitzada per a 2026 t expliquem tots els factors que determinen el preu, els rangs reals de mercat, les subvencions disponibles a Catalunya que poden reduir significativament la inversi\u00f3, i com aconseguir un pressupost [&hellip;]","og_url":"https:\/\/sillaselevadoras.es\/ca\/2026\/04\/26\/preu-cadira-elevadora-2026\/","og_site_name":"Sillas Elevadoras","article_published_time":"2026-04-26T20:53:37+00:00","og_image":[{"width":1200,"height":1200,"url":"https:\/\/sillaselevadoras.es\/wp-content\/uploads\/2024\/02\/silla-elevadora-homeglide.jpg","type":"image\/jpeg"}],"author":"sillaselevadoras.admin","twitter_card":"summary_large_image","twitter_misc":{"Escrit per":"sillaselevadoras.admin","Temps estimat de lectura":"3 minuts"},"schema":{"@context":"https:\/\/schema.org","@graph":[{"@type":"Article","@id":"https:\/\/sillaselevadoras.es\/2026\/04\/26\/preu-cadira-elevadora-2026\/#article","isPartOf":{"@id":"https:\/\/sillaselevadoras.es\/2026\/04\/26\/preu-cadira-elevadora-2026\/"},"author":{"name":"sillaselevadoras.admin","@id":"https:\/\/sillaselevadoras.es\/#\/schema\/person\/577a2a9891af4a1cd05d82d381d1594c"},"headline":"Preu Cadira Elevadora 2026: Guia Completa Recta i Corba","datePublished":"2026-04-26T20:53:37+00:00","mainEntityOfPage":{"@id":"https:\/\/sillaselevadoras.es\/2026\/04\/26\/preu-cadira-elevadora-2026\/"},"wordCount":652,"commentCount":0,"publisher":{"@id":"https:\/\/sillaselevadoras.es\/#organization"},"image":{"@id":"https:\/\/sillaselevadoras.es\/2026\/04\/26\/preu-cadira-elevadora-2026\/#primaryimage"},"thumbnailUrl":"https:\/\/sillaselevadoras.es\/wp-content\/uploads\/2024\/02\/silla-elevadora-homeglide.jpg","articleSection":["Sin categor\u00eda"],"inLanguage":"ca","potentialAction":[{"@type":"CommentAction","name":"Comment","target":["https:\/\/sillaselevadoras.es\/2026\/04\/26\/preu-cadira-elevadora-2026\/#respond"]}]},{"@type":"WebPage","@id":"https:\/\/sillaselevadoras.es\/2026\/04\/26\/preu-cadira-elevadora-2026\/","url":"https:\/\/sillaselevadoras.es\/2026\/04\/26\/preu-cadira-elevadora-2026\/","name":"Preu Cadira Elevadora 2026: Guia Completa Recta i Corba - Sillas Elevadoras","isPartOf":{"@id":"https:\/\/sillaselevadoras.es\/#website"},"primaryImageOfPage":{"@id":"https:\/\/sillaselevadoras.es\/2026\/04\/26\/preu-cadira-elevadora-2026\/#primaryimage"},"image":{"@id":"https:\/\/sillaselevadoras.es\/2026\/04\/26\/preu-cadira-elevadora-2026\/#primaryimage"},"thumbnailUrl":"https:\/\/sillaselevadoras.es\/wp-content\/uploads\/2024\/02\/silla-elevadora-homeglide.jpg","datePublished":"2026-04-26T20:53:37+00:00","breadcrumb":{"@id":"https:\/\/sillaselevadoras.es\/2026\/04\/26\/preu-cadira-elevadora-2026\/#breadcrumb"},"inLanguage":"ca","potentialAction":[{"@type":"ReadAction","target":["https:\/\/sillaselevadoras.es\/2026\/04\/26\/preu-cadira-elevadora-2026\/"]}]},{"@type":"ImageObject","inLanguage":"ca","@id":"https:\/\/sillaselevadoras.es\/2026\/04\/26\/preu-cadira-elevadora-2026\/#primaryimage","url":"https:\/\/sillaselevadoras.es\/wp-content\/uploads\/2024\/02\/silla-elevadora-homeglide.jpg","contentUrl":"https:\/\/sillaselevadoras.es\/wp-content\/uploads\/2024\/02\/silla-elevadora-homeglide.jpg","width":1200,"height":1200},{"@type":"BreadcrumbList","@id":"https:\/\/sillaselevadoras.es\/2026\/04\/26\/preu-cadira-elevadora-2026\/#breadcrumb","itemListElement":[{"@type":"ListItem","position":1,"name":"Portada","item":"https:\/\/sillaselevadoras.es\/"},{"@type":"ListItem","position":2,"name":"Preu Cadira Elevadora 2026: Guia Completa Recta i Corba"}]},{"@type":"WebSite","@id":"https:\/\/sillaselevadoras.es\/#website","url":"https:\/\/sillaselevadoras.es\/","name":"Sillas Elevadoras","description":"Sillas salvaescaleras","publisher":{"@id":"https:\/\/sillaselevadoras.es\/#organization"},"potentialAction":[{"@type":"SearchAction","target":{"@type":"EntryPoint","urlTemplate":"https:\/\/sillaselevadoras.es\/?s={search_term_string}"},"query-input":{"@type":"PropertyValueSpecification","valueRequired":true,"valueName":"search_term_string"}}],"inLanguage":"ca"},{"@type":"Organization","@id":"https:\/\/sillaselevadoras.es\/#organization","name":"Sillas Elevadoras","url":"https:\/\/sillaselevadoras.es\/","logo":{"@type":"ImageObject","inLanguage":"ca","@id":"https:\/\/sillaselevadoras.es\/#\/schema\/logo\/image\/","url":"https:\/\/sillaselevadoras.es\/wp-content\/uploads\/2023\/12\/Sillas-elevadoras-Logo-72-ppp-1.png","contentUrl":"https:\/\/sillaselevadoras.es\/wp-content\/uploads\/2023\/12\/Sillas-elevadoras-Logo-72-ppp-1.png","width":842,"height":596,"caption":"Sillas Elevadoras"},"image":{"@id":"https:\/\/sillaselevadoras.es\/#\/schema\/logo\/image\/"}},{"@type":"Person","@id":"https:\/\/sillaselevadoras.es\/#\/schema\/person\/577a2a9891af4a1cd05d82d381d1594c","name":"sillaselevadoras.admin","image":{"@type":"ImageObject","inLanguage":"ca","@id":"https:\/\/secure.gravatar.com\/avatar\/73293cdd23bc37941e498cdc88f237186cdfd22662de151bbf8ca129daa80c9b?s=96&d=mm&r=g","url":"https:\/\/secure.gravatar.com\/avatar\/73293cdd23bc37941e498cdc88f237186cdfd22662de151bbf8ca129daa80c9b?s=96&d=mm&r=g","contentUrl":"https:\/\/secure.gravatar.com\/avatar\/73293cdd23bc37941e498cdc88f237186cdfd22662de151bbf8ca129daa80c9b?s=96&d=mm&r=g","caption":"sillaselevadoras.admin"},"sameAs":["https:\/\/sillaselevadoras.nytelweb.es"],"url":"https:\/\/sillaselevadoras.es\/ca\/author\/sillaselevadoras-admin\/"}]}},"_links":{"self":[{"href":"https:\/\/sillaselevadoras.es\/ca\/wp-json\/wp\/v2\/posts\/3011","targetHints":{"allow":["GET"]}}],"collection":[{"href":"https:\/\/sillaselevadoras.es\/ca\/wp-json\/wp\/v2\/posts"}],"about":[{"href":"https:\/\/sillaselevadoras.es\/ca\/wp-json\/wp\/v2\/types\/post"}],"author":[{"embeddable":true,"href":"https:\/\/sillaselevadoras.es\/ca\/wp-json\/wp\/v2\/users\/1"}],"replies":[{"embeddable":true,"href":"https:\/\/sillaselevadoras.es\/ca\/wp-json\/wp\/v2\/comments?post=3011"}],"version-history":[{"count":0,"href":"https:\/\/sillaselevadoras.es\/ca\/wp-json\/wp\/v2\/posts\/3011\/revisions"}],"wp:featuredmedia":[{"embeddable":true,"href":"https:\/\/sillaselevadoras.es\/ca\/wp-json\/wp\/v2\/media\/916"}],"wp:attachment":[{"href":"https:\/\/sillaselevadoras.es\/ca\/wp-json\/wp\/v2\/media?parent=3011"}],"wp:term":[{"taxonomy":"category","embeddable":true,"href":"https:\/\/sillaselevadoras.es\/ca\/wp-json\/wp\/v2\/categories?post=3011"},{"taxonomy":"post_tag","embeddable":true,"href":"https:\/\/sillaselevadoras.es\/ca\/wp-json\/wp\/v2\/tags?post=3011"}],"curies":[{"name":"wp","href":"https:\/\/api.w.org\/{rel}","templated":true}]}}