{"id":3012,"date":"2026-04-26T22:55:27","date_gmt":"2026-04-26T20:55:27","guid":{"rendered":"https:\/\/sillaselevadoras.es\/2026\/04\/26\/subvencions-cadires-elevadores-catalunya-2026\/"},"modified":"2026-04-26T22:55:27","modified_gmt":"2026-04-26T20:55:27","slug":"subvencions-cadires-elevadores-catalunya-2026","status":"publish","type":"post","link":"https:\/\/sillaselevadoras.es\/ca\/2026\/04\/26\/subvencions-cadires-elevadores-catalunya-2026\/","title":{"rendered":"Subvencions Cadires Elevadores Catalunya 2026: Guia Completa"},"content":{"rendered":"<figure class=\"wp-block-image size-large\"><img fetchpriority=\"high\" decoding=\"async\" width=\"1200\" height=\"800\" src=\"https:\/\/sillaselevadoras.es\/wp-content\/uploads\/2024\/02\/salvaescaleras-homeglide-exterior-1.jpg\" alt=\"Cadira elevadora exterior amb subvenci\u00f3\" class=\"wp-image-698\" srcset=\"https:\/\/sillaselevadoras.es\/wp-content\/uploads\/2024\/02\/salvaescaleras-homeglide-exterior-1.jpg 1200w, https:\/\/sillaselevadoras.es\/wp-content\/uploads\/2024\/02\/salvaescaleras-homeglide-exterior-1-300x200.jpg 300w, https:\/\/sillaselevadoras.es\/wp-content\/uploads\/2024\/02\/salvaescaleras-homeglide-exterior-1-1024x683.jpg 1024w, https:\/\/sillaselevadoras.es\/wp-content\/uploads\/2024\/02\/salvaescaleras-homeglide-exterior-1-768x512.jpg 768w, https:\/\/sillaselevadoras.es\/wp-content\/uploads\/2024\/02\/salvaescaleras-homeglide-exterior-1-18x12.jpg 18w\" sizes=\"(max-width: 1200px) 100vw, 1200px\" \/><\/figure>\n\n<p>Les subvencions poden reduir significativament el cost d instal\u00b7laci\u00f3 d una cadira elevadora. A Catalunya, el panorama d ajudes per a 2026 mant\u00e9 diverses l\u00ednies actives. En aquesta guia completa t expliquem totes les subvencions disponibles, els requisits, els imports m\u00e0xims i com tramitar-les.<\/p>\n\n<h2 class=\"wp-block-heading\">1. PUA \u2014 Prestaci\u00f3 Universal d Accessibilitat<\/h2>\n<p>La PUA \u00e9s la principal ajuda auton\u00f2mica catalana per a l adquisici\u00f3 i instal\u00b7laci\u00f3 de productes de suport, gestionada pel Departament de Drets Socials de la Generalitat.<\/p>\n\n<h3 class=\"wp-block-heading\">Imports m\u00e0xims<\/h3>\n<ul class=\"wp-block-list\"><li><strong>Cadira elevadora amb instal\u00b7laci\u00f3 fixa (codi 712)<\/strong>: fins 4.250 \u20ac<\/li><li><strong>Plataforma elevadora (codi 713)<\/strong>: fins 8.750 \u20ac<\/li><\/ul>\n\n<h3 class=\"wp-block-heading\">Requisits<\/h3>\n<ul class=\"wp-block-list\"><li>Discapacitat reconeguda igual o superior al <strong>33%<\/strong><\/li><li>Empadronament a Catalunya<\/li><li>No superar determinats l\u00edmits de renda familiar<\/li><li>Instal\u00b7laci\u00f3 realitzada per empresa homologada<\/li><\/ul>\n\n<h3 class=\"wp-block-heading\">Documentaci\u00f3 necess\u00e0ria<\/h3>\n<ul class=\"wp-block-list\"><li>Certificat de discapacitat vigent<\/li><li>Pressupost de la instal\u00b7laci\u00f3 d empresa homologada<\/li><li>DNI del sol\u00b7licitant<\/li><li>Justificant d empadronament<\/li><li>Declaraci\u00f3 de la renda de l \u00faltim exercici<\/li><\/ul>\n\n<h3 class=\"wp-block-heading\">Tramitaci\u00f3<\/h3>\n<p>La tramitaci\u00f3 de la PUA es fa online a web.gencat.cat o presencialment a les oficines de la Generalitat. El termini de resoluci\u00f3 \u00e9s d aproximadament 60 dies h\u00e0bils. Un cop aprovada, es disposa de fins 6 mesos per realitzar la instal\u00b7laci\u00f3.<\/p>\n\n<figure class=\"wp-block-image size-large\"><img decoding=\"async\" width=\"1200\" height=\"1200\" src=\"https:\/\/sillaselevadoras.es\/wp-content\/uploads\/2024\/02\/silla-elevadora-homeglide.jpg\" alt=\"Cadira elevadora HomeGlide amb ajuda PUA\" class=\"wp-image-916\" srcset=\"https:\/\/sillaselevadoras.es\/wp-content\/uploads\/2024\/02\/silla-elevadora-homeglide.jpg 1200w, https:\/\/sillaselevadoras.es\/wp-content\/uploads\/2024\/02\/silla-elevadora-homeglide-300x300.jpg 300w, https:\/\/sillaselevadoras.es\/wp-content\/uploads\/2024\/02\/silla-elevadora-homeglide-1024x1024.jpg 1024w, https:\/\/sillaselevadoras.es\/wp-content\/uploads\/2024\/02\/silla-elevadora-homeglide-150x150.jpg 150w, https:\/\/sillaselevadoras.es\/wp-content\/uploads\/2024\/02\/silla-elevadora-homeglide-768x768.jpg 768w, https:\/\/sillaselevadoras.es\/wp-content\/uploads\/2024\/02\/silla-elevadora-homeglide-12x12.jpg 12w\" sizes=\"(max-width: 1200px) 100vw, 1200px\" \/><\/figure>\n\n<h2 class=\"wp-block-heading\">2. Ag\u00e8ncia de l Habitatge de Catalunya (AHC)<\/h2>\n<p>Per a majors de 65 anys o persones amb depend\u00e8ncia reconeguda: fins al 75% del cost amb un m\u00e0xim de <strong>6.000 \u20ac<\/strong> en habitatges unifamiliars.<\/p>\n\n<h2 class=\"wp-block-heading\">3. Consorci de l Habitatge de Barcelona<\/h2>\n<p>Per a residents a Barcelona: fins als <strong>14.000 \u20ac<\/strong> per a instal\u00b7lacions que benefici\u00efn m\u00faltiples ve\u00efns en zones comunes.<\/p>\n\n<h2 class=\"wp-block-heading\">4. Ajudes municipals a Catalunya<\/h2>\n<ul class=\"wp-block-list\"><li><strong>Sabadell, Terrassa, Badalona, L Hospitalet, Matar\u00f3, Reus, Tarragona, Girona, Lleida<\/strong>: convocat\u00f2ries peri\u00f2diques que conv\u00e9 consultar a l ajuntament.<\/li><\/ul>\n\n<h2 class=\"wp-block-heading\">5. Deduccions fiscals a l IRPF<\/h2>\n<p>Les obres i instal\u00b7lacions d adaptaci\u00f3 de l habitatge habitual per a persones amb discapacitat poden donar dret a deduccions a l IRPF.<\/p>\n\n<h2 class=\"wp-block-heading\">Com combinar les ajudes<\/h2>\n<ul class=\"wp-block-list\"><li>La <strong>PUA \u00e9s incompatible<\/strong> amb altres prestacions auton\u00f2miques per al mateix producte<\/li><li>La <strong>PUA \u00e9s compatible<\/strong> amb ajudes municipals i deduccions fiscals<\/li><li>La <strong>AHC \u00e9s compatible<\/strong> amb algunes ajudes municipals<\/li><\/ul>\n\n<h2 class=\"wp-block-heading\">Et ajudem amb tots els tr\u00e0mits<\/h2>\n<p>Com a empresa homologada, coneixem a fons tots els programes vigents. T oferim assessorament gratu\u00eft, documentaci\u00f3 t\u00e8cnica per als expedients, pressupost homologat i acompanyament durant tota la tramitaci\u00f3. Truca ns al <strong>609 314 500<\/strong>.<\/p>","protected":false},"excerpt":{"rendered":"<p>Les subvencions poden reduir significativament el cost d instal\u00b7laci\u00f3 d una cadira elevadora. A Catalunya, el panorama d ajudes per a 2026 mant\u00e9 diverses l\u00ednies actives. En aquesta guia completa t expliquem totes les subvencions disponibles, els requisits, els imports m\u00e0xims i com tramitar-les. 1. PUA \u2014 Prestaci\u00f3 Universal d Accessibilitat La PUA \u00e9s la [&hellip;]<\/p>\n","protected":false},"author":1,"featured_media":698,"comment_status":"open","ping_status":"open","sticky":false,"template":"","format":"standard","meta":{"footnotes":""},"categories":[1],"tags":[],"class_list":["post-3012","post","type-post","status-publish","format-standard","has-post-thumbnail","hentry","category-sin-categoria"],"yoast_head":"<!-- This site is optimized with the Yoast SEO Premium plugin v27.4 (Yoast SEO v27.4) - https:\/\/yoast.com\/product\/yoast-seo-premium-wordpress\/ -->\n<title>Subvencions Cadires Elevadores Catalunya 2026: Guia Completa - Sillas Elevadoras<\/title>\n<meta name=\"robots\" content=\"index, follow, max-snippet:-1, max-image-preview:large, max-video-preview:-1\" \/>\n<link rel=\"canonical\" href=\"https:\/\/sillaselevadoras.es\/ca\/2026\/04\/26\/subvencions-cadires-elevadores-catalunya-2026\/\" \/>\n<meta property=\"og:locale\" content=\"ca_ES\" \/>\n<meta property=\"og:type\" content=\"article\" \/>\n<meta property=\"og:title\" content=\"Subvencions Cadires Elevadores Catalunya 2026: Guia Completa\" \/>\n<meta property=\"og:description\" content=\"Les subvencions poden reduir significativament el cost d instal\u00b7laci\u00f3 d una cadira elevadora. A Catalunya, el panorama d ajudes per a 2026 mant\u00e9 diverses l\u00ednies actives. En aquesta guia completa t expliquem totes les subvencions disponibles, els requisits, els imports m\u00e0xims i com tramitar-les. 1. PUA \u2014 Prestaci\u00f3 Universal d Accessibilitat La PUA \u00e9s la [&hellip;]\" \/>\n<meta property=\"og:url\" content=\"https:\/\/sillaselevadoras.es\/ca\/2026\/04\/26\/subvencions-cadires-elevadores-catalunya-2026\/\" \/>\n<meta property=\"og:site_name\" content=\"Sillas Elevadoras\" \/>\n<meta property=\"article:published_time\" content=\"2026-04-26T20:55:27+00:00\" \/>\n<meta property=\"og:image\" content=\"https:\/\/sillaselevadoras.es\/wp-content\/uploads\/2024\/02\/salvaescaleras-homeglide-exterior-1.jpg\" \/>\n\t<meta property=\"og:image:width\" content=\"1200\" \/>\n\t<meta property=\"og:image:height\" content=\"800\" \/>\n\t<meta property=\"og:image:type\" content=\"image\/jpeg\" \/>\n<meta name=\"author\" content=\"sillaselevadoras.admin\" \/>\n<meta name=\"twitter:card\" content=\"summary_large_image\" \/>\n<meta name=\"twitter:label1\" content=\"Escrit per\" \/>\n\t<meta name=\"twitter:data1\" content=\"sillaselevadoras.admin\" \/>\n\t<meta name=\"twitter:label2\" content=\"Temps estimat de lectura\" \/>\n\t<meta name=\"twitter:data2\" content=\"2 minuts\" \/>\n<script type=\"application\/ld+json\" class=\"yoast-schema-graph\">{\"@context\":\"https:\\\/\\\/schema.org\",\"@graph\":[{\"@type\":\"Article\",\"@id\":\"https:\\\/\\\/sillaselevadoras.es\\\/2026\\\/04\\\/26\\\/subvencions-cadires-elevadores-catalunya-2026\\\/#article\",\"isPartOf\":{\"@id\":\"https:\\\/\\\/sillaselevadoras.es\\\/2026\\\/04\\\/26\\\/subvencions-cadires-elevadores-catalunya-2026\\\/\"},\"author\":{\"name\":\"sillaselevadoras.admin\",\"@id\":\"https:\\\/\\\/sillaselevadoras.es\\\/#\\\/schema\\\/person\\\/577a2a9891af4a1cd05d82d381d1594c\"},\"headline\":\"Subvencions Cadires Elevadores Catalunya 2026: Guia Completa\",\"datePublished\":\"2026-04-26T20:55:27+00:00\",\"mainEntityOfPage\":{\"@id\":\"https:\\\/\\\/sillaselevadoras.es\\\/2026\\\/04\\\/26\\\/subvencions-cadires-elevadores-catalunya-2026\\\/\"},\"wordCount\":385,\"commentCount\":0,\"publisher\":{\"@id\":\"https:\\\/\\\/sillaselevadoras.es\\\/#organization\"},\"image\":{\"@id\":\"https:\\\/\\\/sillaselevadoras.es\\\/2026\\\/04\\\/26\\\/subvencions-cadires-elevadores-catalunya-2026\\\/#primaryimage\"},\"thumbnailUrl\":\"https:\\\/\\\/sillaselevadoras.es\\\/wp-content\\\/uploads\\\/2024\\\/02\\\/salvaescaleras-homeglide-exterior-1.jpg\",\"articleSection\":[\"Sin categor\u00eda\"],\"inLanguage\":\"ca\",\"potentialAction\":[{\"@type\":\"CommentAction\",\"name\":\"Comment\",\"target\":[\"https:\\\/\\\/sillaselevadoras.es\\\/2026\\\/04\\\/26\\\/subvencions-cadires-elevadores-catalunya-2026\\\/#respond\"]}]},{\"@type\":\"WebPage\",\"@id\":\"https:\\\/\\\/sillaselevadoras.es\\\/2026\\\/04\\\/26\\\/subvencions-cadires-elevadores-catalunya-2026\\\/\",\"url\":\"https:\\\/\\\/sillaselevadoras.es\\\/2026\\\/04\\\/26\\\/subvencions-cadires-elevadores-catalunya-2026\\\/\",\"name\":\"Subvencions Cadires Elevadores Catalunya 2026: Guia Completa - Sillas Elevadoras\",\"isPartOf\":{\"@id\":\"https:\\\/\\\/sillaselevadoras.es\\\/#website\"},\"primaryImageOfPage\":{\"@id\":\"https:\\\/\\\/sillaselevadoras.es\\\/2026\\\/04\\\/26\\\/subvencions-cadires-elevadores-catalunya-2026\\\/#primaryimage\"},\"image\":{\"@id\":\"https:\\\/\\\/sillaselevadoras.es\\\/2026\\\/04\\\/26\\\/subvencions-cadires-elevadores-catalunya-2026\\\/#primaryimage\"},\"thumbnailUrl\":\"https:\\\/\\\/sillaselevadoras.es\\\/wp-content\\\/uploads\\\/2024\\\/02\\\/salvaescaleras-homeglide-exterior-1.jpg\",\"datePublished\":\"2026-04-26T20:55:27+00:00\",\"breadcrumb\":{\"@id\":\"https:\\\/\\\/sillaselevadoras.es\\\/2026\\\/04\\\/26\\\/subvencions-cadires-elevadores-catalunya-2026\\\/#breadcrumb\"},\"inLanguage\":\"ca\",\"potentialAction\":[{\"@type\":\"ReadAction\",\"target\":[\"https:\\\/\\\/sillaselevadoras.es\\\/2026\\\/04\\\/26\\\/subvencions-cadires-elevadores-catalunya-2026\\\/\"]}]},{\"@type\":\"ImageObject\",\"inLanguage\":\"ca\",\"@id\":\"https:\\\/\\\/sillaselevadoras.es\\\/2026\\\/04\\\/26\\\/subvencions-cadires-elevadores-catalunya-2026\\\/#primaryimage\",\"url\":\"https:\\\/\\\/sillaselevadoras.es\\\/wp-content\\\/uploads\\\/2024\\\/02\\\/salvaescaleras-homeglide-exterior-1.jpg\",\"contentUrl\":\"https:\\\/\\\/sillaselevadoras.es\\\/wp-content\\\/uploads\\\/2024\\\/02\\\/salvaescaleras-homeglide-exterior-1.jpg\",\"width\":1200,\"height\":800},{\"@type\":\"BreadcrumbList\",\"@id\":\"https:\\\/\\\/sillaselevadoras.es\\\/2026\\\/04\\\/26\\\/subvencions-cadires-elevadores-catalunya-2026\\\/#breadcrumb\",\"itemListElement\":[{\"@type\":\"ListItem\",\"position\":1,\"name\":\"Portada\",\"item\":\"https:\\\/\\\/sillaselevadoras.es\\\/\"},{\"@type\":\"ListItem\",\"position\":2,\"name\":\"Subvencions Cadires Elevadores Catalunya 2026: Guia Completa\"}]},{\"@type\":\"WebSite\",\"@id\":\"https:\\\/\\\/sillaselevadoras.es\\\/#website\",\"url\":\"https:\\\/\\\/sillaselevadoras.es\\\/\",\"name\":\"Sillas Elevadoras\",\"description\":\"Sillas salvaescaleras\",\"publisher\":{\"@id\":\"https:\\\/\\\/sillaselevadoras.es\\\/#organization\"},\"potentialAction\":[{\"@type\":\"SearchAction\",\"target\":{\"@type\":\"EntryPoint\",\"urlTemplate\":\"https:\\\/\\\/sillaselevadoras.es\\\/?s={search_term_string}\"},\"query-input\":{\"@type\":\"PropertyValueSpecification\",\"valueRequired\":true,\"valueName\":\"search_term_string\"}}],\"inLanguage\":\"ca\"},{\"@type\":\"Organization\",\"@id\":\"https:\\\/\\\/sillaselevadoras.es\\\/#organization\",\"name\":\"Sillas Elevadoras\",\"url\":\"https:\\\/\\\/sillaselevadoras.es\\\/\",\"logo\":{\"@type\":\"ImageObject\",\"inLanguage\":\"ca\",\"@id\":\"https:\\\/\\\/sillaselevadoras.es\\\/#\\\/schema\\\/logo\\\/image\\\/\",\"url\":\"https:\\\/\\\/sillaselevadoras.es\\\/wp-content\\\/uploads\\\/2023\\\/12\\\/Sillas-elevadoras-Logo-72-ppp-1.png\",\"contentUrl\":\"https:\\\/\\\/sillaselevadoras.es\\\/wp-content\\\/uploads\\\/2023\\\/12\\\/Sillas-elevadoras-Logo-72-ppp-1.png\",\"width\":842,\"height\":596,\"caption\":\"Sillas Elevadoras\"},\"image\":{\"@id\":\"https:\\\/\\\/sillaselevadoras.es\\\/#\\\/schema\\\/logo\\\/image\\\/\"}},{\"@type\":\"Person\",\"@id\":\"https:\\\/\\\/sillaselevadoras.es\\\/#\\\/schema\\\/person\\\/577a2a9891af4a1cd05d82d381d1594c\",\"name\":\"sillaselevadoras.admin\",\"image\":{\"@type\":\"ImageObject\",\"inLanguage\":\"ca\",\"@id\":\"https:\\\/\\\/secure.gravatar.com\\\/avatar\\\/73293cdd23bc37941e498cdc88f237186cdfd22662de151bbf8ca129daa80c9b?s=96&d=mm&r=g\",\"url\":\"https:\\\/\\\/secure.gravatar.com\\\/avatar\\\/73293cdd23bc37941e498cdc88f237186cdfd22662de151bbf8ca129daa80c9b?s=96&d=mm&r=g\",\"contentUrl\":\"https:\\\/\\\/secure.gravatar.com\\\/avatar\\\/73293cdd23bc37941e498cdc88f237186cdfd22662de151bbf8ca129daa80c9b?s=96&d=mm&r=g\",\"caption\":\"sillaselevadoras.admin\"},\"sameAs\":[\"https:\\\/\\\/sillaselevadoras.nytelweb.es\"],\"url\":\"https:\\\/\\\/sillaselevadoras.es\\\/ca\\\/author\\\/sillaselevadoras-admin\\\/\"}]}<\/script>\n<!-- \/ Yoast SEO Premium plugin. -->","yoast_head_json":{"title":"Subvencions Cadires Elevadores Catalunya 2026: Guia Completa - Sillas Elevadoras","robots":{"index":"index","follow":"follow","max-snippet":"max-snippet:-1","max-image-preview":"max-image-preview:large","max-video-preview":"max-video-preview:-1"},"canonical":"https:\/\/sillaselevadoras.es\/ca\/2026\/04\/26\/subvencions-cadires-elevadores-catalunya-2026\/","og_locale":"ca_ES","og_type":"article","og_title":"Subvencions Cadires Elevadores Catalunya 2026: Guia Completa","og_description":"Les subvencions poden reduir significativament el cost d instal\u00b7laci\u00f3 d una cadira elevadora. A Catalunya, el panorama d ajudes per a 2026 mant\u00e9 diverses l\u00ednies actives. En aquesta guia completa t expliquem totes les subvencions disponibles, els requisits, els imports m\u00e0xims i com tramitar-les. 1. PUA \u2014 Prestaci\u00f3 Universal d Accessibilitat La PUA \u00e9s la [&hellip;]","og_url":"https:\/\/sillaselevadoras.es\/ca\/2026\/04\/26\/subvencions-cadires-elevadores-catalunya-2026\/","og_site_name":"Sillas Elevadoras","article_published_time":"2026-04-26T20:55:27+00:00","og_image":[{"width":1200,"height":800,"url":"https:\/\/sillaselevadoras.es\/wp-content\/uploads\/2024\/02\/salvaescaleras-homeglide-exterior-1.jpg","type":"image\/jpeg"}],"author":"sillaselevadoras.admin","twitter_card":"summary_large_image","twitter_misc":{"Escrit per":"sillaselevadoras.admin","Temps estimat de lectura":"2 minuts"},"schema":{"@context":"https:\/\/schema.org","@graph":[{"@type":"Article","@id":"https:\/\/sillaselevadoras.es\/2026\/04\/26\/subvencions-cadires-elevadores-catalunya-2026\/#article","isPartOf":{"@id":"https:\/\/sillaselevadoras.es\/2026\/04\/26\/subvencions-cadires-elevadores-catalunya-2026\/"},"author":{"name":"sillaselevadoras.admin","@id":"https:\/\/sillaselevadoras.es\/#\/schema\/person\/577a2a9891af4a1cd05d82d381d1594c"},"headline":"Subvencions Cadires Elevadores Catalunya 2026: Guia Completa","datePublished":"2026-04-26T20:55:27+00:00","mainEntityOfPage":{"@id":"https:\/\/sillaselevadoras.es\/2026\/04\/26\/subvencions-cadires-elevadores-catalunya-2026\/"},"wordCount":385,"commentCount":0,"publisher":{"@id":"https:\/\/sillaselevadoras.es\/#organization"},"image":{"@id":"https:\/\/sillaselevadoras.es\/2026\/04\/26\/subvencions-cadires-elevadores-catalunya-2026\/#primaryimage"},"thumbnailUrl":"https:\/\/sillaselevadoras.es\/wp-content\/uploads\/2024\/02\/salvaescaleras-homeglide-exterior-1.jpg","articleSection":["Sin categor\u00eda"],"inLanguage":"ca","potentialAction":[{"@type":"CommentAction","name":"Comment","target":["https:\/\/sillaselevadoras.es\/2026\/04\/26\/subvencions-cadires-elevadores-catalunya-2026\/#respond"]}]},{"@type":"WebPage","@id":"https:\/\/sillaselevadoras.es\/2026\/04\/26\/subvencions-cadires-elevadores-catalunya-2026\/","url":"https:\/\/sillaselevadoras.es\/2026\/04\/26\/subvencions-cadires-elevadores-catalunya-2026\/","name":"Subvencions Cadires Elevadores Catalunya 2026: Guia Completa - Sillas Elevadoras","isPartOf":{"@id":"https:\/\/sillaselevadoras.es\/#website"},"primaryImageOfPage":{"@id":"https:\/\/sillaselevadoras.es\/2026\/04\/26\/subvencions-cadires-elevadores-catalunya-2026\/#primaryimage"},"image":{"@id":"https:\/\/sillaselevadoras.es\/2026\/04\/26\/subvencions-cadires-elevadores-catalunya-2026\/#primaryimage"},"thumbnailUrl":"https:\/\/sillaselevadoras.es\/wp-content\/uploads\/2024\/02\/salvaescaleras-homeglide-exterior-1.jpg","datePublished":"2026-04-26T20:55:27+00:00","breadcrumb":{"@id":"https:\/\/sillaselevadoras.es\/2026\/04\/26\/subvencions-cadires-elevadores-catalunya-2026\/#breadcrumb"},"inLanguage":"ca","potentialAction":[{"@type":"ReadAction","target":["https:\/\/sillaselevadoras.es\/2026\/04\/26\/subvencions-cadires-elevadores-catalunya-2026\/"]}]},{"@type":"ImageObject","inLanguage":"ca","@id":"https:\/\/sillaselevadoras.es\/2026\/04\/26\/subvencions-cadires-elevadores-catalunya-2026\/#primaryimage","url":"https:\/\/sillaselevadoras.es\/wp-content\/uploads\/2024\/02\/salvaescaleras-homeglide-exterior-1.jpg","contentUrl":"https:\/\/sillaselevadoras.es\/wp-content\/uploads\/2024\/02\/salvaescaleras-homeglide-exterior-1.jpg","width":1200,"height":800},{"@type":"BreadcrumbList","@id":"https:\/\/sillaselevadoras.es\/2026\/04\/26\/subvencions-cadires-elevadores-catalunya-2026\/#breadcrumb","itemListElement":[{"@type":"ListItem","position":1,"name":"Portada","item":"https:\/\/sillaselevadoras.es\/"},{"@type":"ListItem","position":2,"name":"Subvencions Cadires Elevadores Catalunya 2026: Guia Completa"}]},{"@type":"WebSite","@id":"https:\/\/sillaselevadoras.es\/#website","url":"https:\/\/sillaselevadoras.es\/","name":"Sillas Elevadoras","description":"Sillas salvaescaleras","publisher":{"@id":"https:\/\/sillaselevadoras.es\/#organization"},"potentialAction":[{"@type":"SearchAction","target":{"@type":"EntryPoint","urlTemplate":"https:\/\/sillaselevadoras.es\/?s={search_term_string}"},"query-input":{"@type":"PropertyValueSpecification","valueRequired":true,"valueName":"search_term_string"}}],"inLanguage":"ca"},{"@type":"Organization","@id":"https:\/\/sillaselevadoras.es\/#organization","name":"Sillas Elevadoras","url":"https:\/\/sillaselevadoras.es\/","logo":{"@type":"ImageObject","inLanguage":"ca","@id":"https:\/\/sillaselevadoras.es\/#\/schema\/logo\/image\/","url":"https:\/\/sillaselevadoras.es\/wp-content\/uploads\/2023\/12\/Sillas-elevadoras-Logo-72-ppp-1.png","contentUrl":"https:\/\/sillaselevadoras.es\/wp-content\/uploads\/2023\/12\/Sillas-elevadoras-Logo-72-ppp-1.png","width":842,"height":596,"caption":"Sillas Elevadoras"},"image":{"@id":"https:\/\/sillaselevadoras.es\/#\/schema\/logo\/image\/"}},{"@type":"Person","@id":"https:\/\/sillaselevadoras.es\/#\/schema\/person\/577a2a9891af4a1cd05d82d381d1594c","name":"sillaselevadoras.admin","image":{"@type":"ImageObject","inLanguage":"ca","@id":"https:\/\/secure.gravatar.com\/avatar\/73293cdd23bc37941e498cdc88f237186cdfd22662de151bbf8ca129daa80c9b?s=96&d=mm&r=g","url":"https:\/\/secure.gravatar.com\/avatar\/73293cdd23bc37941e498cdc88f237186cdfd22662de151bbf8ca129daa80c9b?s=96&d=mm&r=g","contentUrl":"https:\/\/secure.gravatar.com\/avatar\/73293cdd23bc37941e498cdc88f237186cdfd22662de151bbf8ca129daa80c9b?s=96&d=mm&r=g","caption":"sillaselevadoras.admin"},"sameAs":["https:\/\/sillaselevadoras.nytelweb.es"],"url":"https:\/\/sillaselevadoras.es\/ca\/author\/sillaselevadoras-admin\/"}]}},"_links":{"self":[{"href":"https:\/\/sillaselevadoras.es\/ca\/wp-json\/wp\/v2\/posts\/3012","targetHints":{"allow":["GET"]}}],"collection":[{"href":"https:\/\/sillaselevadoras.es\/ca\/wp-json\/wp\/v2\/posts"}],"about":[{"href":"https:\/\/sillaselevadoras.es\/ca\/wp-json\/wp\/v2\/types\/post"}],"author":[{"embeddable":true,"href":"https:\/\/sillaselevadoras.es\/ca\/wp-json\/wp\/v2\/users\/1"}],"replies":[{"embeddable":true,"href":"https:\/\/sillaselevadoras.es\/ca\/wp-json\/wp\/v2\/comments?post=3012"}],"version-history":[{"count":0,"href":"https:\/\/sillaselevadoras.es\/ca\/wp-json\/wp\/v2\/posts\/3012\/revisions"}],"wp:featuredmedia":[{"embeddable":true,"href":"https:\/\/sillaselevadoras.es\/ca\/wp-json\/wp\/v2\/media\/698"}],"wp:attachment":[{"href":"https:\/\/sillaselevadoras.es\/ca\/wp-json\/wp\/v2\/media?parent=3012"}],"wp:term":[{"taxonomy":"category","embeddable":true,"href":"https:\/\/sillaselevadoras.es\/ca\/wp-json\/wp\/v2\/categories?post=3012"},{"taxonomy":"post_tag","embeddable":true,"href":"https:\/\/sillaselevadoras.es\/ca\/wp-json\/wp\/v2\/tags?post=3012"}],"curies":[{"name":"wp","href":"https:\/\/api.w.org\/{rel}","templated":true}]}}